{"id":121682,"date":"2020-10-09T12:22:42","date_gmt":"2020-10-09T09:22:42","guid":{"rendered":"https:\/\/www.enerjigazetesi.ist\/?p=121682"},"modified":"2020-10-09T12:32:35","modified_gmt":"2020-10-09T09:32:35","slug":"tommy-hilfiger-gunes-enerjisi-ile-tum-enerji-ihtiyacini-karsiliyor","status":"publish","type":"post","link":"https:\/\/www.enerjigazetesi.ist\/en\/tommy-hilfiger-gunes-enerjisi-ile-tum-enerji-ihtiyacini-karsiliyor\/","title":{"rendered":"(Turkish) &#8217;Tommy Hilfiger&#8217; G\u00fcne\u015f Enerjisi ile T\u00fcm Enerji \u0130htiyac\u0131n\u0131 Kar\u015f\u0131l\u0131yor"},"content":{"rendered":"<p class=\"qtranxs-available-languages-message qtranxs-available-languages-message-en\">Sorry, this entry is only available in <a href=\"https:\/\/www.enerjigazetesi.ist\/tr\/wp-json\/wp\/v2\/posts\/121682\" class=\"qtranxs-available-language-link qtranxs-available-language-link-tr\" title=\"Turkish\">Turkish<\/a>. For the sake of viewer convenience, the content is shown below in the alternative language. You may click the link to switch the active language.<\/p><p><\/p>\n<h1><strong>Hollanda\u2019daki t\u00fcm PVH Avrupa binalar<\/strong><strong>\u0131<\/strong><strong>n<\/strong><strong>\u0131<\/strong><strong>n enerji ihtiyac<\/strong><strong>\u0131<\/strong><strong>n<\/strong><strong>\u0131<\/strong><strong> kar<\/strong><strong>\u015f\u0131<\/strong><strong>layan bu s<\/strong><strong>\u00fc<\/strong><strong>rd<\/strong><strong>\u00fc<\/strong><strong>r<\/strong><strong>\u00fc<\/strong><strong>lebilirlik ba<\/strong><strong>\u015f<\/strong><strong>ar<\/strong><strong>\u0131<\/strong><strong>s<\/strong><strong>\u0131<\/strong><strong>, PVH Corp.<\/strong><strong>\u2019<\/strong><strong>un 2030 y<\/strong><strong>\u0131<\/strong><strong>l<\/strong><strong>\u0131<\/strong><strong>na kadar elektri<\/strong><strong>\u011f<\/strong><strong>inin tamam<\/strong><strong>\u0131<\/strong><strong>n<\/strong><strong>\u0131<\/strong><strong> yenilenebilir kaynaklardan sa<\/strong><strong>\u011f<\/strong><strong>lama taahh<\/strong><strong>\u00fc<\/strong><strong>d<\/strong><strong>\u00fc<\/strong><strong>n<\/strong><strong>\u00fc<\/strong><strong>n bir par<\/strong><strong>\u00e7<\/strong><strong>as<\/strong><strong>\u0131<\/strong><strong>n<\/strong><strong>\u0131<\/strong><strong> olu<\/strong><strong>\u015f<\/strong><strong>turuyor. <\/strong><\/h1>\n<p><strong>PVH Avrupa<\/strong>, <strong>Hollanda<\/strong>\u2019n\u0131n <strong>Venlo<\/strong> kentinde bulunan, <strong>en ileri teknolojilerle <\/strong>donat\u0131lm\u0131\u015f <strong>Depo ve Lojistik Merkezi<\/strong>nde, halen \u00e7al\u0131\u015f\u0131r durumda olan ve d\u00fcnyan\u0131n en g\u00fc\u00e7l\u00fcs\u00fc* oldu\u011fu tahmin edilen <strong>g\u00fcne\u015f enerjili \u00e7at\u0131s\u0131n\u0131n kurulumu<\/strong>nun tamamland\u0131\u011f\u0131n\u0131 duyurdu.<\/p>\n<p>PVH Avrupa,<strong> PVH Corp.<\/strong> [NYSE: PVH] \u015firketlerinden Tommy Hilfiger\u2019\u0131n k\u00fcresel merkezi olman\u0131n yan\u0131 <img loading=\"lazy\" class=\"alignright wp-image-121684\" src=\"https:\/\/www.enerjigazetesi.ist\/wp-content\/uploads\/2020\/10\/tommy-hilfiger-gunes-enerjisi-ile-tum-enerji-ihtiyacini-karsiliyor-2.jpg\" alt=\"\" width=\"320\" height=\"210\" srcset=\"https:\/\/www.enerjigazetesi.ist\/wp-content\/uploads\/2020\/10\/tommy-hilfiger-gunes-enerjisi-ile-tum-enerji-ihtiyacini-karsiliyor-2.jpg 742w, https:\/\/www.enerjigazetesi.ist\/wp-content\/uploads\/2020\/10\/tommy-hilfiger-gunes-enerjisi-ile-tum-enerji-ihtiyacini-karsiliyor-2-300x197.jpg 300w, https:\/\/www.enerjigazetesi.ist\/wp-content\/uploads\/2020\/10\/tommy-hilfiger-gunes-enerjisi-ile-tum-enerji-ihtiyacini-karsiliyor-2-500x329.jpg 500w, https:\/\/www.enerjigazetesi.ist\/wp-content\/uploads\/2020\/10\/tommy-hilfiger-gunes-enerjisi-ile-tum-enerji-ihtiyacini-karsiliyor-2-76x50.jpg 76w\" sizes=\"(max-width: 320px) 100vw, 320px\" \/>s\u0131ra Calvin Klein\u2019in Avrupa ofislerinin genel merkezini de b\u00fcnyesinde bar\u0131nd\u0131r\u0131yor. Toplamda <strong>48.000\u2019den<\/strong> fazla<strong> g\u00fcne\u015f panelinden<\/strong> olu\u015fan \u00e7at\u0131, Depo ve Lojistik Merkezinin <strong>elektrik ayak izini<\/strong> kapsaman\u0131n yan\u0131 s\u0131ra <strong>Hollanda enerji a\u011f\u0131<\/strong> \u00fczerinden <strong>PVH Avrupa<\/strong>\u2019n\u0131n Hollanda\u2019daki <strong>depo, ofis<\/strong> ve <strong>ma\u011fazalar\u0131n\u0131n<\/strong> t\u00fcm elektrik ihtiyac\u0131n\u0131 da dolayl\u0131 olarak kar\u015f\u0131l\u0131yor.<\/p>\n<p>PVH Avrupa\u2019n\u0131n enerji orta\u011f\u0131 <strong>Eneco<\/strong>, bu binalar\u0131n ihtiya\u00e7 duydu\u011fu enerjinin tamam\u0131n\u0131n bu yeni <strong>g\u00fcne\u015f enerjili \u00e7at\u0131<\/strong> taraf\u0131ndan \u00fcretildi\u011fini belgeledi. Bel\u00e7ikal\u0131 lojistik ve gayrimenkul \u015firketi Heylen Warehouses\u2019un sahibi oldu\u011fu <strong>Venlo Depo<\/strong> ve <strong>Lojistik Merkezi<\/strong>ndeki teknik kurulum i\u015fleri <strong>IZEN<\/strong> taraf\u0131ndan \u00fcstlenildi.<\/p>\n<p>Bu proje, PVH\u2019in <strong>2030 y\u0131l\u0131na<\/strong> kadar t<strong>\u00fcm ofis, depo<\/strong> ve <strong>ma\u011fazalar\u0131n\u0131n<\/strong> ihtiyac\u0131 olan elektri\u011fin <strong>%100&#8217;\u00fcn\u00fc<\/strong> yenilenebilir kaynaklardan <strong>sa\u011flama<\/strong> ve<strong> tedarik zinciri<\/strong> genelinde <strong>karbon emisyonlar\u0131<\/strong>n\u0131 <strong>%30 azaltma<\/strong> yolculu\u011funda yeni bir kilometre ta\u015f\u0131n\u0131 olu\u015fturuyor. Bu \u00e7al\u0131\u015fma, ayr\u0131ca <strong>PVH<\/strong>\u2019in <strong>Paris S\u00f6zle\u015fmesi<\/strong>\u2019nde belirtilen<strong> en iddial\u0131 karbon s\u0131f\u0131rlama seviyeleri<\/strong>yle uyumlu <strong>bilimsel temelli emisyon hedefleri<\/strong>yle de ba\u011flant\u0131l\u0131. Ayn\u0131 zamanda, \u015firketin <strong>negatif \u00e7evresel etkisi<\/strong>ni s\u0131f\u0131ra indirgemeyi, <strong>pozitif \u00e7evresel<\/strong> etkisini <strong>%100\u2019e<\/strong> \u00e7\u0131karmay\u0131 ve de\u011fer zincirinin etkiledi\u011fi <strong>1 milyondan fazla insan\u0131n<\/strong> hayat\u0131n\u0131 iyile\u015ftirmeyi ama\u00e7layan <strong><em>Forward Fashion<\/em><\/strong> kurumsal sorumluluk stratejisindeki \u00f6ncelikler aras\u0131nda yer al\u0131yor.<\/p>\n<p><strong>Ba<\/strong><strong>\u015f<\/strong><strong>l<\/strong><strong>\u0131<\/strong><strong>ca <span style=\"text-decoration: underline;\">Veriler ise \u015eu \u015eekildedir:<\/span><\/strong><\/p>\n<p>&#8211; Venlo\u2019daki <strong>110.000 m<sup>2<\/sup><\/strong>&#8216;lik depo, PVH Avrupa&#8217;n\u0131n ana da\u011f\u0131t\u0131m merkezi<\/p>\n<p>&#8211; <strong>Bina, BREEAM<\/strong> (Bina Ara\u015ft\u0131rma Kurulu\u015fu \u00c7evresel De\u011ferlendirme Metodu) taraf\u0131ndan s\u00fcrd\u00fcr\u00fclebilirlikte \u201c\u00c7ok \u0130yi\u201d derecelendirmesine sahip<\/p>\n<p>&#8211; <strong>18 MWp<\/strong> (Mega Watt tepe noktas\u0131) \u00fcretme kapasitesiyle d\u00fcnyan\u0131n en g\u00fc\u00e7l\u00fc <strong>g\u00fcne\u015f enerjili \u00e7at\u0131s\u0131<\/strong><\/p>\n<p>&#8211; <strong>48.000\u2019den<\/strong> fazla y\u00fcksek performansl\u0131 <strong>g\u00fcne\u015f paneli<\/strong><\/p>\n<p>&#8211; <strong>PVH Avrupa<\/strong>\u2019n\u0131n Hollanda&#8217;da sahip oldu\u011fu <strong>t\u00fcm ma\u011faza<\/strong>, <strong>depo<\/strong> ve <strong>ofislerin<\/strong> enerji ihtiyac\u0131n\u0131 kar\u015f\u0131l\u0131yor<\/p>\n<p><strong>Tommy Hilfiger Global<\/strong> and <strong>PVH Avrupa CEO<\/strong>\u2019su <strong>Martijn Hagman<\/strong> konuyla ilgili; \u201cBu projenin tamamlanmas\u0131, hem <strong>Venlo<\/strong>&#8216;daki<strong> Depo<\/strong> ve <strong>Lojistik Merkezi<\/strong>miz hem PVH Avrupa&#8217;n\u0131n s\u00fcrd\u00fcr\u00fclebilirlik yolculu\u011fu a\u00e7\u0131s\u0131ndan inan\u0131lmaz bir kilometre ta\u015f\u0131 oldu. Halen tamam\u0131yla <strong>\u00e7al\u0131\u015f\u0131r durumda<\/strong> olan ve d\u00fcnyan\u0131n en g\u00fc\u00e7l\u00fc <strong>g\u00fcne\u015f enerjili \u00e7at\u0131s\u0131<\/strong> oldu\u011funa inand\u0131\u011f\u0131m\u0131z bu \u00e7at\u0131n\u0131n kurulumuna biz de kat\u0131ld\u0131k.<\/p>\n<p>Bu proje, <strong>2030 y\u0131l\u0131na<\/strong> kadar <strong>%100 yenilenebilir elektri\u011fe<\/strong> ge\u00e7me ve tedarik zinciri genelinde emisyonlar\u0131 <strong>%30 azaltma<\/strong> taahh\u00fcd\u00fcm\u00fczde b\u00fcy\u00fck bir ad\u0131m\u0131 temsil ediyor. Bu ba\u015far\u0131y\u0131 m\u00fcthi\u015f yetenekli, tutkulu ve kararl\u0131 <strong>PVH \u00e7al\u0131\u015fanlar\u0131ndan<\/strong> olu\u015fan, alanlar\u0131n\u0131n en iyisi bir ekip sayesinde elde ettik.\u201d<\/p>\n<p>PVH Avrupa\u2019n\u0131n Venlo\u2019daki Depo ve Lojistik Merkezinden her g\u00fcn <strong>600.000 adede<\/strong> kadar <em>TOMMY HILFIGER<\/em> ve <em>CALVIN KLEIN<\/em> \u00fcr\u00fcn\u00fc Avrupa, Orta Do\u011fu ve Afrika\u2019daki kendi ma\u011fazalar\u0131 ve bayiler dahil sat\u0131\u015f noktalar\u0131na ve do\u011frudan m\u00fc\u015fterilere sevk ediliyor. Deponun <strong>BREEAM<\/strong> taraf\u0131ndan \u201c\u00c7ok \u0130yi\u201d derecelendirmesine lay\u0131k bulunmas\u0131 da <strong>enerji, su, ta\u015f\u0131ma, malzeme, at\u0131k, kirlilik, ekoloji, sa\u011fl\u0131k<\/strong> ve <strong>sa\u011fl\u0131kl\u0131 ya\u015fam<\/strong> i\u00e7in \u00f6rnek standartlara sahip olmas\u0131 anlam\u0131na geliyor. Tesisin tamam\u0131nda <strong>enerji verimli ayd\u0131nlatma armat\u00fcrleri<\/strong> ve<strong> %100<\/strong> FSC (Forest Stewardship Council \u2013 Orman Koruyuculu\u011fu Konseyi) <strong>sertifikal\u0131 ambalaj kullan\u0131lmas\u0131<\/strong>, ayr\u0131ca <strong>t\u00fcm karton, plastik ve bas\u0131l\u0131 malzemenin<\/strong> <strong>%100 geri d\u00f6n\u00fc\u015ft\u00fcr\u00fclmesi<\/strong>, <strong>s\u00fcrd\u00fcr\u00fclebilir uygulamalar\u0131n<\/strong> ne kadar kapsaml\u0131 oldu\u011funu ortaya koyuyor.<\/p>\n<p><em><strong>Climate Group<\/strong> liderli<\/em><em>\u011f<\/em><em>indeki kurumsal yenilenebilir enerji giri<\/em><em>\u015f<\/em><em>imi <strong>RE100<\/strong><\/em><strong><em>\u2019\u00fc<\/em><\/strong><em><strong>n<\/strong> bir <\/em><em>\u00fc<\/em><em>yesi olan <strong>PVH<\/strong>, <strong>2030 y<\/strong><\/em><strong><em>\u0131<\/em><em>l<\/em><em>\u0131<\/em><\/strong><em><strong>na<\/strong> kadar elektri<\/em><em>\u011f<\/em><em>inin<strong> %100<\/strong><\/em><strong><em>\u2019\u00fc<\/em><em>n<\/em><em>\u00fc<\/em><\/strong><em> yenilenebilir kaynaklardan sa<\/em><em>\u011f<\/em><em>lamay<\/em><em>\u0131<\/em><strong><em> RE100<\/em><em>\u2019<\/em><\/strong><em><strong>e<\/strong> taahh<\/em><em>\u00fc<\/em><em>t ediyor. <\/em><\/p>\n<p><strong>Climate Group<\/strong> liderli\u011findek<strong>i <em>RE100<\/em> giri\u015fiminin<\/strong> y\u00f6neticisi <strong>Sam Kimmins<\/strong>, \u015f\u00f6yle konu\u015ftu: \u201cVenlo\u2019daki <strong>g\u00fcne\u015f enerjili \u00e7at\u0131n\u0131n kurulumu<\/strong>nu tamamlad\u0131\u011f\u0131 i\u00e7in <strong>PVH<\/strong>\u2019i kutluyorum. PVH\u2019in k\u00fcresel \u00f6l\u00e7ekli \u00e7al\u0131\u015fmalar\u0131nda ve <strong>2025 RE100 hedeflerine<\/strong> ba\u011fl\u0131l\u0131\u011f\u0131nda heyecan verici bir ad\u0131m niteli\u011findeki bu proje, yerinde <strong>yenilenebilir enerji uygulamalar\u0131<\/strong>n\u0131n \u00e7\u0131tas\u0131n\u0131 bir kez daha y\u00fckseltiyor.\u201d<\/p>\n<p><strong>Heylen Warehouses<\/strong> CEO\u2019su <strong>Philippe Deschilder<\/strong> de \u015funlar\u0131 dile getirdi: <em>\u201c<\/em>Lojistik tesislerin <strong>g\u00fcne\u015f enerjisi santralleri<\/strong>nin yeni nesli olaca\u011f\u0131na inan\u0131yoruz. <strong>G\u00fcne\u015f enerjili \u00e7at\u0131 projesi<\/strong> i\u00e7in PVH Avrupa ile birlikte \u00e7al\u0131\u015fmak, <strong>yenilenebilir enerjiye yat\u0131r\u0131m<\/strong> yapma hedefimizi desteklemenin yan\u0131 s\u0131ra m\u00fc\u015fterilerimizin <strong>karbon ayak izini azaltmalar\u0131<\/strong>n\u0131 sa\u011flayarak katma de\u011fer yarat\u0131yor.\u201d<\/p>","protected":false},"excerpt":{"rendered":"<p>Sorry, this entry is only available in Turkish. For the sake of viewer convenience, the content is shown below in the alternative language. You may click the link to switch the active language. Hollanda\u2019daki t\u00fcm PVH Avrupa binalar\u0131n\u0131n enerji ihtiyac\u0131n\u0131 kar\u015f\u0131layan bu s\u00fcrd\u00fcr\u00fclebilirlik ba\u015far\u0131s\u0131, PVH Corp.\u2019un 2030 y\u0131l\u0131na kadar elektri\u011finin tamam\u0131n\u0131 yenilenebilir kaynaklardan sa\u011flama taahh\u00fcd\u00fcn\u00fcn [&hellip;]<\/p>\n","protected":false},"author":1,"featured_media":121685,"comment_status":"open","ping_status":"open","sticky":false,"template":"","format":"standard","meta":[],"categories":[51,53,49],"tags":[21604,5070,52259,80682,80685,53157,80686,80684,80687,80681,77307,57125,80683,18544],"views":230,"_links":{"self":[{"href":"https:\/\/www.enerjigazetesi.ist\/en\/wp-json\/wp\/v2\/posts\/121682"}],"collection":[{"href":"https:\/\/www.enerjigazetesi.ist\/en\/wp-json\/wp\/v2\/posts"}],"about":[{"href":"https:\/\/www.enerjigazetesi.ist\/en\/wp-json\/wp\/v2\/types\/post"}],"author":[{"embeddable":true,"href":"https:\/\/www.enerjigazetesi.ist\/en\/wp-json\/wp\/v2\/users\/1"}],"replies":[{"embeddable":true,"href":"https:\/\/www.enerjigazetesi.ist\/en\/wp-json\/wp\/v2\/comments?post=121682"}],"version-history":[{"count":0,"href":"https:\/\/www.enerjigazetesi.ist\/en\/wp-json\/wp\/v2\/posts\/121682\/revisions"}],"wp:featuredmedia":[{"embeddable":true,"href":"https:\/\/www.enerjigazetesi.ist\/en\/wp-json\/wp\/v2\/media\/121685"}],"wp:attachment":[{"href":"https:\/\/www.enerjigazetesi.ist\/en\/wp-json\/wp\/v2\/media?parent=121682"}],"wp:term":[{"taxonomy":"category","embeddable":true,"href":"https:\/\/www.enerjigazetesi.ist\/en\/wp-json\/wp\/v2\/categories?post=121682"},{"taxonomy":"post_tag","embeddable":true,"href":"https:\/\/www.enerjigazetesi.ist\/en\/wp-json\/wp\/v2\/tags?post=121682"}],"curies":[{"name":"wp","href":"https:\/\/api.w.org\/{rel}","templated":true}]}}