{"id":121575,"date":"2020-10-07T12:15:13","date_gmt":"2020-10-07T09:15:13","guid":{"rendered":"https:\/\/www.enerjigazetesi.ist\/?p=121575"},"modified":"2020-10-07T12:15:34","modified_gmt":"2020-10-07T09:15:34","slug":"dunya-konut-gununde-izocam-yalitimin-onemine-dikkat-cekti","status":"publish","type":"post","link":"https:\/\/www.enerjigazetesi.ist\/en\/dunya-konut-gununde-izocam-yalitimin-onemine-dikkat-cekti\/","title":{"rendered":"(Turkish) D\u00fcnya Konut G\u00fcn\u00fc&#8217;nde &#8216;\u0130zocam&#8217; Yal\u0131t\u0131m\u0131n \u00d6nemine Dikkat \u00c7ekti"},"content":{"rendered":"<p class=\"qtranxs-available-languages-message qtranxs-available-languages-message-en\">Sorry, this entry is only available in <a href=\"https:\/\/www.enerjigazetesi.ist\/tr\/wp-json\/wp\/v2\/posts\/121575\" class=\"qtranxs-available-language-link qtranxs-available-language-link-tr\" title=\"Turkish\">Turkish<\/a>. For the sake of viewer convenience, the content is shown below in the alternative language. You may click the link to switch the active language.<\/p><p><\/p>\n<h1>\u0130zocam Genel Direkt\u00f6r\u00fc Murat Savc\u0131; bir konuttaki konforu ve o evin de\u011ferini belirleyen en \u00f6nemli unsur evin iyi bir yal\u0131t\u0131ma sahip olup olmad\u0131\u011f\u0131n\u0131 ifade ediyor. Do\u011fru malzemelerle ve iyi bir uygulama ile \u0131s\u0131, ses yal\u0131t\u0131m\u0131 ile yang\u0131n g\u00fcvenli\u011finin yap\u0131lmas\u0131n\u0131n konutta uzun s\u00fcreli konfor, ya\u015fam ortam\u0131nda kalite ve enerji tasarrufu sa\u011flad\u0131\u011f\u0131na dikkat \u00e7ekiyor.<\/h1>\n<p><strong>Birle\u015fmi\u015f Milletler Genel Kurulu<\/strong>&#8216;nun <strong>1985 y\u0131l\u0131nda<\/strong> ald\u0131\u011f\u0131 bir kararla her y\u0131l Ekim ay\u0131nda <strong>&#8221;D\u00fcnya Konut G\u00fcn\u00fc&#8221;<\/strong>, h\u00fck\u00fcmetlere, yerel y\u00f6netimlere ve genel olarak kamuoyuna, insanlar\u0131n daha konforlu alanlarda ya\u015famlar\u0131 i\u00e7in gerekli \u015fartlar\u0131 sa\u011flaman\u0131n <strong>acil bir sorun oldu\u011funu<\/strong> hat\u0131rlatmak amac\u0131yla <img loading=\"lazy\" class=\"alignright wp-image-121577\" src=\"https:\/\/www.enerjigazetesi.ist\/wp-content\/uploads\/2020\/10\/dunya-konut-gununde-izocam-yalitimin-onemine-dikkat-cekti-2.jpg\" alt=\"\" width=\"320\" height=\"213\" srcset=\"https:\/\/www.enerjigazetesi.ist\/wp-content\/uploads\/2020\/10\/dunya-konut-gununde-izocam-yalitimin-onemine-dikkat-cekti-2.jpg 732w, https:\/\/www.enerjigazetesi.ist\/wp-content\/uploads\/2020\/10\/dunya-konut-gununde-izocam-yalitimin-onemine-dikkat-cekti-2-300x200.jpg 300w, https:\/\/www.enerjigazetesi.ist\/wp-content\/uploads\/2020\/10\/dunya-konut-gununde-izocam-yalitimin-onemine-dikkat-cekti-2-500x333.jpg 500w, https:\/\/www.enerjigazetesi.ist\/wp-content\/uploads\/2020\/10\/dunya-konut-gununde-izocam-yalitimin-onemine-dikkat-cekti-2-75x50.jpg 75w, https:\/\/www.enerjigazetesi.ist\/wp-content\/uploads\/2020\/10\/dunya-konut-gununde-izocam-yalitimin-onemine-dikkat-cekti-2-450x300.jpg 450w\" sizes=\"(max-width: 320px) 100vw, 320px\" \/>kutlan\u0131yor. <strong>D\u00fcnya Konut G\u00fcn\u00fc\u2019nde<\/strong> \u0130zocam, yal\u0131t\u0131m\u0131n konutlar\u0131n konforu ve de\u011feri \u00fczerindeki etkilerine vurgu yap\u0131yor.<\/p>\n<p>\u00c7o\u011fu insan bir <strong>konutun konforunu<\/strong> ve dolay\u0131s\u0131yla da de\u011ferini belirlerken, o evin ka\u00e7 odas\u0131 oldu\u011fu, merkezi bir konuma sahip olup olmad\u0131\u011f\u0131, mutfak ve banyosunda kullan\u0131lan malzemelerin estetik duru\u015fu gibi g\u00f6r\u00fcn\u00fcr kriterleri g\u00f6z \u00f6n\u00fcnde bulundurarak bir de\u011ferlendirme yapt\u0131\u011f\u0131n\u0131 belirten \u0130zocam Genel Direkt\u00f6r\u00fc Murat Savc\u0131, konuyla ilgili <span style=\"text-decoration: underline;\">\u015funlar\u0131 dile getirdi;<\/span><\/p>\n<p>\u201cOysa bir evdeki konforu ve o evin de\u011ferini belirleyen en \u00f6nemli unsur evin iyi bir yal\u0131t\u0131ma sahip olup olmad\u0131\u011f\u0131d\u0131r. Do\u011fru malzemelerle ve iyi bir uygulama ile yap\u0131lan <strong>\u0131s\u0131, ses yal\u0131t\u0131m\u0131 ve yang\u0131n g\u00fcvenli\u011fi<\/strong>nin sa\u011flanmas\u0131 <strong>uzun s\u00fcreli konfor<\/strong>, ya\u015fam ortam\u0131nda<strong> kalite<\/strong> ve <strong>enerji tasarrufu<\/strong> sa\u011flar.<\/p>\n<p><strong>1 Ocak\u2019ta<\/strong> y\u00fcr\u00fcrl\u00fc\u011fe girmi\u015f olan <strong>Enerji Kimlik Belgesi zorunlulu\u011fu<\/strong> binalar\u0131n \u0131s\u0131 yal\u0131t\u0131m\u0131 a\u00e7\u0131s\u0131ndan de\u011ferinin belirlenmesini daha da g\u00f6r\u00fcn\u00fcr k\u0131ld\u0131. <strong>EKB\u2019nin<\/strong> binalar\u0131n al\u0131nmas\u0131, sat\u0131lmas\u0131 hatta kiralanmas\u0131 s\u0131ras\u0131nda ibraz edilmesi gerekti\u011fini art\u0131k biliyoruz. Yeni binalarda EKB s\u0131n\u0131f\u0131n\u0131n en d\u00fc\u015f\u00fck <strong>C s\u0131n\u0131f\u0131 olmas\u0131<\/strong> bekleniyor, \u0131s\u0131 yal\u0131t\u0131m\u0131 standartlar\u0131na g\u00f6re in\u015fa edilmeyen ve Enerji Kimlik Belgesi C\u2019den d\u00fc\u015f\u00fck olan yeni binalar <strong>art\u0131k ruhsat alam\u0131yor<\/strong>. EKB sadece yeni binalar i\u00e7in de\u011fil, eski binalar i\u00e7in de g\u00f6z \u00f6n\u00fcne al\u0131nmas\u0131 gereken bir konu. Eski binalar\u0131n tadilat\u0131 s\u0131ras\u0131nda <strong>\u0131s\u0131 yal\u0131t\u0131m\u0131<\/strong> g\u00f6z \u00f6n\u00fcne al\u0131n\u0131rsa, hem <strong>EKB s\u0131n\u0131f\u0131 y\u00fckseltilebilir<\/strong> ve<strong> konut de\u011feri artar<\/strong>; hem de buradaki hane halk\u0131 i\u00e7in <strong>do\u011falgaz faturalar\u0131<\/strong>nda <strong>% 60<\/strong>\u2019\u0131n \u00fczerinde bir tasarruf sa\u011flam\u0131\u015f olur.\u201d<\/p>\n<p>Bir konutta ya\u015fam konforunu belirleyen en \u00f6nemli unsurlar\u0131n <strong>do\u011fru yal\u0131t\u0131mla<\/strong> do\u011fru \u0131s\u0131l de\u011ferlere ula\u015fmak oldu\u011funu kaydeden Savc\u0131, \u201c<strong>Do\u011fru yal\u0131t\u0131m; \u0131s\u0131 yal\u0131t\u0131m\u0131<\/strong> yap\u0131l\u0131rken, binalar\u0131n <strong>yang\u0131n riski<\/strong> ve <strong>yan\u0131c\u0131l\u0131k y\u00fck\u00fc de<\/strong> g\u00f6z \u00f6n\u00fcne al\u0131narak uygun malzeme ve kal\u0131nl\u0131kta, y\u00f6netmeliklerin belirtti\u011fi \u015fekilde yal\u0131t\u0131m uygulamas\u0131n\u0131n yap\u0131lmas\u0131n\u0131 ifade eder. Do\u011fru yal\u0131t\u0131m konutun de\u011ferini artt\u0131r\u0131rken, \u00fclke ekonomisine de katk\u0131 sunar. T\u00fcrkiye\u2019de<strong> 2019 y\u0131l\u0131nda<\/strong> enerji ithalat\u0131 <strong>41,2 milyar dolar<\/strong> ile <strong>202,7 milyar dolarl\u0131k<\/strong> toplam ithalat\u0131n <strong>%20,3\u2019\u00fcn\u00fc<\/strong> olu\u015fturdu. <strong>Son 10 y\u0131lda<\/strong> toplam enerji ithalat\u0131m\u0131z\u0131n \u00fclke ekonomisine maliyeti <strong>450 milyar dolar\u0131n<\/strong> \u00fczerinde&#8230; T\u00fcketti\u011fimiz enerjinin yakla\u015f\u0131k <strong>d\u00f6rtte \u00fc\u00e7\u00fcn\u00fc d\u0131\u015far\u0131dan<\/strong> ithal ediyoruz. Bu d\u00fczeyiyle <strong>enerji ithalat\u0131<\/strong>, d\u0131\u015f ticaret a\u00e7\u0131\u011f\u0131m\u0131z\u0131n en \u00f6nemli k\u0131sm\u0131n\u0131 olu\u015fturuyor. Cari a\u00e7\u0131\u011f\u0131 daha d\u00fc\u015f\u00fck seviyelere indirmek ve <strong>enerjide d\u0131\u015fa ba\u011f\u0131ml\u0131l\u0131\u011f\u0131m\u0131z\u0131 azaltmak<\/strong> i\u00e7in <strong>enerji verimlili\u011fi<\/strong> ve <strong>iyi yal\u0131t\u0131m uygulamalar\u0131<\/strong> \u015fart. Bu da gelecekte daha \u00e7ok<strong> \u0131s\u0131 yal\u0131t\u0131m\u0131<\/strong> yapaca\u011f\u0131m\u0131z anlam\u0131na geliyor\u201d dedi.<\/p>\n<p>Savc\u0131, yal\u0131t\u0131m\u0131n konutlar\u0131n de\u011feri \u00fczerindeki etkisinin sadece <strong>\u0131s\u0131 yal\u0131t\u0131m\u0131<\/strong> ve<strong> enerji tasarrufu<\/strong> ile s\u0131n\u0131rl\u0131 olmad\u0131\u011f\u0131n\u0131 da ifade etti. <strong>Ses yal\u0131t\u0131m\u0131, akustik konfor<\/strong> ve <strong>yang\u0131n g\u00fcvenli\u011fi<\/strong> g\u00f6z \u00f6n\u00fcnde bulundurularak yal\u0131t\u0131lm\u0131\u015f bir evin, bu evde ya\u015fayanlara sa\u011fl\u0131kl\u0131 ve g\u00fcvenli bir ya\u015fam alan\u0131 sundu\u011funa dikkat \u00e7ekti ve \u201c\u00d6zellikle <strong>ses yal\u0131t\u0131m\u0131<\/strong>, g\u00fcn\u00fcm\u00fczde konutlar\u0131n de\u011ferini belirleyen temel unsurlar aras\u0131nda yer al\u0131yor. \u015eehir g\u00fcr\u00fclt\u00fcs\u00fcn\u00fcn yaratt\u0131\u011f\u0131 <strong>stresten uzak durmak<\/strong> i\u00e7in g\u00fcr\u00fclt\u00fcy\u00fc \u00e7ok\u00e7a zaman ge\u00e7irilen ya\u015fam alanlar\u0131ndan uzak tutmak gerekiyor. Geli\u015fmi\u015f \u015fehirlerde insanlar zaman\u0131n\u0131n <strong>%90<\/strong>\u2019\u0131n\u0131 kapal\u0131 alanlarda ge\u00e7iriyor. \u00d6zellikle evlerde <strong>kom\u015fu<\/strong> ve <strong>sokak g\u00fcr\u00fclt\u00fcs\u00fcnden korunmak<\/strong>, sessiz ya\u015fam ortamlar\u0131 sa\u011flayabilmek g\u00fcn\u00fcm\u00fczde art\u0131k <strong>Multi Konfor Bina \u015fartlar\u0131yla<\/strong> m\u00fcmk\u00fcn olabiliyor. <strong>Multi Konfor Binalarda<\/strong> sessizli\u011fe ula\u015fmak i\u00e7in d\u0131\u015f cephe yal\u0131t\u0131m\u0131yla birlikte duvarlar\u0131n i\u00e7 y\u00fczeylerinde, ara b\u00f6lmelerde ve katlar aras\u0131nda <strong>do\u011fru kal\u0131nl\u0131kta yal\u0131t\u0131m uygulanmalar\u0131<\/strong> yap\u0131larak, g\u00fcr\u00fclt\u00fcn\u00fcn \u00f6n\u00fcne ge\u00e7iliyor ve konut i\u00e7inde akustik konfor sa\u011flanabiliyor. Bu binalarda<strong> ses yutuculuk<\/strong> \u00f6zelli\u011fi y\u00fcksek olan <strong>ta\u015fy\u00fcn\u00fc<\/strong> ve<strong> camy\u00fcn\u00fc \u00fcr\u00fcnler<\/strong> tercih ediliyor. K\u0131sacas\u0131, g\u00fcn\u00fcm\u00fczde sa\u011fl\u0131kl\u0131 ya\u015fam alanlar\u0131 ve <strong>konfor bireylerin<\/strong> \u00f6ncelikleri aras\u0131nda yer al\u0131yor; bu da <strong>konutlar\u0131n de\u011ferinin belirlenmesinde<\/strong> b\u00fcy\u00fck rol oynuyor. Multi Konfor Bina \u015fartlar\u0131na yak\u0131n <strong>yal\u0131t\u0131lm\u0131\u015f konutlar<\/strong> ise de\u011fer yar\u0131\u015f\u0131nda \u00f6n s\u0131rada yer al\u0131yor\u201d \u015feklinde konu\u015ftu.<\/p>","protected":false},"excerpt":{"rendered":"<p>Sorry, this entry is only available in Turkish. For the sake of viewer convenience, the content is shown below in the alternative language. You may click the link to switch the active language. \u0130zocam Genel Direkt\u00f6r\u00fc Murat Savc\u0131; bir konuttaki konforu ve o evin de\u011ferini belirleyen en \u00f6nemli unsur evin iyi bir yal\u0131t\u0131ma sahip olup [&hellip;]<\/p>\n","protected":false},"author":1,"featured_media":121578,"comment_status":"open","ping_status":"open","sticky":false,"template":"","format":"standard","meta":[],"categories":[53,52],"tags":[714,26437,32111,52259,49436,58103,80451,80450,80589,41075,66552],"views":96,"_links":{"self":[{"href":"https:\/\/www.enerjigazetesi.ist\/en\/wp-json\/wp\/v2\/posts\/121575"}],"collection":[{"href":"https:\/\/www.enerjigazetesi.ist\/en\/wp-json\/wp\/v2\/posts"}],"about":[{"href":"https:\/\/www.enerjigazetesi.ist\/en\/wp-json\/wp\/v2\/types\/post"}],"author":[{"embeddable":true,"href":"https:\/\/www.enerjigazetesi.ist\/en\/wp-json\/wp\/v2\/users\/1"}],"replies":[{"embeddable":true,"href":"https:\/\/www.enerjigazetesi.ist\/en\/wp-json\/wp\/v2\/comments?post=121575"}],"version-history":[{"count":0,"href":"https:\/\/www.enerjigazetesi.ist\/en\/wp-json\/wp\/v2\/posts\/121575\/revisions"}],"wp:featuredmedia":[{"embeddable":true,"href":"https:\/\/www.enerjigazetesi.ist\/en\/wp-json\/wp\/v2\/media\/121578"}],"wp:attachment":[{"href":"https:\/\/www.enerjigazetesi.ist\/en\/wp-json\/wp\/v2\/media?parent=121575"}],"wp:term":[{"taxonomy":"category","embeddable":true,"href":"https:\/\/www.enerjigazetesi.ist\/en\/wp-json\/wp\/v2\/categories?post=121575"},{"taxonomy":"post_tag","embeddable":true,"href":"https:\/\/www.enerjigazetesi.ist\/en\/wp-json\/wp\/v2\/tags?post=121575"}],"curies":[{"name":"wp","href":"https:\/\/api.w.org\/{rel}","templated":true}]}}