{"id":121525,"date":"2020-10-06T11:34:54","date_gmt":"2020-10-06T08:34:54","guid":{"rendered":"https:\/\/www.enerjigazetesi.ist\/?p=121525"},"modified":"2020-10-06T11:39:27","modified_gmt":"2020-10-06T08:39:27","slug":"ibb-atik-yakma-ve-enerji-uretim-tesisi-nin-taze-havasi-form-dan","status":"publish","type":"post","link":"https:\/\/www.enerjigazetesi.ist\/en\/ibb-atik-yakma-ve-enerji-uretim-tesisi-nin-taze-havasi-form-dan\/","title":{"rendered":"(Turkish) \u0130BB At\u0131k Yakma ve Enerji \u00dcretim Tesisi\u2019nin Taze Havas\u0131 Form\u2019dan!"},"content":{"rendered":"<p class=\"qtranxs-available-languages-message qtranxs-available-languages-message-en\">Sorry, this entry is only available in <a href=\"https:\/\/www.enerjigazetesi.ist\/tr\/wp-json\/wp\/v2\/posts\/121525\" class=\"qtranxs-available-language-link qtranxs-available-language-link-tr\" title=\"Turkish\">Turkish<\/a>. For the sake of viewer convenience, the content is shown below in the alternative language. You may click the link to switch the active language.<\/p><p><\/p>\n<h1>Form End\u00fcstri Tesisleri, T\u00fcrkiye\u2019nin ilk ve Avrupa\u2019n\u0131n en b\u00fcy\u00fck evsel at\u0131k yakma tesisinin do\u011fal havaland\u0131rma ihtiyac\u0131n\u0131 <strong>Roda Airstar<\/strong> ile kar\u015f\u0131layacak. \u0130stanbul B\u00fcy\u00fck\u015fehir Belediyesi taraf\u0131ndan hayata ge\u00e7irilen bu e\u015fsiz At\u0131k Yakma ve Enerji \u00dcretim Tesisi\u2019nin havas\u0131, Alman teknolojisine sahip Roda markas\u0131n\u0131n Airstar do\u011fal havaland\u0131rma \u00fcniteleri ile 7\/24 tazelenecek.<\/h1>\n<p>Cephedeki <strong>motorlu panjurlar (louver)<\/strong> vas\u0131tas\u0131yla, i\u00e7 ortamda <strong>taze hava sirk\u00fclasyonu<\/strong> sa\u011flayacak <strong><img loading=\"lazy\" class=\"alignright wp-image-121527\" src=\"https:\/\/www.enerjigazetesi.ist\/wp-content\/uploads\/2020\/10\/ibb-atik-yakma-ve-enerji-uretim-tesisi-nin-taze-havasi-form-dan.jpg\" alt=\"\" width=\"320\" height=\"207\" srcset=\"https:\/\/www.enerjigazetesi.ist\/wp-content\/uploads\/2020\/10\/ibb-atik-yakma-ve-enerji-uretim-tesisi-nin-taze-havasi-form-dan.jpg 755w, https:\/\/www.enerjigazetesi.ist\/wp-content\/uploads\/2020\/10\/ibb-atik-yakma-ve-enerji-uretim-tesisi-nin-taze-havasi-form-dan-300x194.jpg 300w, https:\/\/www.enerjigazetesi.ist\/wp-content\/uploads\/2020\/10\/ibb-atik-yakma-ve-enerji-uretim-tesisi-nin-taze-havasi-form-dan-500x323.jpg 500w, https:\/\/www.enerjigazetesi.ist\/wp-content\/uploads\/2020\/10\/ibb-atik-yakma-ve-enerji-uretim-tesisi-nin-taze-havasi-form-dan-77x50.jpg 77w\" sizes=\"(max-width: 320px) 100vw, 320px\" \/><\/strong>olan <strong>Roda Airstar<\/strong>, s\u0131f\u0131r enerjiyle,<strong> karl\u0131<\/strong> ve <strong>ya\u011fmurlu havalarda<\/strong> dahi s\u00fcrekli havaland\u0131rma yapacak.<\/p>\n<p><strong>Y\u00fcksek \u0131s\u0131 yayan proseslerin<\/strong> en uygun y\u00f6ntem ile <strong>kesintisiz olarak havaland\u0131rmas\u0131<\/strong>, tesisin s\u00fcreklili\u011fi bak\u0131m\u0131ndan \u00e7ok \u00f6nemlidir. <strong>Do\u011fal havaland\u0131rma \u00fcniteleri<\/strong>, ortam havas\u0131n\u0131 s\u00fcrekli de\u011fi\u015ftirerek ortamdaki <strong>\u0131s\u0131 y\u00fck\u00fcn\u00fc<\/strong> d\u00fc\u015f\u00fcr\u00fcr, bu sayede <strong>proseste ya\u015fanabilecek<\/strong> y\u00fcksek s\u0131cakl\u0131k kaynakl\u0131 <strong>ar\u0131za<\/strong> ve <strong>duru\u015flar\u0131<\/strong> engeller. Ayn\u0131 zamanda <strong>\u00e7al\u0131\u015fma ortam\u0131n\u0131n havas\u0131n\u0131 tazeleyerek<\/strong>, \u00e7al\u0131\u015fanlar\u0131n sa\u011fl\u0131\u011f\u0131n\u0131 korur.<\/p>\n<p>\u0130stanbul B\u00fcy\u00fck\u015fehir Belediyesi <strong>At\u0131k Yakma ve Enerji \u00dcretim Tesisi\u2019<\/strong>nin do\u011fal havaland\u0131rma ihtiyac\u0131na \u00fcst\u00fcn Alman teknolojisine sahip <strong>Roda Airstar<\/strong> ile \u00e7\u00f6z\u00fcm sunan<strong> Form<\/strong>, <strong>40 set \u00fcnite<\/strong> ile ortama saatte <strong>3 milyon m\u00b3<\/strong>\u2019l\u00fck do\u011fal havaland\u0131rma sa\u011flayacak. Tesisin \u00e7at\u0131s\u0131na yerle\u015ftirilecek olan <strong>Roda Airstar \u00fcniteleri<\/strong>, hava durumundan ba\u011f\u0131ms\u0131z olarak <strong>7\/24<\/strong> \u00e7al\u0131\u015fabilme \u00f6zelli\u011fi ile alandaki <strong>hava tazeli\u011fini<\/strong> s\u00fcrekli olarak koruyor. <strong>Tesisin cephelerine yerle\u015ftirilen motorlu panjurlar<\/strong>dan girecek <strong>taze hava, \u00e7at\u0131daki do\u011fal havaland\u0131rma \u00fcniteleri<\/strong>nden \u00e7\u0131karak binan\u0131n <strong>7\/24<\/strong> do\u011fal havaland\u0131rmas\u0131 sa\u011flanacak. Ayr\u0131ca, <strong>kazanlar\u0131n g\u00fcr\u00fclt\u00fcs\u00fcn\u00fc d\u0131\u015far\u0131ya vermemesi<\/strong> i\u00e7in \u00fcnitelerde <strong>500 mm susturucular<\/strong> olacak.<\/p>\n<p>Y\u00fcksek hacimli,<strong> ya\u011fmur ge\u00e7irmeyen<\/strong> ve <strong>enerji gerektirmeyen havaland\u0131rmaya<\/strong> ihtiya\u00e7 duyuldu\u011funda profesyonellerin bir numaral\u0131 tercihlerinden olan <strong>Roda Airstar,<\/strong> 55 y\u0131ll\u0131k <strong>Form g\u00fcvencesi<\/strong> ile <strong>end\u00fcstriyel tesislere<\/strong> de\u011fer katmay\u0131 s\u00fcrd\u00fcr\u00fcyor&#8230;<\/p>","protected":false},"excerpt":{"rendered":"<p>Sorry, this entry is only available in Turkish. For the sake of viewer convenience, the content is shown below in the alternative language. You may click the link to switch the active language. Form End\u00fcstri Tesisleri, T\u00fcrkiye\u2019nin ilk ve Avrupa\u2019n\u0131n en b\u00fcy\u00fck evsel at\u0131k yakma tesisinin do\u011fal havaland\u0131rma ihtiyac\u0131n\u0131 Roda Airstar ile kar\u015f\u0131layacak. \u0130stanbul B\u00fcy\u00fck\u015fehir [&hellip;]<\/p>\n","protected":false},"author":1,"featured_media":121527,"comment_status":"open","ping_status":"open","sticky":false,"template":"","format":"standard","meta":[],"categories":[51,53],"tags":[80546,80550,80548,52259,80553,80549,75250,80554,80547,80551,80552],"views":94,"_links":{"self":[{"href":"https:\/\/www.enerjigazetesi.ist\/en\/wp-json\/wp\/v2\/posts\/121525"}],"collection":[{"href":"https:\/\/www.enerjigazetesi.ist\/en\/wp-json\/wp\/v2\/posts"}],"about":[{"href":"https:\/\/www.enerjigazetesi.ist\/en\/wp-json\/wp\/v2\/types\/post"}],"author":[{"embeddable":true,"href":"https:\/\/www.enerjigazetesi.ist\/en\/wp-json\/wp\/v2\/users\/1"}],"replies":[{"embeddable":true,"href":"https:\/\/www.enerjigazetesi.ist\/en\/wp-json\/wp\/v2\/comments?post=121525"}],"version-history":[{"count":0,"href":"https:\/\/www.enerjigazetesi.ist\/en\/wp-json\/wp\/v2\/posts\/121525\/revisions"}],"wp:featuredmedia":[{"embeddable":true,"href":"https:\/\/www.enerjigazetesi.ist\/en\/wp-json\/wp\/v2\/media\/121527"}],"wp:attachment":[{"href":"https:\/\/www.enerjigazetesi.ist\/en\/wp-json\/wp\/v2\/media?parent=121525"}],"wp:term":[{"taxonomy":"category","embeddable":true,"href":"https:\/\/www.enerjigazetesi.ist\/en\/wp-json\/wp\/v2\/categories?post=121525"},{"taxonomy":"post_tag","embeddable":true,"href":"https:\/\/www.enerjigazetesi.ist\/en\/wp-json\/wp\/v2\/tags?post=121525"}],"curies":[{"name":"wp","href":"https:\/\/api.w.org\/{rel}","templated":true}]}}