{"id":121511,"date":"2020-10-06T10:13:13","date_gmt":"2020-10-06T07:13:13","guid":{"rendered":"https:\/\/www.enerjigazetesi.ist\/?p=121511"},"modified":"2020-10-06T11:40:10","modified_gmt":"2020-10-06T08:40:10","slug":"iklim-degisikligi-ile-birlikte-yayginlasan-sivrisinekleri-izleyebilmek-mumkun","status":"publish","type":"post","link":"https:\/\/www.enerjigazetesi.ist\/en\/iklim-degisikligi-ile-birlikte-yayginlasan-sivrisinekleri-izleyebilmek-mumkun\/","title":{"rendered":"(Turkish) \u0130klim De\u011fi\u015fikli\u011fiyle Birlikte Yayg\u0131nla\u015fan Sivrisinekleri \u0130zleyebilmek M\u00fcmk\u00fcn"},"content":{"rendered":"<p class=\"qtranxs-available-languages-message qtranxs-available-languages-message-en\">Sorry, this entry is only available in <a href=\"https:\/\/www.enerjigazetesi.ist\/tr\/wp-json\/wp\/v2\/posts\/121511\" class=\"qtranxs-available-language-link qtranxs-available-language-link-tr\" title=\"Turkish\">Turkish<\/a>. For the sake of viewer convenience, the content is shown below in the alternative language. You may click the link to switch the active language.<\/p><p><\/p>\n<h1>\u0130klim de\u011fi\u015fikli\u011fi nedeniyle, g\u00fcn\u00fcm\u00fczde ya\u015fam alan\u0131 tropikal enlemlerle s\u0131n\u0131rl\u0131 olan hastal\u0131k ta\u015f\u0131y\u0131c\u0131 bir\u00e7ok sivrisinek t\u00fcr\u00fcn\u00fcn \u00f6zellikle Avrupa&#8217;daki yeni \u0131l\u0131man b\u00f6lgelere yay\u0131lmas\u0131 bekleniyor. Bu hastal\u0131klar aras\u0131nda dang hummas\u0131, Chikungunya ate\u015fi ve Zika vir\u00fcs\u00fc yer al\u0131yor ve bu hastal\u0131klara kar\u015f\u0131 Avrupa \u00f6zellikle k\u0131r\u0131lgan olarak de\u011ferlendiriliyor. Yeni bir ara\u015ft\u0131rmaya g\u00f6re, sera gaz\u0131 emisyonlar\u0131 artmaya devam ederse, 2080 y\u0131l\u0131 itibar\u0131yla 400 milyonu Avrupa\u2019da bulunan yakla\u015f\u0131k bir milyar insan\u0131n bu t\u00fcrler yoluyla bula\u015fan viral hastal\u0131klara maruz kalaca\u011f\u0131 belirtiliyor.<\/h1>\n<p>D\u00fcn, <strong>Avrupal\u0131 kurumlardan olu\u015fan<\/strong> bir konsorsiyum, <a href=\"https:\/\/ecf.apms5.com\/anywhere\/m?s=ecf&amp;m=tr_f7b8d443-727a-4ee2-90a4-eb3287595255&amp;u=e1jq4wvfdtfk2d9k6mrmcc1r5mv32d255mu42ctr5n130hj55mum4e2168wm4chn68t44&amp;r2=d1u78w1u5wqqexvq5tppywvhenmq8vv1dhjq4x1ecdqpubr&amp;n=2\" target=\"_blank\" rel=\"nofollow noopener\"><strong>Mosquito Alert<\/strong><\/a>\u00a0isimli ak\u0131ll\u0131 telefon uygulamas\u0131n\u0131 kamuoyuna tan\u0131tt\u0131. Uygulama vatanda\u015flar\u0131n, b\u00f6lgelerindeki <strong>sivrisineklerin foto\u011fraflar\u0131n\u0131 \u00e7ekmesine<\/strong> ve b\u00f6ylece<strong> bilim insanlar\u0131<\/strong> ile kamu yetkililerinin<strong> tehlike arz edebilecek t\u00fcrlerin<\/strong> varl\u0131\u011f\u0131n\u0131 izlemelerine imkan sa\u011fl\u0131yor.<\/p>\n<p><img loading=\"lazy\" class=\"alignright wp-image-121519\" src=\"https:\/\/www.enerjigazetesi.ist\/wp-content\/uploads\/2020\/10\/iklim-degisikligi-ile-birlikte-yayginlasan-sivrisinekleri-izleyebilmek-mumkun.jpg\" alt=\"\" width=\"320\" height=\"217\" srcset=\"https:\/\/www.enerjigazetesi.ist\/wp-content\/uploads\/2020\/10\/iklim-degisikligi-ile-birlikte-yayginlasan-sivrisinekleri-izleyebilmek-mumkun.jpg 719w, https:\/\/www.enerjigazetesi.ist\/wp-content\/uploads\/2020\/10\/iklim-degisikligi-ile-birlikte-yayginlasan-sivrisinekleri-izleyebilmek-mumkun-300x204.jpg 300w, https:\/\/www.enerjigazetesi.ist\/wp-content\/uploads\/2020\/10\/iklim-degisikligi-ile-birlikte-yayginlasan-sivrisinekleri-izleyebilmek-mumkun-500x339.jpg 500w, https:\/\/www.enerjigazetesi.ist\/wp-content\/uploads\/2020\/10\/iklim-degisikligi-ile-birlikte-yayginlasan-sivrisinekleri-izleyebilmek-mumkun-74x50.jpg 74w\" sizes=\"(max-width: 320px) 100vw, 320px\" \/>Uygulama son <strong>5<\/strong> y\u0131ld\u0131r <strong>\u0130spanya&#8217;da<\/strong> ba\u015far\u0131yla kullan\u0131l\u0131yor ve \u015fimdi aralar\u0131nda <strong>T\u00fcrkiye\u2019nin<\/strong> de bulundu\u011fu <strong>17 Avrupa \u00fclkesinde<\/strong> kullan\u0131ma sunuluyor. <strong>T\u00fcrkiye&#8217;den projeye emek<\/strong> veren\u00a0<strong>AIMCOST Action&#8217;da Bilimsel \u0130leti\u015fim M\u00fcd\u00fcr\u00fc olan Hacettepe \u00dcniversitesi Biyoloji B\u00f6l\u00fcm\u00fc Ekoloji Ana Bilim Dal\u0131&#8217;ndan<span style=\"text-decoration: underline;\"> Ar\u015f.G\u00f6r.Dr.Filiz G\u00fcnay ise:<\/span><\/strong><\/p>\n<p><em>&#8220;<strong>\u0130stilac\u0131 sivrisinek t\u00fcrleri<\/strong>nden kaplan sivrisine\u011fi <strong>Aedes albopictus<\/strong>, son <strong>50 y\u0131ld\u0131r<\/strong> Avrupa\u2019ya insan eliyle ta\u015f\u0131nm\u0131\u015f, y\u0131llar i\u00e7inde<strong> \u0131l\u0131man Akdeniz \u00dclkeleri\u2019nde<\/strong> yay\u0131lmay\u0131 s\u00fcrd\u00fcrm\u00fc\u015ft\u00fcr. T\u00fcrkiye\u2019de ilk kez <strong>2011 tespit edilen<\/strong> t\u00fcr, benzer yollarla \u00fclkemize ta\u015f\u0131nan sar\u0131 humma sivrisine\u011fi<strong> Aedes aegypti<\/strong> ile birlikte <strong>2015<\/strong> y\u0131l\u0131nda <strong>Do\u011fu Karadeniz B\u00f6lgesi\u2019nden<\/strong> ba\u015flayarak k\u0131y\u0131 boyunca yay\u0131lm\u0131\u015ft\u0131r. G\u00fcnd\u00fcz sokan <strong>siyah beyaz desenleriyle<\/strong> ilgi \u00e7eken bu sivrisinekler, bug\u00fcn bir\u00e7ok ilimizde \u015fikayetlere neden olmaktad\u0131r. T\u00fcr\u00fcn \u00fclkede <strong>yerle\u015fik pop\u00fclasyonlar\u0131<\/strong>n\u0131n olmas\u0131 ise, ta\u015f\u0131y\u0131c\u0131l\u0131\u011f\u0131n\u0131 yapabildi\u011fi <strong>Bat\u0131 Nil, Chikungunya dang<\/strong> ve <strong>Zika vir\u00fcsleri<\/strong>nin bizlere bula\u015fma olas\u0131l\u0131\u011f\u0131n\u0131 artt\u0131racakt\u0131r. S\u00f6z konusu t\u00fcrlerin <strong>iklim de\u011fi\u015fikli\u011fi nedeniyle<\/strong> daha geni\u015f alanlara yay\u0131lmas\u0131 riski bulunsa da, bu t\u00fcrlerin bir \u00fclkeden di\u011ferine ge\u00e7i\u015fi i\u00e7in en \u00f6nemli parametre <strong>ithalat\/ihracat yoluyla<\/strong> malzeme transferi s\u0131ras\u0131nda yumurtalar\u0131n\u0131n ta\u015f\u0131nmas\u0131d\u0131r. B\u00f6ylelikle <strong>k\u00fcreselle\u015fmenin<\/strong> ve <strong>seyahatin art\u0131\u015f\u0131<\/strong> ile ba\u011flant\u0131l\u0131 olarak \u00e7a\u011f\u0131m\u0131z\u0131n sorunu olan istilac\u0131 t\u00fcrlere birka\u00e7\u0131 daha eklenmi\u015ftir. <strong>Mosquito Alert&#8217;in yard\u0131m\u0131yla<\/strong> bu <strong>sivrisineklerin \u00e7evremizde<\/strong> nerelerde \u00fcredi\u011fini \u00f6\u011frenmek, <strong>bu alanlar\u0131 yok etmek<\/strong>, bu konuda <strong>fark\u0131ndal\u0131k yaratmak<\/strong>, en \u00f6nemli ad\u0131mlardan biri olacakt\u0131r.&#8221; a\u00e7\u0131klamalar\u0131nda bulundu.<\/em><\/p>\n<h2><strong>T\u00fcrkiye&#8217;de Sivrisineklerin Yay\u0131l\u0131m\u0131 \u0130zlenebilecek<\/strong><\/h2>\n<p style=\"text-align: center;\"><img loading=\"lazy\" class=\"aligncenter wp-image-121516\" src=\"https:\/\/www.enerjigazetesi.ist\/wp-content\/uploads\/2020\/10\/01-2.jpg\" alt=\"\" width=\"450\" height=\"122\" srcset=\"https:\/\/www.enerjigazetesi.ist\/wp-content\/uploads\/2020\/10\/01-2.jpg 1051w, https:\/\/www.enerjigazetesi.ist\/wp-content\/uploads\/2020\/10\/01-2-300x81.jpg 300w, https:\/\/www.enerjigazetesi.ist\/wp-content\/uploads\/2020\/10\/01-2-768x208.jpg 768w, https:\/\/www.enerjigazetesi.ist\/wp-content\/uploads\/2020\/10\/01-2-1024x277.jpg 1024w, https:\/\/www.enerjigazetesi.ist\/wp-content\/uploads\/2020\/10\/01-2-500x135.jpg 500w, https:\/\/www.enerjigazetesi.ist\/wp-content\/uploads\/2020\/10\/01-2-80x22.jpg 80w\" sizes=\"(max-width: 450px) 100vw, 450px\" \/><\/p>\n<p>&#8211; Bug\u00fcn kamuoyuna tan\u0131t\u0131lan<strong> ak\u0131ll\u0131 telefon uygulamas\u0131<\/strong>, vatanda\u015flar\u0131n <strong>be\u015f sivrisinek t\u00fcr\u00fc<\/strong>n\u00fc g\u00f6zlemlediklerinde bildirme imkan\u0131 sa\u011fl\u0131yor.<\/p>\n<p>&#8211; <strong>\u0130klim de\u011fi\u015fikli\u011fi<\/strong> sebebiyle, \u00f6n\u00fcm\u00fczdeki birka\u00e7 y\u0131l i\u00e7inde, <strong>pek \u00e7ok sivrisinek t\u00fcr\u00fcn\u00fcn ya\u015fam alan\u0131<\/strong>n\u0131 geni\u015fletmesi ve <strong>Dang Hummas\u0131, Chikungunya Ate\u015fi, Bat\u0131 Nil Ate\u015fi, Sar\u0131 Humma<\/strong> ve <strong>Japon Ansefaliti<\/strong> gibi hastal\u0131klar\u0131n ortaya \u00e7\u0131kabilece\u011fi co\u011frafi alan\u0131n geni\u015fleyece\u011fi tahmin ediliyor. Bu co\u011frafi alan T\u00fcrkiye\u2019nin de dahil oldu\u011fu bir\u00e7ok Avrupa \u00fclkesini de kaps\u0131yor.<\/p>\n<p>&#8211; Proje, Avrupa giri\u015fimleri olan <strong>AIM-COST<\/strong> ve <strong>\u00c7ok Y\u00f6nl\u00fc Bula\u015f\u0131c\u0131 Hastal\u0131klar G\u00f6zlemevi\u2019<\/strong>nin (Versatile Emerging Infectious Disease Observatory, VEO) de aralar\u0131nda bulundu\u011fu <strong>27<\/strong> \u00fclkeden <strong>46 kurumdan<\/strong> olu\u015fan bir <strong>a\u011f taraf\u0131ndan<\/strong> destekleniyor.<\/p>\n<p><strong>Hastal\u0131k yayan sivrisinekleri takip etmek<\/strong> amac\u0131yla geli\u015ftirilen uygulama, g\u00fcn\u00fcm\u00fczde T\u00fcrkiye dahil <strong>18 Avrupa \u00fclkesinde<\/strong> kullan\u0131l\u0131yor. <strong>Avrupa a\u011f\u0131 AIM-COST Action<\/strong> ve <strong>\u00c7ok Y\u00f6nl\u00fc Bula\u015f\u0131c\u0131 Hastal\u0131k G\u00f6zlemevi (VEO)<\/strong> taraf\u0131ndan geli\u015ftirilen <a href=\"https:\/\/ecf.apms5.com\/anywhere\/m?s=ecf&amp;m=tr_f7b8d443-727a-4ee2-90a4-eb3287595255&amp;u=e1jq4wvfdtfk2d9k6mrmcc1r5mv32d255mu42ctr5n130hj55mum4e2168wm4chn68t44&amp;r2=d1u78w1u5wqqexvq5tppywvhenmq8vv1dhjq4x1ecdqpubv5drqg&amp;n=5\" target=\"_blank\" rel=\"nofollow noopener\"><strong>Mosquito Alert<\/strong><\/a> uygulamas\u0131, bilim insanlar\u0131n\u0131n dang hummas\u0131, <strong>Bat\u0131 Nil Ate\u015fi Chikungunya Ate\u015fi<\/strong> ve<strong> Japon Ansefaliti<\/strong> gibi <strong>viral hastal\u0131klar\u0131<\/strong> iletebilen bu b\u00f6ceklerin yay\u0131l\u0131m\u0131n\u0131 izlemelerine olanak sa\u011fl\u0131yor. <strong>\u0130klim de\u011fi\u015fikli\u011fi nedeniyle<\/strong> gezegen <strong>\u0131s\u0131nd\u0131k\u00e7a<\/strong> ve <strong>a\u015f\u0131r\u0131 ya\u011f\u0131\u015flar artt\u0131k\u00e7a<\/strong>, g\u00fcn\u00fcm\u00fczde<strong> tropikal enlemlerle<\/strong> s\u0131n\u0131rl\u0131 olan <strong>bir\u00e7ok sivrisinek t\u00fcr\u00fcn\u00fcn<\/strong> \u00f6zellikle Avrupa&#8217;daki yeni <strong>\u0131l\u0131man b\u00f6lgelere yay\u0131lmas\u0131<\/strong> bekleniyor.<\/p>\n<p>Uygulama arac\u0131l\u0131\u011f\u0131yla <strong>insanlar foto\u011fraf \u00e7ekebiliyor<\/strong> ve g\u00f6rd\u00fckleri sivrisinekleri tespit etmeye \u00e7al\u0131\u015fabiliyor. Bilgiler, g\u00f6zlemlenen tespitleri inceleyerek do\u011frulayan <strong>50&#8217;den fazla<\/strong> uluslararas\u0131 uzman <strong>entomologdan<\/strong> olu\u015fan bir ekibe aktar\u0131l\u0131yor.<\/p>\n<p>Son zamanlarda Avrupa&#8217;da g\u00f6r\u00fclen <strong>Dang Hummas\u0131, Chikungunya Ate\u015fi<\/strong> ve <strong>Bat\u0131 Nil Ate\u015fi salg\u0131nlar\u0131,<\/strong> h\u0131zla b\u00fcy\u00fcyen yerli ve istilac\u0131 sivrisinek pop\u00fclasyonlar\u0131n\u0131n ve <strong>viral hastal\u0131k riski<\/strong>nin k\u00fcreselle\u015fme ve iklim de\u011fi\u015fikli\u011fiyle \u00e7arp\u0131c\u0131 ili\u015fkisini g\u00f6zler \u00f6n\u00fcne seriyor. <strong><a href=\"https:\/\/ecf.apms5.com\/anywhere\/m?s=ecf&amp;m=tr_f7b8d443-727a-4ee2-90a4-eb3287595255&amp;u=e1jq4wvfdtfk2d9k6mrmcc1r5mv32d255mu42ctr5n130hj55mum4e2168wm4chn68t44&amp;r2=d1u78w3k78qjyxvqewq6arv4ccq6axbjdxr62bk5emqpavg&amp;n=6\" target=\"_blank\" rel=\"nofollow noopener\">Avrupa Hastal\u0131k \u00d6nleme ve Kontrol Merkezi<\/a><\/strong>&#8216;nden al\u0131nan verilere g\u00f6re, <strong>Eyl\u00fcl 2020<\/strong> itibar\u0131yla Avrupa&#8217;da<strong> 9 adet<\/strong> yerel <strong>Dang Hummas\u0131<\/strong> vakas\u0131 (5&#8217;i \u0130talya&#8217;da ve 4&#8217;\u00fc Fransa&#8217;da) ve 168 <strong>Bat\u0131 Nil Ate\u015fi<\/strong> vakas\u0131 tespit edildi (Yunanistan\u2019da 77 vaka (9 \u00f6l\u00fcm), <strong>\u0130spanya&#8217;da<\/strong> 49 vaka (4 \u00f6l\u00fcm), \u0130talya&#8217;da 29, Almanya&#8217;da 9 ve Romanya&#8217;da 4 vaka). <a href=\"https:\/\/ecf.apms5.com\/anywhere\/m?s=ecf&amp;m=tr_f7b8d443-727a-4ee2-90a4-eb3287595255&amp;u=e1jq4wvfdtfk2d9k6mrmcc1r5mv32d255mu42ctr5n130hj55mum4e2168wm4chn68t44&amp;r2=d1u78w3k78qjyukfent6wrbcecq70v3fecq6ywk75xr6rvvkdtu68wtfc5t78ub3dhjkyub47mrk0bhh6cvk2bvadxuq4vk1dgq70vkmcgq30c1g6wt32cr&amp;n=7\" target=\"_blank\" rel=\"nofollow noopener\">2019 y\u0131l\u0131nda yap\u0131lan bir ara\u015ft\u0131rma<\/a>ya g\u00f6re, sera gaz\u0131 emisyonlar\u0131 artmaya devam ederse, 2080 y\u0131l\u0131 itibar\u0131yla Avrupa&#8217;da <strong>400 milyon<\/strong> insan\u0131n, <strong>Aedes cinsi sivrisineklerin<\/strong> sebep oldu\u011fu Zika, Chikungunya Ate\u015fi ve Dang Hummas\u0131 gibi hastal\u0131klara neden olabilecek viral bula\u015fmalara maruz kalaca\u011f\u0131 tahmin ediliyor.<\/p>\n<p><strong>Mosquito Alert uygulamas\u0131<\/strong>, g\u00f6n\u00fcll\u00fclerin g\u00f6zlemledi\u011fi <strong>18.300&#8217;den<\/strong> fazla sivrisine\u011fi bildirdi\u011fi \u0130spanya&#8217;da<strong> be\u015f y\u0131ld\u0131r<\/strong> kullan\u0131l\u0131yor. Bu g\u00f6zlemlerin, <strong>G\u00fcney Asya<\/strong> k\u00f6kenli olan ve<strong> Dang Hummas\u0131<\/strong>, <strong>Chikungunya Ate\u015fi<\/strong> ve <strong>Zika<\/strong> bula\u015ft\u0131rabilen <strong>Asya kaplan sivrisine\u011fi<\/strong>nin (Aedes albopictus) yay\u0131l\u0131m\u0131n\u0131 izlemek i\u00e7in kullan\u0131ld\u0131\u011f\u0131 belirtiliyor. Uygulama sayesinde <strong>Bat\u0131 Nil Ate\u015fine<\/strong> neden olabilen istilac\u0131 bir t\u00fcr olan <strong><a href=\"https:\/\/ecf.apms5.com\/anywhere\/m?s=ecf&amp;m=tr_f7b8d443-727a-4ee2-90a4-eb3287595255&amp;u=e1jq4wvfdtfk2d9k6mrmcc1r5mv32d255mu42ctr5n130hj55mum4e2168wm4chn68t44&amp;r2=d1u78w1u5wqqexvq5tppywvhenmq8vv1dhjq4x1ecdqpubv5drqpcubjedu2ut35ehjp6x39dxq2uvv65ngpat35ecppmrbgdxq6jrvnecppjvhdedr62ube5nu6grbeddtjux3f5nhpjx39f9jpwbbkcdmpavkmd5tq8wtf&amp;n=8\" target=\"_blank\" rel=\"nofollow noopener\">Asya \u00e7al\u0131 sivrisine\u011fi<\/a><\/strong>nin (Aedes japonicus) erken tespit edilebiliyor.<\/p>\n<p>Uygulaman\u0131n yeni s\u00fcr\u00fcm\u00fc, kullan\u0131c\u0131lar\u0131n Avrupa&#8217;daki <strong>be\u015f endi\u015fe verici sivrisinek t\u00fcr\u00fc<\/strong>n\u00fc bildirmelerine olanak tan\u0131yor: <strong>Asya kaplan sivrisine\u011fi (Aedes albopictus)<\/strong>,<strong> sar\u0131 humma sivrisine\u011fi (Aedes aegypti)<\/strong>, <strong>Asya \u00e7al\u0131 sivrisine\u011fi (Aedes japonicus), Aedes koreicus<\/strong> ve <strong>adi ev sivrisine\u011fi (Culex pipiens)<\/strong>. S\u0131tman\u0131n ana vekt\u00f6rleri olan <strong>Anopheles cinsi sivrisinekler<\/strong> bu s\u00fcr\u00fcmde izlenmiyor.<\/p>\n<p><strong>AIM-COST EU projesi<\/strong>nin koordinat\u00f6r\u00fc <strong>Alessandra della Torre<\/strong> \u201cSon y\u0131llarda, yeni istilac\u0131 sivrisineklerin ve <strong>Asya kaplan sivrisine\u011fi<\/strong> gibi etkili vekt\u00f6r t\u00fcrlerinin yerle\u015fmesinin <strong>2007<\/strong> ve <strong>2017 y\u0131llar\u0131nda<\/strong> \u0130talya&#8217;daki <strong>Chikungunya Ate\u015fi salg\u0131nlar\u0131nda<\/strong> g\u00f6r\u00fcld\u00fc\u011f\u00fc gibi, <strong>G\u00fcney Avrupa&#8217;da<\/strong> y\u00fczlerce vakaya ve ayr\u0131ca otokton (yerli)<strong> Dang Hummas\u0131<\/strong> ve <strong>Zika vakalar\u0131na<\/strong> neden oldu\u011funu g\u00f6zlemliyoruz\u201d diyor.<\/p>\n<p><strong>Mosquito Alert Projesi<\/strong>, \u0130spanya&#8217;n\u0131n ba\u015far\u0131s\u0131n\u0131 <strong>Avrupa \u00e7ap\u0131nda<\/strong> uygulamaya ge\u00e7irmeyi ve vatanda\u015f <strong>bilim insanlar\u0131ndan olu\u015fan<\/strong> yerel topluluklar yaratmay\u0131 hedefliyor.<\/p>\n<p><strong>Mosquito Alert Projesi&#8217;<\/strong>nin e\u015f direkt\u00f6r\u00fc <strong>Frederic Bartumeus<\/strong>, &#8220;Sivrisinek da\u011f\u0131l\u0131mlar\u0131n\u0131 ve faaliyet modellerini izlemeye y\u00f6nelik yeni y\u00f6ntemler geli\u015ftirmeden, ger\u00e7ek zamanl\u0131 ve k\u00fcresel \u00f6l\u00e7ekte g\u00f6zlemleme \u00f6l\u00e7e\u011fine asla ula\u015famayaca\u011f\u0131z. Ge<strong>leneksel veri toplama y\u00f6ntemleri<\/strong>, ulusal \u00f6l\u00e7ekte uzun s\u00fcreli veri toplamak i\u00e7in olduk\u00e7a pahal\u0131. Ak\u0131ll\u0131 telefonlara dayal\u0131 <strong>vatanda\u015f bilimi<\/strong> yoluyla, Avrupa&#8217;da bunun yayg\u0131nla\u015fmas\u0131n\u0131 <strong>te\u015fvik etmek<\/strong> istiyoruz,&#8221; diyor.<\/p>\n<p>Bilim insanlar\u0131, <strong>Mosquito Alert\u2019in<\/strong> <em>geleneksel izleme y\u00f6ntemlerinin<\/em> yerini almak yerine bu y\u00f6ntemleri tamamlamay\u0131 ama\u00e7lad\u0131\u011f\u0131n\u0131 vurguluyor. Bu yeni y\u00f6ntemin en \u00f6nemli \u00f6zellikleri aras\u0131nda esneklik ve <strong><a href=\"https:\/\/ecf.apms5.com\/anywhere\/m?s=ecf&amp;m=tr_f7b8d443-727a-4ee2-90a4-eb3287595255&amp;u=e1jq4wvfdtfk2d9k6mrmcc1r5mv32d255mu42ctr5n130hj55mum4e2168wm4chn68t44&amp;r2=d1u78w1u5wqqexvq5tppywvhenmq8vv1dhjq4x1ecdqpubv5drqp6ubmd5x6avhdedhpjtbecdjjuubk5ngjuxbkcnk7av1dc5q68bbjcnp6jrb2dhjjux3fdxp2utkfe8pq6x3nchwpjvk75nu6gt9ddnqq6wbnd5u6ytbk5nj74ubpd5q6ebb7dhqp4rbc5njq0ub4cnppjrvk5w&amp;n=9\" target=\"_blank\" rel=\"nofollow noopener\">t\u00fcm verileri bilimsel a\u00e7\u0131dan de\u011ferlendirme kapasitesi<\/a> <\/strong>olu\u015fturuyor. Ayn\u0131 zamanda bu uygulama, <strong>vatanda\u015flar, bilim insanlar\u0131<\/strong> ve <strong>halk sa\u011fl\u0131\u011f\u0131 uzmanlar\u0131<\/strong> aras\u0131nda etkili bir ileti\u015fim kanal\u0131 olu\u015fmas\u0131n\u0131 sa\u011fl\u0131yor, bir <strong>erken uyar\u0131 sistemi<\/strong> olarak hareket ediyor ve<strong> toplumda sivrisineklerin potansiyel riskleri<\/strong> konusunda fark\u0131ndal\u0131k yarat\u0131yor.<\/p>\n<p>Uygulama, <strong>kat\u0131l\u0131mc\u0131lar\u0131n sivrisinek sokmalar\u0131<\/strong> ve \u00f6nceki s\u00fcr\u00fcmlerde bulunmayan bir \u00f6zellik olan g\u00f6r\u00fclme oran\u0131 hakk\u0131nda bilgi sa\u011flamas\u0131na olanak tan\u0131yor.<\/p>\n<p><strong>Mosquito Alert Projesi<\/strong>&#8216;nin e\u015f direkt\u00f6r\u00fc ve <strong>Pompeu Fabra \u00dcniversitesi<\/strong> profes\u00f6r\u00fc <strong>John Palmer,<\/strong> &#8220;<strong>Sivrisinek sokmas\u0131<\/strong> ile ilgili bilgiler \u00e7ok de\u011ferli \u00e7\u00fcnk\u00fc <strong>sivrisineklerle insanlar aras\u0131nda<\/strong> ta\u015f\u0131nan hastal\u0131klar\u0131 daha iyi anlamam\u0131z\u0131 sa\u011fl\u0131yor,&#8221; diyor.<\/p>\n<p>Di\u011fer bir ek \u00f6zellik ise, uygulaman\u0131n art\u0131k <strong>Bat\u0131 Nil vir\u00fcs\u00fc<\/strong>n\u00fcn bula\u015fmas\u0131ndaki rol\u00fc nedeniyle Avrupa&#8217;da giderek artan bir endi\u015fe kayna\u011f\u0131 olan<strong> ev sivrisine\u011finin (Culex pipiens)<\/strong> izlenmesine de olanak verecek olmas\u0131d\u0131r.<\/p>\n<p><strong>VEO EU projesi<\/strong>nin koordinat\u00f6r\u00fc <strong>Marion Koopmans<\/strong> &#8220;Ev sivrisine\u011fi yerli bir t\u00fcr, ancak Avrupa&#8217;da giderek artan bir <strong>epidemiyolojik etkiye<\/strong> sahip. Bu durum,<strong> istilac\u0131 sivrisineklerde<\/strong> oldu\u011fu gibi <strong>pop\u00fclasyonlar\u0131n\u0131n izlenmesini<\/strong> gerekli k\u0131l\u0131yor. Son y\u0131llarda <strong>Avrupa&#8217;da<\/strong> ve kom\u015fu \u00fclkelerde y\u00fczlerce yerel <strong>Bat\u0131 Nil Ate\u015fi vakas\u0131<\/strong> tespit edildi ve<strong> 2018&#8217;deki<\/strong> zirve noktas\u0131nda <strong>2083 vakaya<\/strong> ve<strong> 180 \u00f6l\u00fcme<\/strong> sebep oldu,\u201d diyor.<\/p>\n<p style=\"margin: 0cm; margin-bottom: .0001pt; line-height: 12.75pt;\"><strong><span style=\"font-size: 10.5pt; font-family: 'Arial','sans-serif'; color: #555555;\">Mosquito Alert Project (Sivrisinek Uyar\u0131s\u0131 Projesi)<\/span><\/strong><\/p>\n<p style=\"margin: 0cm; margin-bottom: .0001pt; line-height: 12.75pt;\"><span style=\"font-size: 10.5pt; font-family: 'Arial','sans-serif'; color: #555555;\">\u00c1lex Richter &#8211;\u00a0<\/span><span style=\"font-size: 10.5pt; font-family: 'Arial','sans-serif'; color: #555555;\">CREAF\u00a0<\/span><span style=\"font-size: 10.5pt; font-family: 'Arial','sans-serif'; color: #555555;\"><a href=\"mailto:a.richter@creaf.uab.cat\" target=\"_blank\" rel=\"nofollow noopener\">&#8211; a.richter@creaf.uab.cat<\/a><\/span><\/p>\n<p style=\"margin: 0cm; margin-bottom: .0001pt; line-height: 10.5pt; word-break: break-word;\"><span style=\"font-size: 9.0pt; font-family: 'Arial','sans-serif'; color: #555555;\">\u00a0<\/span><\/p>\n<p style=\"margin: 0cm; margin-bottom: .0001pt; line-height: 10.5pt; word-break: break-word;\"><strong><span style=\"font-size: 10.5pt; font-family: 'Arial','sans-serif'; color: #555555;\">T\u00fcrkiye &#8211;\u00a0<\/span><\/strong><span style=\"font-size: 10.5pt; font-family: 'Arial','sans-serif'; color: #555555;\">Filiz G\u00dcNAY &#8211;\u00a0<\/span><span style=\"font-size: 10.5pt; font-family: 'Arial','sans-serif'; color: #555555;\">Hacettepe \u00dcniversitesi &#8211;\u00a0<\/span><span style=\"font-size: 10.5pt; font-family: 'Arial','sans-serif'; color: #555555;\"><a href=\"mailto:gunayf@gmail.com\" target=\"_blank\" rel=\"nofollow noopener\">gunayf@gmail.com<\/a><\/span><\/p>\n<p><\/p>","protected":false},"excerpt":{"rendered":"<p>Sorry, this entry is only available in Turkish. For the sake of viewer convenience, the content is shown below in the alternative language. You may click the link to switch the active language. \u0130klim de\u011fi\u015fikli\u011fi nedeniyle, g\u00fcn\u00fcm\u00fczde ya\u015fam alan\u0131 tropikal enlemlerle s\u0131n\u0131rl\u0131 olan hastal\u0131k ta\u015f\u0131y\u0131c\u0131 bir\u00e7ok sivrisinek t\u00fcr\u00fcn\u00fcn \u00f6zellikle Avrupa&#8217;daki yeni \u0131l\u0131man b\u00f6lgelere yay\u0131lmas\u0131 bekleniyor. [&hellip;]<\/p>\n","protected":false},"author":1,"featured_media":121523,"comment_status":"open","ping_status":"open","sticky":false,"template":"","format":"standard","meta":[],"categories":[53,52],"tags":[80542,80536,80541,80520,80517,80514,80525,80543,80516,80540,80538,80545,80533,80510,80534,80526,80509,80527,80522,15243,41159,80518,80537,80532,80524,80515,80528,80521,80519,80531,80539,80535,80529,80530,80512,80544,80523,80513,80511],"views":267,"_links":{"self":[{"href":"https:\/\/www.enerjigazetesi.ist\/en\/wp-json\/wp\/v2\/posts\/121511"}],"collection":[{"href":"https:\/\/www.enerjigazetesi.ist\/en\/wp-json\/wp\/v2\/posts"}],"about":[{"href":"https:\/\/www.enerjigazetesi.ist\/en\/wp-json\/wp\/v2\/types\/post"}],"author":[{"embeddable":true,"href":"https:\/\/www.enerjigazetesi.ist\/en\/wp-json\/wp\/v2\/users\/1"}],"replies":[{"embeddable":true,"href":"https:\/\/www.enerjigazetesi.ist\/en\/wp-json\/wp\/v2\/comments?post=121511"}],"version-history":[{"count":0,"href":"https:\/\/www.enerjigazetesi.ist\/en\/wp-json\/wp\/v2\/posts\/121511\/revisions"}],"wp:featuredmedia":[{"embeddable":true,"href":"https:\/\/www.enerjigazetesi.ist\/en\/wp-json\/wp\/v2\/media\/121523"}],"wp:attachment":[{"href":"https:\/\/www.enerjigazetesi.ist\/en\/wp-json\/wp\/v2\/media?parent=121511"}],"wp:term":[{"taxonomy":"category","embeddable":true,"href":"https:\/\/www.enerjigazetesi.ist\/en\/wp-json\/wp\/v2\/categories?post=121511"},{"taxonomy":"post_tag","embeddable":true,"href":"https:\/\/www.enerjigazetesi.ist\/en\/wp-json\/wp\/v2\/tags?post=121511"}],"curies":[{"name":"wp","href":"https:\/\/api.w.org\/{rel}","templated":true}]}}