{"id":121454,"date":"2020-10-05T13:36:01","date_gmt":"2020-10-05T10:36:01","guid":{"rendered":"https:\/\/www.enerjigazetesi.ist\/?p=121454"},"modified":"2020-10-05T13:36:10","modified_gmt":"2020-10-05T10:36:10","slug":"enerji-tuketimi-fosil-yakitlardan-yenilenebilir-enerjiye-dogru-kayiyor","status":"publish","type":"post","link":"https:\/\/www.enerjigazetesi.ist\/en\/enerji-tuketimi-fosil-yakitlardan-yenilenebilir-enerjiye-dogru-kayiyor\/","title":{"rendered":"(Turkish) Enerji T\u00fcketimi Fosil Yak\u0131tlardan Yenilenebilir Enerjiye Do\u011fru Kay\u0131yor"},"content":{"rendered":"<p class=\"qtranxs-available-languages-message qtranxs-available-languages-message-en\">Sorry, this entry is only available in <a href=\"https:\/\/www.enerjigazetesi.ist\/tr\/wp-json\/wp\/v2\/posts\/121454\" class=\"qtranxs-available-language-link qtranxs-available-language-link-tr\" title=\"Turkish\">Turkish<\/a>. For the sake of viewer convenience, the content is shown below in the alternative language. You may click the link to switch the active language.<\/p><p><\/p>\n<h1><strong>BP\u2019nin gelece\u011fin enerji trendlerine \u0131\u015f\u0131k tuttu\u011fu &#8216;Enerji G\u00f6r\u00fcn\u00fcm\u00fc&#8217; Raporu\u2019nun 2020 bask\u0131s\u0131 yay\u0131nland\u0131. Londra\u2019da d\u00fczenlenen ve internet \u00fczerinden canl\u0131 takip edilen konferansta 3 senaryo dahilinde \u00f6ng\u00f6r\u00fclere yer verildi. Rapora g\u00f6re, \u00f6n\u00fcm\u00fczdeki 30 sene i\u00e7inde enerji talebi art\u0131\u015f g\u00f6sterecek. Bu art\u0131\u015f i\u00e7inde petrole olan talep azal\u0131rken, yenilenebilir enerjinin y\u00fckseli\u015fe ge\u00e7mesi bekleniyor.<\/strong><\/h1>\n<p><strong>BP Enerji G\u00f6r\u00fcn\u00fcm\u00fc 2020 Raporu<\/strong> k\u00fcresel <strong>enerji d\u00f6n\u00fc\u015f\u00fcm\u00fc<\/strong>nde olas\u0131 yollar\u0131,<strong> k\u00fcresel enerji pazarlar\u0131<\/strong>n\u0131n \u00f6n\u00fcm\u00fczdeki <strong>30 sene<\/strong> i\u00e7inde nas\u0131l geli\u015febilece\u011fini ve onlar\u0131 \u015fekillendirebilecek temel <img loading=\"lazy\" class=\"alignright wp-image-121456\" src=\"https:\/\/www.enerjigazetesi.ist\/wp-content\/uploads\/2020\/10\/enerji-tuketimi-fosil-yakitlardan-yenilenebilir-enerjiye-dogru-kayiyor.png\" alt=\"\" width=\"340\" height=\"180\" srcset=\"https:\/\/www.enerjigazetesi.ist\/wp-content\/uploads\/2020\/10\/enerji-tuketimi-fosil-yakitlardan-yenilenebilir-enerjiye-dogru-kayiyor.png 488w, https:\/\/www.enerjigazetesi.ist\/wp-content\/uploads\/2020\/10\/enerji-tuketimi-fosil-yakitlardan-yenilenebilir-enerjiye-dogru-kayiyor-300x159.png 300w, https:\/\/www.enerjigazetesi.ist\/wp-content\/uploads\/2020\/10\/enerji-tuketimi-fosil-yakitlardan-yenilenebilir-enerjiye-dogru-kayiyor-80x42.png 80w\" sizes=\"(max-width: 340px) 100vw, 340px\" \/>belirsizlikleri ele al\u0131yor. Raporun lansman\u0131nda, \u00f6n\u00fcm\u00fczdeki<strong> 30 y\u0131lda<\/strong> enerji sekt\u00f6r\u00fcne ili\u015fkin olarak, <strong>k\u00fcresel enerji piyasalar\u0131<\/strong>n\u0131 etkileyebilecek \u00f6ng\u00f6r\u00fclere de yer verildi. Rapora g\u00f6re, d\u00fcnya daha <strong>d\u00fc\u015f\u00fck karbon t\u00fcketimi<\/strong>ne do\u011fru ilerlerken, <strong>k\u00fcresel enerji sistemleri;<\/strong> yak\u0131tlar aras\u0131ndaki artan <strong>rekabet<\/strong> ve <strong>m\u00fc\u015fterilerin ihtiya\u00e7lar\u0131 do\u011frultusunda<\/strong> \u00e7e\u015fitlenerek d\u00f6n\u00fc\u015f\u00fcyor. <strong>Elektrikle\u015fme<\/strong> artt\u0131k\u00e7a, enerji t\u00fcketimi de <strong>fosil yak\u0131tlardan<\/strong> yenilenebilir <strong>enerjiye do\u011fru y\u00f6n<\/strong> de\u011fi\u015ftiriyor. <strong>Karbon fiyatlar\u0131<\/strong>ndaki art\u0131\u015f gibi belirleyici politik \u00f6nlemlerinse, <strong>enerji kullan\u0131m\u0131 kaynakl\u0131 emisyonlar\u0131 kal\u0131c\u0131 olarak azaltmas\u0131<\/strong> bekleniyor.<\/p>\n<h2><strong>Enerji talebi art\u0131yor; petrol talebi azal\u0131rken yenilenebilir enerji y\u00fckseli\u015fe ge\u00e7iyor<\/strong><\/h2>\n<p><strong>BP Enerji G\u00f6r\u00fcn\u00fcm\u00fc Raporu\u2019nda<\/strong>, \u00f6n\u00fcm\u00fczdeki <strong>30 y\u0131l\u0131n<\/strong> olas\u0131 \u00e7\u0131kt\u0131lar\u0131n\u0131 ke\u015ffetmeye yard\u0131mc\u0131 olmak tasarlanan <strong>H\u0131zl\u0131 (Rapid), S\u0131f\u0131r Emisyon (Net Zero)<\/strong> ve <strong>Mevcut Durum (Business-as-usual)<\/strong> olarak <strong>\u00fc\u00e7 senaryo<\/strong> \u00fczerinde duruluyor. Bu senaryolar, tahmin olmaktan ziyade; <strong>politikalar<\/strong> ve<strong> toplumsal tercihlerle<\/strong> alakal\u0131 alternatif varsay\u0131mlara dayan\u0131yor.<\/p>\n<p><strong>3 senaryoda da<\/strong> geli\u015fen ekonomilerde, <strong>artan refah<\/strong> ve <strong>ya\u015fam standartlar\u0131<\/strong> nedeniyle enerji talebi art\u0131yor. <strong>Rapid<\/strong> ve <strong>Net Zero<\/strong>\u2019ya g\u00f6re<strong> 1&#8217;incil enerji<\/strong> talebi <strong>15 y\u0131l<\/strong> i\u00e7inde y\u00fckseli\u015f sonras\u0131 <strong>dura\u011fan bir noktaya<\/strong> gelirken; <strong>Business-as-usual (BAU)<\/strong>\u2019a g\u00f6re <strong>30 y\u0131l<\/strong> boyunca talep art\u0131\u015f\u0131 devam ederek, <strong>2050\u2019ye<\/strong> kadar, <strong>% 25<\/strong> oran\u0131nda art\u0131\u015fa sebep olacak.<\/p>\n<p>T\u00fcm senaryolarda \u00f6n\u00fcm\u00fczdeki <strong>30 y\u0131l i\u00e7inde<\/strong> petrol talebinde d\u00fc\u015f\u00fc\u015f olaca\u011f\u0131 varsay\u0131l\u0131yor: <strong>2050\u2019ye kadar<\/strong> <strong>BAU\u2019ya<\/strong> g\u00f6re <strong>% 10<\/strong>, <strong>Rapid<\/strong>\u2019e g\u00f6re <strong>% 55<\/strong> ve <strong>Net Zero<\/strong>\u2019ya g\u00f6re ise<strong> % 80<\/strong>\u2019lik bir <strong>d\u00fc\u015f\u00fc\u015f<\/strong> olabilece\u011fi belirtiliyor.<\/p>\n<p><strong>Yenilenebilir enerji<\/strong> de<strong> en h\u0131zla geli\u015fen enerji kayna\u011f\u0131<\/strong> olarak g\u00f6r\u00fcl\u00fcyor. <strong>2018\u2019de<\/strong> <strong>% 5<\/strong> olan yenilenebilir enerjilerin geli\u015fimi <strong>2050\u2019ye<\/strong> kadar, Net Zero\u2019ya g\u00f6re <strong>% 60<\/strong>, Rapid\u2019e g\u00f6re\u00a0<strong>% 45<\/strong> ve BAU\u2019ya g\u00f6re <strong>% 20<\/strong> oran\u0131nda b\u00fcy\u00fcyecek.<\/p>","protected":false},"excerpt":{"rendered":"<p>Sorry, this entry is only available in Turkish. For the sake of viewer convenience, the content is shown below in the alternative language. You may click the link to switch the active language. BP\u2019nin gelece\u011fin enerji trendlerine \u0131\u015f\u0131k tuttu\u011fu &#8216;Enerji G\u00f6r\u00fcn\u00fcm\u00fc&#8217; Raporu\u2019nun 2020 bask\u0131s\u0131 yay\u0131nland\u0131. Londra\u2019da d\u00fczenlenen ve internet \u00fczerinden canl\u0131 takip edilen konferansta 3 [&hellip;]<\/p>\n","protected":false},"author":1,"featured_media":121456,"comment_status":"open","ping_status":"open","sticky":false,"template":"","format":"standard","meta":[],"categories":[51,53],"tags":[79375,79423,80477,80474,80475,970,79376,35038,53157,12249,76481,80476,35002,53282,57125,37032,54979],"views":112,"_links":{"self":[{"href":"https:\/\/www.enerjigazetesi.ist\/en\/wp-json\/wp\/v2\/posts\/121454"}],"collection":[{"href":"https:\/\/www.enerjigazetesi.ist\/en\/wp-json\/wp\/v2\/posts"}],"about":[{"href":"https:\/\/www.enerjigazetesi.ist\/en\/wp-json\/wp\/v2\/types\/post"}],"author":[{"embeddable":true,"href":"https:\/\/www.enerjigazetesi.ist\/en\/wp-json\/wp\/v2\/users\/1"}],"replies":[{"embeddable":true,"href":"https:\/\/www.enerjigazetesi.ist\/en\/wp-json\/wp\/v2\/comments?post=121454"}],"version-history":[{"count":0,"href":"https:\/\/www.enerjigazetesi.ist\/en\/wp-json\/wp\/v2\/posts\/121454\/revisions"}],"wp:featuredmedia":[{"embeddable":true,"href":"https:\/\/www.enerjigazetesi.ist\/en\/wp-json\/wp\/v2\/media\/121456"}],"wp:attachment":[{"href":"https:\/\/www.enerjigazetesi.ist\/en\/wp-json\/wp\/v2\/media?parent=121454"}],"wp:term":[{"taxonomy":"category","embeddable":true,"href":"https:\/\/www.enerjigazetesi.ist\/en\/wp-json\/wp\/v2\/categories?post=121454"},{"taxonomy":"post_tag","embeddable":true,"href":"https:\/\/www.enerjigazetesi.ist\/en\/wp-json\/wp\/v2\/tags?post=121454"}],"curies":[{"name":"wp","href":"https:\/\/api.w.org\/{rel}","templated":true}]}}