{"id":121417,"date":"2020-10-05T10:12:22","date_gmt":"2020-10-05T07:12:22","guid":{"rendered":"https:\/\/www.enerjigazetesi.ist\/?p=121417"},"modified":"2020-10-05T10:12:58","modified_gmt":"2020-10-05T07:12:58","slug":"demirdokum-meslek-liseli-ogrencilere-destegini-surduruyor","status":"publish","type":"post","link":"https:\/\/www.enerjigazetesi.ist\/en\/demirdokum-meslek-liseli-ogrencilere-destegini-surduruyor\/","title":{"rendered":"(Turkish) &#8217;DemirD\u00f6k\u00fcm&#8217; Meslek Liseli \u00d6\u011frencilere Deste\u011fini S\u00fcrd\u00fcr\u00fcyor"},"content":{"rendered":"<p class=\"qtranxs-available-languages-message qtranxs-available-languages-message-en\">Sorry, this entry is only available in <a href=\"https:\/\/www.enerjigazetesi.ist\/tr\/wp-json\/wp\/v2\/posts\/121417\" class=\"qtranxs-available-language-link qtranxs-available-language-link-tr\" title=\"Turkish\">Turkish<\/a>. For the sake of viewer convenience, the content is shown below in the alternative language. You may click the link to switch the active language.<\/p><p><\/p>\n<h1><strong>DemirD\u00f6k\u00fcm, iklimlendirme sekt\u00f6r\u00fcn\u00fcn gelece\u011fini \u015fekillendirecek gen\u00e7lerin e\u011fitimine deste\u011fini s\u00fcrd\u00fcr\u00fcyor. Bu y\u0131l Mesleki ve Teknik Anadolu Meslek Liseleri \u00f6\u011frencileri i\u00e7in 5&#8217;inci kez hayata ge\u00e7irilen \u00fccretsiz mesleki e\u011fitim ders kitab\u0131 da\u011f\u0131t\u0131m projesini ile 20 bine yak\u0131n Meslek Liseli 11&#8217;inci s\u0131n\u0131f \u00f6\u011frencisi DemirD\u00f6k\u00fcm sponsorlu\u011funda haz\u0131rlanan kitaplar ile ders ba\u015f\u0131 yapt\u0131.<\/strong><\/h1>\n<p>\u0130klimlendirme sekt\u00f6r\u00fcn\u00fcn \u00f6nc\u00fc markalar\u0131ndan DemirD\u00f6k\u00fcm, T\u00fcrkiye&#8217;nin ve sekt\u00f6r\u00fcn gelece\u011fi olan \u00f6\u011frencilere deste\u011fini bu y\u0131l da s\u00fcrd\u00fcrmeye devam ediyor. <strong>Mesleki ve Teknik Anadolu Meslek Liseleri \u00f6\u011frencileri<\/strong> i\u00e7in <strong>\u00fccretsiz ders kitab\u0131 da\u011f\u0131t\u0131m projesi<\/strong>ni 2016 y\u0131l\u0131nda desteklemeye ba\u015flayan DemirD\u00f6k\u00fcm, projenin <strong>5&#8217;inci y\u0131l\u0131nda<\/strong> da gen\u00e7lerin yan\u0131nda yer ald\u0131. T\u00fcrkiye genelinde 20 bine yak\u0131n <strong>Meslek Liseli 11&#8217;inci s\u0131n\u0131f \u00f6\u011frencisi<\/strong>, bu y\u0131l 5&#8217;inci kez DemirD\u00f6k\u00fcm sponsorlu\u011funda <img loading=\"lazy\" class=\"alignright wp-image-121419\" src=\"https:\/\/www.enerjigazetesi.ist\/wp-content\/uploads\/2020\/10\/demirdokum-meslek-liseli-ogrencilere-destegini-surduruyor-1.jpg\" alt=\"\" width=\"320\" height=\"206\" srcset=\"https:\/\/www.enerjigazetesi.ist\/wp-content\/uploads\/2020\/10\/demirdokum-meslek-liseli-ogrencilere-destegini-surduruyor-1.jpg 757w, https:\/\/www.enerjigazetesi.ist\/wp-content\/uploads\/2020\/10\/demirdokum-meslek-liseli-ogrencilere-destegini-surduruyor-1-300x193.jpg 300w, https:\/\/www.enerjigazetesi.ist\/wp-content\/uploads\/2020\/10\/demirdokum-meslek-liseli-ogrencilere-destegini-surduruyor-1-500x322.jpg 500w, https:\/\/www.enerjigazetesi.ist\/wp-content\/uploads\/2020\/10\/demirdokum-meslek-liseli-ogrencilere-destegini-surduruyor-1-78x50.jpg 78w\" sizes=\"(max-width: 320px) 100vw, 320px\" \/>haz\u0131rlanan <strong>&#8220;Is\u0131tma Tesisat\u0131&#8221;<\/strong>, <strong>&#8220;Do\u011fal Gaz Bina \u0130\u00e7i Tesisat\u0131&#8221;<\/strong> ve<strong> &#8220;Gaz Yak\u0131c\u0131 Cihazlar&#8221;<\/strong> kitaplar\u0131 ile <strong>2020-2021 e\u011fitim \u00f6\u011fretim y\u0131l\u0131na<\/strong> ba\u015flad\u0131.<\/p>\n<p>\u0130klimlendirme sekt\u00f6r\u00fcnde mesleki e\u011fitimin b\u00fcy\u00fck \u00f6nem ta\u015f\u0131d\u0131\u011f\u0131n\u0131n alt\u0131n\u0131 \u00e7izen<strong> DemirD\u00f6k\u00fcm CEO\u2019su<\/strong> <strong>Alper Avdel<\/strong>, &#8220;Sekt\u00f6r\u00fcm\u00fcz her ge\u00e7en y\u0131l T\u00fcrkiye\u2019ye daha fazla katma de\u011fer sa\u011fl\u0131yor. DemirD\u00f6k\u00fcm olarak biz d\u00fcnyan\u0131n <strong>50<\/strong> \u00fclkesine, sekt\u00f6r olarak T\u00fcrkiye\u2019den <strong>175 \u00fclkeye ihracat <\/strong>ger\u00e7ekle\u015ftiriyoruz. Bu ba\u015far\u0131m\u0131z\u0131 s\u00fcrd\u00fcr\u00fclebilir k\u0131lmak i\u00e7in gelece\u011fimize yat\u0131r\u0131m yapmal\u0131y\u0131z. Bunun da ba\u015f\u0131nda e\u011fitim geliyor. \u0130\u015fimize olan <strong>inanc\u0131m\u0131z, \u00f6\u011frenme a\u015fk\u0131m\u0131z<\/strong> ile her y\u0131l, her yeni i\u015fte ba\u015far\u0131 \u00e7\u0131tam\u0131z\u0131 daha da y\u00fckselterek <strong>iklimlendirme sekt\u00f6r\u00fc<\/strong>ne; T\u00fcrkiye&#8217;ye bir\u00e7ok ilki kazand\u0131rmaya devam ediyoruz. T\u00fcrkiye&#8217;nin <strong>140&#8217;\u0131nc\u0131 Ar-Ge merkezi<\/strong>nin de yer ald\u0131\u011f\u0131 <strong>Boz\u00fcy\u00fck fabrikam\u0131zda<\/strong> \u00fcretti\u011fimiz \u00fcr\u00fcnlerle ge\u00e7ti\u011fimiz y\u0131l\u0131 <strong>8 \u00fclkede<\/strong> pazar lideri olarak tamamlad\u0131k. As\u0131rl\u0131k hedeflerimize ula\u015fabilmek, sekt\u00f6r\u00fcm\u00fczde k\u00fcresel \u00f6l\u00e7ekte <strong>yeni ba\u015far\u0131 hikayeleri yazmak<\/strong> i\u00e7in var g\u00fcc\u00fcm\u00fczle koltuklar\u0131m\u0131z\u0131 b\u0131rakaca\u011f\u0131m\u0131z <strong>gen\u00e7leri desteklemeye<\/strong> devam ediyoruz\u201d dedi.<\/p>\n<p><strong>COVID-19 salg\u0131n\u0131yla<\/strong> iklimlendirme \u00fcr\u00fcnlerinin insan hayat\u0131ndaki \u00f6neminin artt\u0131\u011f\u0131na dikkat \u00e7eken <strong>Avdel, <\/strong>\u201c\u0130\u00e7inden ge\u00e7ti\u011fimiz bu ola\u011fand\u0131\u015f\u0131 s\u00fcre\u00e7te hayat\u0131m\u0131za giren<strong> sosyal izolasyon kavram\u0131<\/strong> nedeniyle <strong>bu y\u0131l evlerimizde daha fazla vakit ge\u00e7irmeye<\/strong> ba\u015flad\u0131k. Bu s\u00fcre\u00e7te <strong>havaland\u0131rma kalitesi, hijyen ve kesintisiz s\u0131cak su ihtiyac\u0131<\/strong> gibi konular sekt\u00f6r\u00fcm\u00fcz\u00fcn \u00f6neminin daha da \u00f6ne \u00e7\u0131kmas\u0131n\u0131 sa\u011flad\u0131. Pandemi nedeniyle t\u00fcketici ihtiya\u00e7lar\u0131nda <strong>yeni sayfalar<\/strong> a\u00e7\u0131ld\u0131. DemirD\u00f6k\u00fcm olarak bu s\u00fcre\u00e7te <strong>yetkin ekibimizin projeleriyle<\/strong> yenilik\u00e7i hizmetleri t\u00fcketicilerimizin kullan\u0131m\u0131na sunup onlar\u0131n takdirini kazand\u0131k. Sahip oldu\u011fumuz ba\u015far\u0131lara bug\u00fcn <strong>ders ba\u015f\u0131 yapan gen\u00e7lerimizin e\u011fitim hayatlar\u0131 boyunca<\/strong> kazanacaklar\u0131 yeteneklerle yenilerini ekleyece\u011fiz. Sekt\u00f6r\u00fcm\u00fcz\u00fcn gelece\u011fini \u015fekillendirecek olan <strong>\u00f6\u011frencilerimize y\u00fcrekten<\/strong> inan\u0131yoruz. Onlar\u0131 <strong>her ko\u015fulda desteklemeye<\/strong> devam edece\u011fiz\u201d ifadelerini kulland\u0131.<\/p>","protected":false},"excerpt":{"rendered":"<p>Sorry, this entry is only available in Turkish. For the sake of viewer convenience, the content is shown below in the alternative language. You may click the link to switch the active language. DemirD\u00f6k\u00fcm, iklimlendirme sekt\u00f6r\u00fcn\u00fcn gelece\u011fini \u015fekillendirecek gen\u00e7lerin e\u011fitimine deste\u011fini s\u00fcrd\u00fcr\u00fcyor. Bu y\u0131l Mesleki ve Teknik Anadolu Meslek Liseleri \u00f6\u011frencileri i\u00e7in 5&#8217;inci kez hayata [&hellip;]<\/p>\n","protected":false},"author":1,"featured_media":121420,"comment_status":"open","ping_status":"open","sticky":false,"template":"","format":"standard","meta":[],"categories":[46,53],"tags":[36997,80435,56545,54036,52259,56546,53499,56544,80438,56542,80437,80436],"views":90,"_links":{"self":[{"href":"https:\/\/www.enerjigazetesi.ist\/en\/wp-json\/wp\/v2\/posts\/121417"}],"collection":[{"href":"https:\/\/www.enerjigazetesi.ist\/en\/wp-json\/wp\/v2\/posts"}],"about":[{"href":"https:\/\/www.enerjigazetesi.ist\/en\/wp-json\/wp\/v2\/types\/post"}],"author":[{"embeddable":true,"href":"https:\/\/www.enerjigazetesi.ist\/en\/wp-json\/wp\/v2\/users\/1"}],"replies":[{"embeddable":true,"href":"https:\/\/www.enerjigazetesi.ist\/en\/wp-json\/wp\/v2\/comments?post=121417"}],"version-history":[{"count":0,"href":"https:\/\/www.enerjigazetesi.ist\/en\/wp-json\/wp\/v2\/posts\/121417\/revisions"}],"wp:featuredmedia":[{"embeddable":true,"href":"https:\/\/www.enerjigazetesi.ist\/en\/wp-json\/wp\/v2\/media\/121420"}],"wp:attachment":[{"href":"https:\/\/www.enerjigazetesi.ist\/en\/wp-json\/wp\/v2\/media?parent=121417"}],"wp:term":[{"taxonomy":"category","embeddable":true,"href":"https:\/\/www.enerjigazetesi.ist\/en\/wp-json\/wp\/v2\/categories?post=121417"},{"taxonomy":"post_tag","embeddable":true,"href":"https:\/\/www.enerjigazetesi.ist\/en\/wp-json\/wp\/v2\/tags?post=121417"}],"curies":[{"name":"wp","href":"https:\/\/api.w.org\/{rel}","templated":true}]}}