{"id":121344,"date":"2020-10-03T14:19:10","date_gmt":"2020-10-03T11:19:10","guid":{"rendered":"https:\/\/www.enerjigazetesi.ist\/?p=121344"},"modified":"2020-10-03T14:20:11","modified_gmt":"2020-10-03T11:20:11","slug":"turkiye-ile-libya-arasindaki-deniz-siniri-anlasmasinin-tescili-yapildi","status":"publish","type":"post","link":"https:\/\/www.enerjigazetesi.ist\/en\/turkiye-ile-libya-arasindaki-deniz-siniri-anlasmasinin-tescili-yapildi\/","title":{"rendered":"(Turkish) T\u00fcrkiye ile Libya Aras\u0131ndaki Deniz S\u0131n\u0131r\u0131 Anla\u015fmas\u0131n\u0131n Tescili Yap\u0131ld\u0131"},"content":{"rendered":"<p class=\"qtranxs-available-languages-message qtranxs-available-languages-message-en\">Sorry, this entry is only available in <a href=\"https:\/\/www.enerjigazetesi.ist\/tr\/wp-json\/wp\/v2\/posts\/121344\" class=\"qtranxs-available-language-link qtranxs-available-language-link-tr\" title=\"Turkish\">Turkish<\/a>. For the sake of viewer convenience, the content is shown below in the alternative language. You may click the link to switch the active language.<\/p><p><\/p>\n<h1>Birle\u015fmi\u015f Milletler (BM), T\u00fcrkiye ve Libya aras\u0131ndaki deniz s\u0131n\u0131r\u0131 anla\u015fmas\u0131n\u0131 tescil etti.\u00a0BM taraf\u0131ndan yay\u0131mlanan tescil belgesine g\u00f6re, BM Genel Sekreteri Antonio Guterres taraf\u0131ndan T\u00fcrkiye ve Libya aras\u0131nda imzalanan uluslararas\u0131 anla\u015fma 30 <img loading=\"lazy\" class=\"alignright wp-image-121346\" src=\"https:\/\/www.enerjigazetesi.ist\/wp-content\/uploads\/2020\/10\/turkiye-ile-libya-arasindaki-deniz-siniri-anlasmasinin-tescili-yapildi.jpg\" alt=\"\" width=\"320\" height=\"223\" srcset=\"https:\/\/www.enerjigazetesi.ist\/wp-content\/uploads\/2020\/10\/turkiye-ile-libya-arasindaki-deniz-siniri-anlasmasinin-tescili-yapildi.jpg 602w, https:\/\/www.enerjigazetesi.ist\/wp-content\/uploads\/2020\/10\/turkiye-ile-libya-arasindaki-deniz-siniri-anlasmasinin-tescili-yapildi-300x209.jpg 300w, https:\/\/www.enerjigazetesi.ist\/wp-content\/uploads\/2020\/10\/turkiye-ile-libya-arasindaki-deniz-siniri-anlasmasinin-tescili-yapildi-500x349.jpg 500w, https:\/\/www.enerjigazetesi.ist\/wp-content\/uploads\/2020\/10\/turkiye-ile-libya-arasindaki-deniz-siniri-anlasmasinin-tescili-yapildi-72x50.jpg 72w\" sizes=\"(max-width: 320px) 100vw, 320px\" \/>Eyl\u00fcl 2020&#8217;de BM \u015eart\u0131&#8217;n\u0131n 102&#8217;nci maddesi gere\u011fi onayland\u0131.<\/h1>\n<p>T\u00fcrkiye ile Libya H\u00fck\u00fcmeti, <strong>27 Kas\u0131m 2020<\/strong>&#8216;de <strong>&#8220;G\u00fcvenlik ve Askeri \u0130\u015fbirli\u011fi Mutabakat Muht\u0131ras\u0131&#8221;<\/strong> ile iki \u00fclkenin <strong>uluslararas\u0131 hukuktan kaynaklanan haklar\u0131<\/strong>n\u0131n muhafazas\u0131n\u0131 hedefleyen &#8220;<strong>Deniz Yetki Alanlar\u0131n\u0131n S\u0131n\u0131rland\u0131r\u0131lmas\u0131<\/strong>na \u0130li\u015fkin <strong>Mutabakat Muht\u0131ras\u0131<\/strong> <strong>imzalam\u0131\u015f<\/strong> ve <strong>anla\u015fmay\u0131<\/strong> tescil edilmesine y\u00f6nelik\u00a0<strong>BM&#8217;ye<\/strong> g\u00f6ndermi\u015fti.<\/p>\n<p>D\u0131\u015fi\u015fleri Bakan\u0131 <strong>Mevl\u00fct \u00c7avu\u015fo\u011flu<\/strong>, <strong>sosyal medya hesab\u0131<\/strong>ndan yapt\u0131\u011f\u0131 payla\u015f\u0131mda, <strong>Libya<\/strong> ile<strong> deniz s\u0131n\u0131r\u0131 anla\u015fmas\u0131<\/strong>n\u0131n tesciline at\u0131fta bulunarak, <strong>uluslararas\u0131 hukuk \u00e7er\u00e7evesi<\/strong>nde <strong>milletimizin haklar\u0131n\u0131 korumaya<\/strong> kararl\u0131l\u0131kla devam edilece\u011fini vurgu yapt\u0131.<\/p>","protected":false},"excerpt":{"rendered":"<p>Sorry, this entry is only available in Turkish. For the sake of viewer convenience, the content is shown below in the alternative language. You may click the link to switch the active language. Birle\u015fmi\u015f Milletler (BM), T\u00fcrkiye ve Libya aras\u0131ndaki deniz s\u0131n\u0131r\u0131 anla\u015fmas\u0131n\u0131 tescil etti.\u00a0BM taraf\u0131ndan yay\u0131mlanan tescil belgesine g\u00f6re, BM Genel Sekreteri Antonio Guterres [&hellip;]<\/p>\n","protected":false},"author":1,"featured_media":121346,"comment_status":"open","ping_status":"open","sticky":false,"template":"","format":"standard","meta":[],"categories":[46,53],"tags":[37543,55493,80379,54036,52259,80380,9207,18322,846,80381],"views":104,"_links":{"self":[{"href":"https:\/\/www.enerjigazetesi.ist\/en\/wp-json\/wp\/v2\/posts\/121344"}],"collection":[{"href":"https:\/\/www.enerjigazetesi.ist\/en\/wp-json\/wp\/v2\/posts"}],"about":[{"href":"https:\/\/www.enerjigazetesi.ist\/en\/wp-json\/wp\/v2\/types\/post"}],"author":[{"embeddable":true,"href":"https:\/\/www.enerjigazetesi.ist\/en\/wp-json\/wp\/v2\/users\/1"}],"replies":[{"embeddable":true,"href":"https:\/\/www.enerjigazetesi.ist\/en\/wp-json\/wp\/v2\/comments?post=121344"}],"version-history":[{"count":0,"href":"https:\/\/www.enerjigazetesi.ist\/en\/wp-json\/wp\/v2\/posts\/121344\/revisions"}],"wp:featuredmedia":[{"embeddable":true,"href":"https:\/\/www.enerjigazetesi.ist\/en\/wp-json\/wp\/v2\/media\/121346"}],"wp:attachment":[{"href":"https:\/\/www.enerjigazetesi.ist\/en\/wp-json\/wp\/v2\/media?parent=121344"}],"wp:term":[{"taxonomy":"category","embeddable":true,"href":"https:\/\/www.enerjigazetesi.ist\/en\/wp-json\/wp\/v2\/categories?post=121344"},{"taxonomy":"post_tag","embeddable":true,"href":"https:\/\/www.enerjigazetesi.ist\/en\/wp-json\/wp\/v2\/tags?post=121344"}],"curies":[{"name":"wp","href":"https:\/\/api.w.org\/{rel}","templated":true}]}}