{"id":121321,"date":"2020-10-03T11:05:42","date_gmt":"2020-10-03T08:05:42","guid":{"rendered":"https:\/\/www.enerjigazetesi.ist\/?p=121321"},"modified":"2020-10-03T11:05:42","modified_gmt":"2020-10-03T08:05:42","slug":"hayvanlari-koruma-gunu-nde-230-stkdan-ortak-cagri-avcilik-yasaklansin","status":"publish","type":"post","link":"https:\/\/www.enerjigazetesi.ist\/en\/hayvanlari-koruma-gunu-nde-230-stkdan-ortak-cagri-avcilik-yasaklansin\/","title":{"rendered":"(Turkish) Hayvanlar\u0131 Koruma G\u00fcn\u00fc&#8217;nde 230 STK&#8217;dan Ortak \u00c7a\u011fr\u0131: Avc\u0131l\u0131k Yasaklans\u0131n!"},"content":{"rendered":"<p class=\"qtranxs-available-languages-message qtranxs-available-languages-message-en\">Sorry, this entry is only available in <a href=\"https:\/\/www.enerjigazetesi.ist\/tr\/wp-json\/wp\/v2\/posts\/121321\" class=\"qtranxs-available-language-link qtranxs-available-language-link-tr\" title=\"Turkish\">Turkish<\/a>. For the sake of viewer convenience, the content is shown below in the alternative language. You may click the link to switch the active language.<\/p><p><\/p>\n<h1>4 Ekim D\u00fcnya Hayvanlar\u0131 Koruma G\u00fcn\u00fc\u2019nde bir araya gelerek ortak bir a\u00e7\u0131klama yapan 230 sivil toplum kurulu\u015fu, yaban hayvanlar\u0131n\u0131 \u00f6ld\u00fcrmenin spor, turizm, hobi ya da ihale konusu olamayaca\u011f\u0131n\u0131 ve avc\u0131l\u0131\u011f\u0131n tamamen yasaklanmas\u0131 gerekti\u011fini s\u00f6yledi.<\/h1>\n<p><strong>1931 y\u0131l\u0131nda<\/strong> <em>D\u00fcnya Hayvanlar\u0131 Koruma Federasyonu<\/em> <strong>4 Ekim\u2019i<\/strong> <strong>D\u00fcnya Hayvanlar\u0131 Koruma G\u00fcn\u00fc<\/strong> olarak ilan etti. Her y\u0131l <strong>4 Ekim 2020\u2019de<\/strong> tehlike alt\u0131nda olan hayvanlarla ilgili <strong>fark\u0131ndal\u0131k yaratmak<\/strong> <img loading=\"lazy\" class=\"alignright wp-image-121324\" src=\"https:\/\/www.enerjigazetesi.ist\/wp-content\/uploads\/2020\/10\/hayvanlari-koruma-gunu-nde-230-stkdan-ortak-cagri-avcilik-yasaklansin-2.jpg\" alt=\"\" width=\"320\" height=\"213\" srcset=\"https:\/\/www.enerjigazetesi.ist\/wp-content\/uploads\/2020\/10\/hayvanlari-koruma-gunu-nde-230-stkdan-ortak-cagri-avcilik-yasaklansin-2.jpg 732w, https:\/\/www.enerjigazetesi.ist\/wp-content\/uploads\/2020\/10\/hayvanlari-koruma-gunu-nde-230-stkdan-ortak-cagri-avcilik-yasaklansin-2-300x200.jpg 300w, https:\/\/www.enerjigazetesi.ist\/wp-content\/uploads\/2020\/10\/hayvanlari-koruma-gunu-nde-230-stkdan-ortak-cagri-avcilik-yasaklansin-2-500x333.jpg 500w, https:\/\/www.enerjigazetesi.ist\/wp-content\/uploads\/2020\/10\/hayvanlari-koruma-gunu-nde-230-stkdan-ortak-cagri-avcilik-yasaklansin-2-75x50.jpg 75w, https:\/\/www.enerjigazetesi.ist\/wp-content\/uploads\/2020\/10\/hayvanlari-koruma-gunu-nde-230-stkdan-ortak-cagri-avcilik-yasaklansin-2-450x300.jpg 450w\" sizes=\"(max-width: 320px) 100vw, 320px\" \/>ve <strong>hayvan haklar\u0131n\u0131 g\u00fcndeme getirmek<\/strong> amac\u0131yla \u00e7e\u015fitli etkinlikler yap\u0131l\u0131yor.<\/p>\n<p>T\u00fcrkiye\u2019de farkl\u0131 alanlarda \u00e7al\u0131\u015fma y\u00fcr\u00fcten ve konular\u0131nda uzman <strong>230 sivil toplum kurulu\u015fu<\/strong>, D\u00fcnya Hayvanlar\u0131 Koruma G\u00fcn\u00fc\u2019nde yapt\u0131\u011f\u0131 a\u00e7\u0131klamada: \u201dD\u00fcnyay\u0131 birlikte ya\u015fad\u0131\u011f\u0131m\u0131z di\u011fer canl\u0131larla payla\u015f\u0131yoruz. <strong>Ormanlar, da\u011flar, dereler<\/strong> hepimizin ya\u015fam kayna\u011f\u0131 ve hepimizin ya\u015fam\u0131 birbirine ba\u011fl\u0131. Bu nedenle haklar\u0131n\u0131 bizim dilimizde ifade edemeyen <strong>t\u00fcm canl\u0131lar\u0131n sesi olmak<\/strong> i\u00e7in bir araday\u0131z.\u201d diyerek, <strong>yaln\u0131zca di\u011fer canl\u0131lar\u0131n de\u011fil<\/strong>, <strong>insanlar\u0131n da ya\u015fam hakk\u0131n\u0131n korunmas\u0131 i\u00e7in<\/strong> <em>avc\u0131l\u0131\u011f\u0131n bir an \u00f6nce yasaklanmas\u0131<\/em> gerekti\u011finin alt\u0131n\u0131 \u00e7izdi. <strong>Spor <\/strong>veya<strong> hobi ama\u00e7l\u0131<\/strong> ya da bir <strong>turizm faaliyeti<\/strong> olarak <strong>yaban hayvanlar\u0131n\u0131n<\/strong> \u00f6ld\u00fcr\u00fclemeyece\u011fini, ya\u015fam hakk\u0131n\u0131n ihaleye a\u00e7\u0131lamayaca\u011f\u0131n\u0131 belirten <strong>230 sivil toplum kurulu\u015fu<\/strong>, <strong>Tar\u0131m ve Orman Bakanl\u0131\u011f\u0131\u2019n\u0131n<\/strong> avc\u0131l\u0131\u011f\u0131 tamamen yasaklamas\u0131 i\u00e7in <strong>binlerce do\u011fa severin deste\u011fiyle<\/strong> bir <strong>imza kampanyas\u0131<\/strong> ba\u015flatt\u0131. (<a href=\"http:\/\/change.org\/VurmaBeni\">Change.org\/VurmaBeni<\/a>)<\/p>\n<h2><strong>\u201cAvc\u0131l\u0131k de\u011fil, ya\u015fam\u0131 korumak te\u015fvik edilsin\u201d <\/strong><\/h2>\n<p><strong>Yaban hayat\u0131 k\u00f6kenli hastal\u0131klar<\/strong>\u0131n yayg\u0131nla\u015farak<strong> pandemilere d\u00f6n\u00fc\u015ft\u00fc\u011f\u00fc<\/strong> g\u00fcn\u00fcm\u00fczde avlanman\u0131n art\u0131k bir ihtiya\u00e7 olmaktan \u00e7\u0131k\u0131p <strong>biyo\u00e7e\u015fitlilik kayb\u0131n\u0131n<\/strong> en \u00f6nemli nedenlerinden biri haline geldi\u011fini ve<strong> yaban hayat\u0131na zarar verdi\u011fini<\/strong> belirten <strong>sivil toplum kurulu\u015flar\u0131, Tar\u0131m ve Orman Bakanl\u0131\u011f\u0131\u2019na<\/strong> ba\u011fl\u0131 <strong>Do\u011fa Koruma Milli Parklar Genel M\u00fcd\u00fcrl\u00fc\u011f\u00fc<\/strong>\u2019n\u00fcn \u00f6ncelikli g\u00f6revinin hangi hayvan t\u00fcr\u00fcn\u00fcn ne kadar avlanaca\u011f\u0131ndan \u00e7ok <strong>yaban hayvanlar\u0131n\u0131 korumak<\/strong> olmas\u0131 gerekti\u011fini vurgulad\u0131.<\/p>\n<p>Son <strong>16 y\u0131l<\/strong> i\u00e7erisinde<strong> 500 bin ki\u015finin<\/strong><em> avc\u0131l\u0131k sertifikas\u0131 almas\u0131<\/em>n\u0131 ele\u015ftiren <strong>230 sivil toplum kurulu\u015fu<\/strong>, avc\u0131lar\u0131n say\u0131lar\u0131 artarken, pek \u00e7ok canl\u0131 <strong>pop\u00fclasyonunun t\u00fckenme tehlikesi<\/strong> alt\u0131nda oldu\u011funun <strong>bilimsel verilerle ortaya konuldu\u011funu<\/strong> belirtti.<\/p>\n<p><strong>UNESCO<\/strong> taraf\u0131ndan haz\u0131rlanan <strong>Hayvan Haklar\u0131 Evrensel Beyannamesi\u2019ne<\/strong> g\u00f6re, her hayvan\u0131n <strong>ya\u015fam hakk\u0131na sayg\u0131 duyulmas\u0131<\/strong> gerekti\u011fini hat\u0131rlatan <strong>sivil toplum kurulu\u015flar\u0131<\/strong>; <strong>hayvanlar\u0131 ya\u015fatmak<\/strong> ve <strong>avc\u0131l\u0131\u011f\u0131 durdurmak<\/strong> i\u00e7in herkesi<strong> harekete ge\u00e7meye<\/strong> ve<strong> change.org\/vurmabeni<\/strong> adresi \u00fczerinden <strong>imzac\u0131 olmaya<\/strong> \u00e7a\u011f\u0131r\u0131yor.<\/p>\n<h2><strong>\u201c\u00c7ocuklar\u0131m\u0131z hi\u00e7 \u00fcveyik sesi duymadan, geyik, karaca, ceylan g\u00f6rmeden b\u00fcy\u00fcyebilir\u201d<\/strong><\/h2>\n<p><strong>230 kurum<\/strong> i\u00e7in konu\u015fan \u00fclkemizin ilk yaban hayat\u0131 uzmanlar\u0131ndan olan<strong> Tansu G\u00fcrp\u0131nar<\/strong>: \u201cT\u00fcrkiye, eski d\u00fcnya k\u0131talar\u0131 olarak bilinen <strong>Asya, Avrupa <\/strong>ve<strong> Afrika<\/strong> aras\u0131nda do\u011fal bir k\u00f6pr\u00fc konumundad\u0131r. Ayr\u0131ca d\u00fcnyan\u0131n en b\u00fcy\u00fck k\u0131tas\u0131 olan Asya\u2019n\u0131n \u00f6zelliklerini kendi \u00f6l\u00e7e\u011finde sergiledi\u011fi i\u00e7in <strong>K\u00fc\u00e7\u00fck Asya<\/strong> ismini alm\u0131\u015ft\u0131r. Bu nedenlerden \u00f6t\u00fcr\u00fc <strong>T\u00fcrkiye do\u011fas\u0131<\/strong> tam anlam\u0131yla emsalsizdir. Ya\u015fad\u0131\u011f\u0131m\u0131z co\u011frafya bitki ve hayvan varl\u0131\u011f\u0131 y\u00f6nlerinden<strong> zengin bir biyolojik \u00e7e\u015fitlili\u011fe<\/strong> sahiptir. \u00dclkemiz ayn\u0131 zamanda karn\u0131m\u0131z\u0131 doyuran <strong>k\u00fclt\u00fcr bitkilerinin yabani atalar\u0131n\u0131n<\/strong> yer ald\u0131\u011f\u0131 d\u00fcnyan\u0131n en \u00f6nemli gen merkezlerinden biridir. Bu zenginli\u011fimiz <strong>dikkatle<\/strong> ve <strong>\u00f6zenle<\/strong> korunmal\u0131d\u0131r. <strong>Orman yang\u0131nlar\u0131, sulak alanlar\u0131n kurutulmas\u0131, \u00e7arp\u0131k yap\u0131la\u015fma, zirai zehirlerin a\u015f\u0131r\u0131 kullan\u0131m\u0131<\/strong> biyolojik \u00e7e\u015fitlili\u011fimize zarar vermektedir. \u00d6zellikle say\u0131lar\u0131 azalm\u0131\u015f olan <strong>hayvan t\u00fcrleri<\/strong> \u00fczerindeki <strong>avlanma bask\u0131s\u0131<\/strong> zaten ya\u015fama alanlar\u0131 daralm\u0131\u015f olan <strong>bu varl\u0131klar \u00fczerinde ciddi tehdit<\/strong> olu\u015fturmaktad\u0131r. Bu bask\u0131n\u0131n b\u00fcy\u00fck k\u0131sm\u0131n\u0131n yasalara ve kurallara uymadan avlananlardan kaynakland\u0131\u011f\u0131 biliniyor. D\u00fc\u015f\u00fcn\u00fcn ki \u00e7ocuklar\u0131m\u0131z <strong>hi\u00e7 \u00fcveyik sesi duymadan<\/strong>, <strong>geyik, karaca, ceylan g\u00f6rmeden<\/strong> b\u00fcy\u00fcyebilir. B\u00f6yle bir \u015feyi bu \u00fclkede bir ki\u015finin bile isteyece\u011fini sanm\u0131yorum. Bir araya gelen <strong>230 kurum<\/strong> aras\u0131nda konular\u0131nda uzman<strong> bir\u00e7ok kurulu\u015f<\/strong> ve <strong>ki\u015filer<\/strong> var. <strong>Bilimsel verilerle<\/strong> ortaya konan bu ger\u00e7eklerin <strong>g\u00f6z ard\u0131 edilmeyerek<\/strong> T\u00fcrkiye <strong>do\u011fas\u0131n\u0131n daha iyi korunmas\u0131<\/strong> i\u00e7in mevcut <strong>Kara Avc\u0131l\u0131\u011f\u0131 Kanunu<\/strong>\u2019nda gereken <strong>yeni d\u00fczenlemelerin<\/strong> ivedilikle yap\u0131lmas\u0131 gerekmektedir.\u201d dedi.<\/p>\n<h2><strong>Tehlike alt\u0131ndaki t\u00fcrler vuruluyor<\/strong><\/h2>\n<p><strong>2020-2021 Av Sezonu<\/strong> i\u00e7in <strong>Merkez Av Komisyonu\u2019nun<\/strong> av\u0131na izin verdi\u011fi t\u00fcrler aras\u0131nda, tehlike alt\u0131nda olan t\u00fcrler de bulunuyor. <strong>D\u00fcnya Do\u011fa ve Do\u011fal Kaynaklar\u0131 Koruma Birli\u011fi (IUCN)<\/strong> taraf\u0131ndan haz\u0131rlanan k\u0131rm\u0131z\u0131 listede d\u00fcnya \u00f6l\u00e7e\u011finde tehlike alt\u0131nda olan <strong>\u00fcveyik<\/strong> ve<strong> elmaba\u015f patka ku\u015f t\u00fcrleri<\/strong> de yer al\u0131yor. <strong>IUCN<\/strong>\u2019nin<strong> \u201chassas\u201d kategorisi<\/strong>nde bulunan t\u00fcrlerden <strong>\u00fcveyik n\u00fcfusu<\/strong>nun son<strong> 40 senede<\/strong> <strong>% 78<\/strong>, <strong>elmaba\u015f patka n\u00fcfusu<\/strong>nun ise<strong> son 20 y\u0131lda\u00a0% 50<\/strong> gibi b\u00fcy\u00fck bir oranda azald\u0131\u011f\u0131 belirtiliyor.<\/p>\n<p>Ayr\u0131ca<strong> \u201cav turizmi\u201d<\/strong> kapsam\u0131nda <strong>av\u0131na izin<\/strong> verilen<strong> Anadolu yaban koyunu, ceylan, \u00e7engel boynuzlu da\u011f ke\u00e7isi, karaca, yaban ke\u00e7isi, melez yaban ke\u00e7isi, k\u0131z\u0131l geyik, yaban domuzu<\/strong> gibi memeli t\u00fcrlerde bulunmaktad\u0131r. Bu t\u00fcrlerden olu\u015fan<strong> 798 canl\u0131n\u0131n<\/strong> ya\u015fam hakk\u0131n\u0131n, para kar\u015f\u0131l\u0131\u011f\u0131nda <strong>ihaleye a\u00e7\u0131ld\u0131\u011f\u0131na<\/strong> dikkat \u00e7eken <strong>sivil toplum kurulu\u015flar\u0131<\/strong>. <strong>1 Temmuz 2020\u2019de<\/strong> <strong>TBMM Tar\u0131m Orman ve K\u00f6yi\u015fleri Komisyonu\u2019<\/strong>ndan ge\u00e7en<strong> Kanun Teklifi\u2019nin<\/strong> 15. Maddesi\u2019ne oy \u00e7oklu\u011fu ile getirilen bir ekle <strong>yabanc\u0131 diplomat<\/strong> ve <strong>\u00fcst d\u00fczey misafirlerin<\/strong> diledikleri takdirde <strong>\u00fccretsiz<\/strong> olarak avlanabilmesi ve <strong>ya\u015fam alanlar\u0131<\/strong> tahrip edildi\u011fi i\u00e7in yerle\u015fim yerlerine gelen <strong>ay\u0131, domuz gibi hayvanlar\u0131n<\/strong> da \u00f6ld\u00fcr\u00fclebilmesinin <strong>kesinlikle kabul edilemez<\/strong> oldu\u011funu belirtiyor.<\/p>\n<h2><strong>Tepkiler sayesinde kurtuldular<\/strong><\/h2>\n<p><strong>230 sivil toplum kurulu\u015fu<\/strong>, d\u00fczenledikleri imza kampanyas\u0131n\u0131n yan\u0131 s\u0131ra,<strong> sosyal medyada ya\u015fam haklar\u0131<\/strong> ellerinden al\u0131nan<strong> canl\u0131lar ad\u0131na tepkilerini<\/strong> dile getiriyor. <strong>Tarkan, Ezgi Mola, Can D\u00fcndar, Ziynet Sali gibi<\/strong> pek \u00e7ok \u00fcnl\u00fc ismin de sosyal medya \u00fczerinden <strong>destek verdi\u011fi kampanya<\/strong> sonucunda, canl\u0131lar\u0131n ya\u015famlar\u0131n\u0131 tehdit eden bir\u00e7ok<strong> yanl\u0131\u015f karar iptal edilmi\u015f<\/strong> bulunuyor.<\/p>\n<p><strong>Binlerce do\u011fa severin<\/strong> tepkisi sonucunda <strong>iptal edilen bu kararlar<\/strong> aras\u0131na <span style=\"text-decoration: underline;\">\u015funlar yer al\u0131yor:<\/span><\/p>\n<p>&#8211; Dersim&#8217;deki <strong>17 da\u011f ke\u00e7isinin<\/strong> avlanmas\u0131yla ilgili ihale iptal edildi.<\/p>\n<p>&#8211; Eski\u015fehir&#8217;de belli noktalarda<strong> k\u0131z\u0131l geyik acente kotalar\u0131n\u0131n<\/strong> avlatt\u0131r\u0131lmas\u0131na ili\u015fkin <strong>20 Temmuz 2020&#8217;de<\/strong>\u00a0yap\u0131lacak ihale durduruldu.<\/p>\n<p>&#8211; <strong>Erzincan\u2019da<\/strong> mahkeme karar\u0131yla, <strong>da\u011f ke\u00e7ileri vurulmaktan<\/strong> kurtuldu.<\/p>\n<p><strong>&#8211; \u015eanl\u0131urfa\u2019daki<\/strong> ceylanlar\u0131n avlanmas\u0131 i\u00e7in <strong>d\u00fczenlenen ihalenin iptali<\/strong> i\u00e7in dava a\u00e7\u0131ld\u0131, ihale i\u00e7in y\u00fcr\u00fctmeyi durdurma karar\u0131 verildi.<\/p>\n<p><strong>&#8211; Mersin\u2019de<\/strong> ya\u015fam haklar\u0131 ihaleye a\u00e7\u0131lan <strong>75 da\u011f ke\u00e7isinin<\/strong> <strong>vurulmas\u0131yla<\/strong> ilgili karara<strong> Mersin Barosu taraf\u0131ndan<\/strong> dava a\u00e7\u0131ld\u0131.<\/p>\n<p><strong>Kampanya \u0130\u00e7in:\u00a0<\/strong><a href=\"http:\/\/change.org\/VurmaBeni\" target=\"_blank\" rel=\"nofollow noopener\">Change.org\/VurmaBeni\u00a0<\/a>adresini ziyaret edebilirsiniz.<\/p>\n<p>Do\u011fa Derne\u011fi \u0130leti\u015fim Koordinat\u00f6r\u00fc &#8211; Kemal KOL\u00c7AK &#8211; <a href=\"mailto:kemal.kolcak@dogadernegi.org\" target=\"_blank\" rel=\"nofollow noopener\">kemal.kolcak@dogadernegi.org <\/a>&#8211; Whatsapp\/ Gsm: 05436576615<\/p>","protected":false},"excerpt":{"rendered":"<p>Sorry, this entry is only available in Turkish. For the sake of viewer convenience, the content is shown below in the alternative language. You may click the link to switch the active language. 4 Ekim D\u00fcnya Hayvanlar\u0131 Koruma G\u00fcn\u00fc\u2019nde bir araya gelerek ortak bir a\u00e7\u0131klama yapan 230 sivil toplum kurulu\u015fu, yaban hayvanlar\u0131n\u0131 \u00f6ld\u00fcrmenin spor, turizm, [&hellip;]<\/p>\n","protected":false},"author":1,"featured_media":121325,"comment_status":"open","ping_status":"open","sticky":false,"template":"","format":"standard","meta":[],"categories":[53],"tags":[80346,80360,80342,80349,80351,80350,60791,80363,80347,80357,75425,39777,52259,80344,80362,80352,55446,80355,80359,80354,57125,80348,80345,80356,80361,80358,80353],"views":142,"_links":{"self":[{"href":"https:\/\/www.enerjigazetesi.ist\/en\/wp-json\/wp\/v2\/posts\/121321"}],"collection":[{"href":"https:\/\/www.enerjigazetesi.ist\/en\/wp-json\/wp\/v2\/posts"}],"about":[{"href":"https:\/\/www.enerjigazetesi.ist\/en\/wp-json\/wp\/v2\/types\/post"}],"author":[{"embeddable":true,"href":"https:\/\/www.enerjigazetesi.ist\/en\/wp-json\/wp\/v2\/users\/1"}],"replies":[{"embeddable":true,"href":"https:\/\/www.enerjigazetesi.ist\/en\/wp-json\/wp\/v2\/comments?post=121321"}],"version-history":[{"count":0,"href":"https:\/\/www.enerjigazetesi.ist\/en\/wp-json\/wp\/v2\/posts\/121321\/revisions"}],"wp:featuredmedia":[{"embeddable":true,"href":"https:\/\/www.enerjigazetesi.ist\/en\/wp-json\/wp\/v2\/media\/121325"}],"wp:attachment":[{"href":"https:\/\/www.enerjigazetesi.ist\/en\/wp-json\/wp\/v2\/media?parent=121321"}],"wp:term":[{"taxonomy":"category","embeddable":true,"href":"https:\/\/www.enerjigazetesi.ist\/en\/wp-json\/wp\/v2\/categories?post=121321"},{"taxonomy":"post_tag","embeddable":true,"href":"https:\/\/www.enerjigazetesi.ist\/en\/wp-json\/wp\/v2\/tags?post=121321"}],"curies":[{"name":"wp","href":"https:\/\/api.w.org\/{rel}","templated":true}]}}