{"id":12126,"date":"2013-06-20T09:38:12","date_gmt":"2013-06-20T06:38:12","guid":{"rendered":"https:\/\/www.enerjigazetesi.ist\/?p=12126"},"modified":"2013-06-20T09:39:23","modified_gmt":"2013-06-20T06:39:23","slug":"onuncu-kalkinma-plani-ile-enerji-verimliligi-artik-on-planda","status":"publish","type":"post","link":"https:\/\/www.enerjigazetesi.ist\/en\/onuncu-kalkinma-plani-ile-enerji-verimliligi-artik-on-planda\/","title":{"rendered":"(Turkish) Onuncu Kalk\u0131nma Plan\u0131 \u0130le Enerji Verimlili\u011fi Art\u0131k Dahada \u00d6n Planda&#8230;"},"content":{"rendered":"<p class=\"qtranxs-available-languages-message qtranxs-available-languages-message-en\">Sorry, this entry is only available in <a href=\"https:\/\/www.enerjigazetesi.ist\/tr\/wp-json\/wp\/v2\/posts\/12126\" class=\"qtranxs-available-language-link qtranxs-available-language-link-tr\" title=\"Turkish\">Turkish<\/a>. For the sake of viewer convenience, the content is shown below in the alternative language. You may click the link to switch the active language.<\/p><p><strong>Onuncu Kalk\u0131nma Plan\u0131&#8217;na g\u00f6re, yerli kaynaklar\u0131n \u00fcretimdeki pay\u0131n\u0131 art\u0131rmak suretiyle enerjide d\u0131\u015fa ba\u011f\u0131ml\u0131l\u0131\u011f\u0131n azalt\u0131lmas\u0131 ama\u00e7lan\u0131yor.<\/strong><\/p>\n<p>2014-2018 y\u0131llar\u0131n\u0131 kapsayan Kalk\u0131nma\u00a0Plan\u0131&#8217;ndaki Yerli Kaynaklara Dayal\u0131 Enerji \u00dcretim Program\u0131&#8217;na g\u00f6re,\u00a02011 sonunda birincil enerji \u00fcretiminde y\u00fczde 28 olan yurti\u00e7i ve yurtd\u0131\u015f\u0131 petrol ve do\u011fal gaz \u00e7\u0131kar\u0131mlar\u0131 dahil yerli kaynak pay\u0131n\u0131n, 2018 sonunda y\u00fczde 35&#8217;e y\u00fckseltilmesi hedefleniyor.\u00a02012&#8217;de yakla\u015f\u0131k 39 milyar kilowatt\/saat olarak ger\u00e7ekle\u015fen linyit kaynakl\u0131 elektrik enerjisi \u00fcretiminin ise 2018 y\u0131l\u0131nda 60 milyar kilowatt\/saate \u00e7\u0131kar\u0131lmas\u0131 ve 10 bin megawattl\u0131k\u00a0ilave hidrolik kapasitenin devreye al\u0131nmas\u0131 da program\u0131n hedefleri aras\u0131nda bulunuyor.<\/p>\n<p><strong>K\u00f6m\u00fcr i\u00e7in \u00f6zel finansman y\u00f6ntemi<\/strong><\/p>\n<p>Buna g\u00f6re, yerli k\u00f6m\u00fcrler\u00a0elektrik \u00fcretimi ama\u00e7l\u0131 de\u011ferlendirilecek.\u00a0Af\u015fin-Elbistan havzas\u0131ndaki rezervlerin de\u011ferlendirilmesi i\u00e7in \u00f6zel bir finansman y\u00f6ntemi geli\u015ftirilecek ve uygulanacak.\u00a0Kamu elindeki i\u015fletilmeye haz\u0131r sahalar\u0131n r\u00f6dovans usul\u00fcyle \u00f6zel sekt\u00f6re devri\u00a0sa\u011flanacak.\u00a0K\u00f6m\u00fcr aramalar\u0131na h\u0131z verilerek rezervler\u00a0art\u0131r\u0131lacak.\u00a0Yerli k\u00f6m\u00fcrlerin kullan\u0131mdaki \u0131s\u0131l de\u011ferini art\u0131racak veya kalitesini y\u00fckseltecek Ar-Ge \u00e7al\u0131\u015fmalar\u0131na a\u011f\u0131rl\u0131k verilecek.\u00a0Yerli k\u00f6m\u00fcrlere dayal\u0131 elektrik \u00fcretim tesisi yat\u0131r\u0131mlar\u0131na y\u00f6nelik te\u015fvik uygulamas\u0131\u00a0izlenerek ihtiya\u00e7lara g\u00f6re g\u00fcncellenecek.\u00a0Kamu elinde bulunan linyit yak\u0131tl\u0131 termik santralleri\u00a0rehabilite edilecek.<\/p>\n<p><a href=\"https:\/\/www.enerjigazetesi.ist\/wp-content\/uploads\/2013\/04\/enerji-verimliligi-semineri-eskisehir.jpg\"><img loading=\"lazy\" class=\"alignright size-medium wp-image-9985\" title=\"enerji-verimliligi-onuncu-kalkinma-plan\u0131\" src=\"https:\/\/www.enerjigazetesi.ist\/wp-content\/uploads\/2013\/04\/enerji-verimliligi-semineri-eskisehir-300x232.jpg\" alt=\"\" width=\"300\" height=\"232\" srcset=\"https:\/\/www.enerjigazetesi.ist\/wp-content\/uploads\/2013\/04\/enerji-verimliligi-semineri-eskisehir-300x232.jpg 300w, https:\/\/www.enerjigazetesi.ist\/wp-content\/uploads\/2013\/04\/enerji-verimliligi-semineri-eskisehir-64x50.jpg 64w, https:\/\/www.enerjigazetesi.ist\/wp-content\/uploads\/2013\/04\/enerji-verimliligi-semineri-eskisehir.jpg 400w\" sizes=\"(max-width: 300px) 100vw, 300px\" \/><\/a>Yurti\u00e7i ve yurtd\u0131\u015f\u0131 petrol ve do\u011fal gaz aramalar\u0131\u00a0art\u0131r\u0131lacak.\u00a0Petrol ve do\u011fal gaz ihtiya\u00e7lar\u0131n\u0131n olabildi\u011fince yerli \u00fcretimle kar\u015f\u0131lanmas\u0131 i\u00e7in yurti\u00e7i yat\u0131r\u0131mlar\u00a0h\u0131zland\u0131r\u0131lacak.\u00a0TPAO taraf\u0131ndan y\u00fcr\u00fct\u00fclen yurtd\u0131\u015f\u0131 petrol ve do\u011fal gaz arama, sondaj ve \u00fcretim faaliyetleri ile yabanc\u0131 \u00fclke ve \u015firketlerle i\u015fbirlikleri\u00a0art\u0131r\u0131lacak.<\/p>\n<p>Su kaynaklar\u0131\u00a0elektrik \u00fcretimi ama\u00e7l\u0131 de\u011ferlendirilecek.\u00a0Kamu elinde bulunan HES&#8217;ler\u00a0rehabilite edilecek.<\/p>\n<p>R\u00fczgar, g\u00fcne\u015f, biyok\u00fctle ve jeotermal kaynaklar\u0131n elektrik \u00fcretiminde kullan\u0131lmas\u0131na y\u00f6nelik potansiyel\u00a0tam olarak tespit edilecek, bu kapsamda jeotermal aramalar\u00a0h\u0131zland\u0131r\u0131lacak.<\/p>\n<p><strong>Enerji verimlili\u011finin geli\u015ftirilmesi program\u0131<\/strong><\/p>\n<p>Plan&#8217;da yer alan Enerji Verimlili\u011finin Geli\u015ftirilmesi Program\u0131 kapsam\u0131nda da se\u00e7ilmi\u015f baz\u0131 sekt\u00f6r ve alanlarda enerji verimlili\u011fini iyile\u015ftirmeye y\u00f6nelik \u00e7al\u0131\u015fmalar y\u00fcr\u00fct\u00fclmesi, mevcut baz\u0131 uygulamalar\u0131n yayg\u0131nla\u015ft\u0131r\u0131lmas\u0131, \u00f6rnek uygulamalar\u0131n duyurularak kamuoyu bilincinin y\u00fckseltilmesi ve nihayetinde talep taraf\u0131 y\u00f6netimine katk\u0131da bulunulmas\u0131 ama\u00e7lan\u0131yor.<\/p>\n<p>Buna g\u00f6re, 2018 y\u0131l\u0131na kadar kamu binalar\u0131ndaki enerji t\u00fcketiminin, 2012 y\u0131l\u0131 baz al\u0131nmak suretiyle belirlenecek g\u00f6stergeler d\u00fczeyinde ve verimlilik art\u0131\u015f\u0131 uygulamalar\u0131 ile y\u00fczde 10 d\u00fc\u015f\u00fcr\u00fclmesi hedefleniyor.<\/p>\n<p>Bu kapsamda, enerji verimlili\u011fine y\u00f6nelik idari ve kurumsal kapasite\u00a0geli\u015ftirilecek.\u00a0Enerji verimlili\u011fi alan\u0131nda istatistik, \u00f6l\u00e7me-de\u011ferlendirme ve izlemeye y\u00f6nelik bir mekanizma olu\u015fturulacak.<\/p>\n<p>Sanayide enerji verimlili\u011fi\u00a0art\u0131r\u0131lacak.\u00a0Sanayide harcanan elektri\u011fin y\u00fczde 70&#8217;den fazlas\u0131n\u0131 t\u00fcketen d\u00fc\u015f\u00fck verimli AC elektrik motorlar\u00a0daha y\u00fcksek verimli olanlar\u0131yla de\u011fi\u015ftirilecek.<\/p>\n<p><strong>Binalarda enerji verimlili\u011fi\u00a0<\/strong><\/p>\n<p>Proje sonras\u0131nda sa\u011flanan tasarruflarla geri \u00f6demeye imkan veren enerji performans s\u00f6zle\u015fmesi (EPS) bor\u00e7lanma modeli dahil olmak \u00fczere, \u00e7e\u015fitli finansman y\u00f6ntemleriyle kamu binalar\u0131ndaki enerji verimlili\u011fi yat\u0131r\u0131mlar\u0131\u00a0yayg\u0131nla\u015ft\u0131r\u0131lacak. Yetersiz yal\u0131t\u0131ma sahip eski binalarda, binay\u0131 \u00e7evreleyen d\u0131\u015f yap\u0131 zarf\u0131\u00a0ve \u0131s\u0131tma sistemleri,\u00a0y\u00fcr\u00fcrl\u00fckteki standartlar\u0131 sa\u011flayacak \u015fekilde \u0131s\u0131 yal\u0131t\u0131ml\u0131 niteli\u011fe d\u00f6n\u00fc\u015ft\u00fcr\u00fclecek.<\/p>\n<p>Kamuda d\u00fc\u015f\u00fck yak\u0131t t\u00fcketimi olan ta\u015f\u0131t kullan\u0131m\u0131\u00a0yayg\u0131nla\u015ft\u0131r\u0131lacak.<\/p>\n<p>Kaynak: <a href=\"http:\/\/www.haberler.com\/enerjide-disa-bagimlilik-azalacak-4746634-haberi\/\" target=\"_blank\">Haberler<\/a><\/p>","protected":false},"excerpt":{"rendered":"<p>Sorry, this entry is only available in Turkish. For the sake of viewer convenience, the content is shown below in the alternative language. You may click the link to switch the active language.Onuncu Kalk\u0131nma Plan\u0131&#8217;na g\u00f6re, yerli kaynaklar\u0131n \u00fcretimdeki pay\u0131n\u0131 art\u0131rmak suretiyle enerjide d\u0131\u015fa ba\u011f\u0131ml\u0131l\u0131\u011f\u0131n azalt\u0131lmas\u0131 ama\u00e7lan\u0131yor. 2014-2018 y\u0131llar\u0131n\u0131 kapsayan Kalk\u0131nma\u00a0Plan\u0131&#8217;ndaki Yerli Kaynaklara Dayal\u0131 Enerji [&hellip;]<\/p>\n","protected":false},"author":1,"featured_media":9985,"comment_status":"open","ping_status":"open","sticky":false,"template":"","format":"standard","meta":[],"categories":[51,53,52],"tags":[488,5915,68,61,63,67,165,103,18,12,6145,6147,487,793,900,6146],"views":873,"_links":{"self":[{"href":"https:\/\/www.enerjigazetesi.ist\/en\/wp-json\/wp\/v2\/posts\/12126"}],"collection":[{"href":"https:\/\/www.enerjigazetesi.ist\/en\/wp-json\/wp\/v2\/posts"}],"about":[{"href":"https:\/\/www.enerjigazetesi.ist\/en\/wp-json\/wp\/v2\/types\/post"}],"author":[{"embeddable":true,"href":"https:\/\/www.enerjigazetesi.ist\/en\/wp-json\/wp\/v2\/users\/1"}],"replies":[{"embeddable":true,"href":"https:\/\/www.enerjigazetesi.ist\/en\/wp-json\/wp\/v2\/comments?post=12126"}],"version-history":[{"count":3,"href":"https:\/\/www.enerjigazetesi.ist\/en\/wp-json\/wp\/v2\/posts\/12126\/revisions"}],"predecessor-version":[{"id":12128,"href":"https:\/\/www.enerjigazetesi.ist\/en\/wp-json\/wp\/v2\/posts\/12126\/revisions\/12128"}],"wp:featuredmedia":[{"embeddable":true,"href":"https:\/\/www.enerjigazetesi.ist\/en\/wp-json\/wp\/v2\/media\/9985"}],"wp:attachment":[{"href":"https:\/\/www.enerjigazetesi.ist\/en\/wp-json\/wp\/v2\/media?parent=12126"}],"wp:term":[{"taxonomy":"category","embeddable":true,"href":"https:\/\/www.enerjigazetesi.ist\/en\/wp-json\/wp\/v2\/categories?post=12126"},{"taxonomy":"post_tag","embeddable":true,"href":"https:\/\/www.enerjigazetesi.ist\/en\/wp-json\/wp\/v2\/tags?post=12126"}],"curies":[{"name":"wp","href":"https:\/\/api.w.org\/{rel}","templated":true}]}}