{"id":121209,"date":"2020-10-01T14:03:25","date_gmt":"2020-10-01T11:03:25","guid":{"rendered":"https:\/\/www.enerjigazetesi.ist\/?p=121209"},"modified":"2020-10-01T14:15:47","modified_gmt":"2020-10-01T11:15:47","slug":"turkiye-nin-tarim-zenginligi-ne-etkin-bir-belgesel-ile-dikkat-cekildi","status":"publish","type":"post","link":"https:\/\/www.enerjigazetesi.ist\/en\/turkiye-nin-tarim-zenginligi-ne-etkin-bir-belgesel-ile-dikkat-cekildi\/","title":{"rendered":"(Turkish) T\u00fcrkiye&#8217;nin Tar\u0131m Zenginli\u011fi&#8217;ne Etkin Bir Belgesel ile Dikkat \u00c7ekildi!"},"content":{"rendered":"<p class=\"qtranxs-available-languages-message qtranxs-available-languages-message-en\">Sorry, this entry is only available in <a href=\"https:\/\/www.enerjigazetesi.ist\/tr\/wp-json\/wp\/v2\/posts\/121209\" class=\"qtranxs-available-language-link qtranxs-available-language-link-tr\" title=\"Turkish\">Turkish<\/a>. For the sake of viewer convenience, the content is shown below in the alternative language. You may click the link to switch the active language.<\/p><p><\/p>\n<h1><strong>Migros taraf\u0131ndan haz\u0131rlanan belgeselde Anadolu\u2019nun bug\u00fcne kadar hi\u00e7 biryerde g\u00f6sterilmemi\u015f e\u015fsiz g\u00f6r\u00fcnt\u00fcleri izleyicilerle bulu\u015facak. Bilim insan\u0131ndan uluslararas\u0131 tar\u0131m otoritelerine kadar bir\u00e7ok de\u011ferli ismin g\u00f6r\u00fc\u015flerine yer verilen belgeselin seslendirme ve sunuculu\u011fu ise K\u0131van\u00e7 Tatl\u0131tu\u011f taraf\u0131ndan ger\u00e7ekle\u015ftirildi.<\/strong><\/h1>\n<p><strong>\u00c7ift\u00e7iye<\/strong> ve<strong> tar\u0131msal \u00fcretimin<\/strong> her a\u015famas\u0131na sahip \u00e7\u0131kan <strong>Migros<\/strong>, <strong>Anadolu<\/strong>\u2019nun <strong>ola\u011fan\u00fcst\u00fc g\u00fczelliklerini<\/strong> ve <strong>tar\u0131msal zenginli\u011fini<\/strong> g\u00f6zler \u00f6n\u00fcne seren bir belgesele imza att\u0131. Migros\u2019un <strong>Finish, Vodafone Business, Ziraat Bankas\u0131<\/strong> g\u00fc\u00e7 birli\u011finde, <strong>Tar\u0131m ve Orman Bakanl\u0131\u011f\u0131<\/strong>\u2019n\u0131n katk\u0131lar\u0131yla haz\u0131rlad\u0131\u011f\u0131<strong> \u201cTar\u0131m Bizim Gelece\u011fimiz\u201d<\/strong> belgeseli izleyicilerle bulu\u015ftu.<\/p>\n<h2><strong><img loading=\"lazy\" class=\"alignright wp-image-121211\" src=\"https:\/\/www.enerjigazetesi.ist\/wp-content\/uploads\/2020\/10\/turkiye-nin-tarim-zenginligi-ne-etkin-bir-belgesel-ile-dikkat-cekildi-1.jpg\" alt=\"\" width=\"320\" height=\"213\" srcset=\"https:\/\/www.enerjigazetesi.ist\/wp-content\/uploads\/2020\/10\/turkiye-nin-tarim-zenginligi-ne-etkin-bir-belgesel-ile-dikkat-cekildi-1.jpg 732w, https:\/\/www.enerjigazetesi.ist\/wp-content\/uploads\/2020\/10\/turkiye-nin-tarim-zenginligi-ne-etkin-bir-belgesel-ile-dikkat-cekildi-1-300x200.jpg 300w, https:\/\/www.enerjigazetesi.ist\/wp-content\/uploads\/2020\/10\/turkiye-nin-tarim-zenginligi-ne-etkin-bir-belgesel-ile-dikkat-cekildi-1-500x333.jpg 500w, https:\/\/www.enerjigazetesi.ist\/wp-content\/uploads\/2020\/10\/turkiye-nin-tarim-zenginligi-ne-etkin-bir-belgesel-ile-dikkat-cekildi-1-75x50.jpg 75w, https:\/\/www.enerjigazetesi.ist\/wp-content\/uploads\/2020\/10\/turkiye-nin-tarim-zenginligi-ne-etkin-bir-belgesel-ile-dikkat-cekildi-1-450x300.jpg 450w\" sizes=\"(max-width: 320px) 100vw, 320px\" \/>3.5 y\u0131ll\u0131k emekle ortaya \u00e7\u0131kt\u0131, 100 bin km yol kat edildi<\/strong><\/h2>\n<p><em><strong>Migros Ticaret A.\u015e.<\/strong> Pazarlama ve Yurtd\u0131\u015f\u0131 Operasyonlardan Sorumlu \u0130cra Kurulu \u00dcyesi<\/em> <strong>Cem Rodoslu<\/strong>\u2019nun dan\u0131\u015fmanl\u0131\u011f\u0131n\u0131 yapt\u0131\u011f\u0131 belgeselin seslendirmesini ve sunuculu\u011funu K\u0131van\u00e7 Tatl\u0131tu\u011f \u00fcstlendi. <em><strong>Prof. Dr. \u0130lber Ortayl\u0131<\/strong>, Enfeksiyon Hastal\u0131klar\u0131 Uzman\u0131 <strong>Prof. Dr. Mehmet Ceyhan<\/strong>, Ara\u015ft\u0131rmac\u0131 ve Yazar<strong> Bekir A\u011f\u0131rd\u0131r<\/strong>, T\u0130GEM Genel M\u00fcd\u00fcr\u00fc ve Y\u00f6netim Kurulu Ba\u015fkan\u0131 <strong>Ay\u015fin I\u015f\u0131kgece<\/strong>, Birle\u015fmi\u015f Milletler T\u00fcrkiye Ofisi G\u0131da ve Tar\u0131m \u00d6rg\u00fct\u00fc-FAO Orta Asya ve T\u00fcrkiye Sorumlusu <strong>Viroel Gutu<\/strong>, FAO T\u00fcrkiye Sorumlusu <strong>Ay\u015feg\u00fcl Sel\u0131\u015f\u0131k<\/strong>, Giri\u015fimci ve Akademisyen <strong>Elif Oval\u0131<\/strong>, WWF T\u00fcrkiye Genel M\u00fcd\u00fcr\u00fc <strong>Asl\u0131 Pasinli<\/strong>, Tekfen Tar\u0131m Genel M\u00fcd\u00fcr\u00fc <strong>Emrah \u0130nce<\/strong>, IBM Bilgi Teknolojileri Mimar\u0131 <strong>Reha Yurdakul<\/strong>, Giri\u015fimci ve \u00c7ift\u00e7i Deniz <strong>Y\u00fcksel Oval\u0131<\/strong>, Tekfen Holding ve belgeselin onur konu\u011fu TEMA Vakf\u0131 Kurucu Onursal Ba\u015fkan\u0131 <strong>Ali Nihat G\u00f6kyi\u011fit<\/strong> <\/em>gibi alan\u0131nda de\u011ferli isimler belgesele g\u00f6r\u00fc\u015fleriyle katk\u0131da bulundu.<\/p>\n<p><strong>Anadolu Belgesel \u00f6nc\u00fcl\u00fc\u011f\u00fc<\/strong>nde geni\u015f ve tecr\u00fcbeli bir ekibin<strong> 3.5 y\u0131ll\u0131k<\/strong> eme\u011fi sonucunda ortaya \u00e7\u0131kan film i\u00e7in<strong> 100 bin km<\/strong> yol kat edildi, bin<strong> 500 y\u00f6re ziyareti<\/strong> ger\u00e7ekle\u015ftirildi.<\/p>\n<h2><strong>\u201c\u00dclkemize ve d\u00fcnyam\u0131za kar\u015f\u0131 duydu\u011fumuz sorumlulukla \u2018Tar\u0131m Bizim Gelece\u011fimiz\u2019 belgeseline haz\u0131rlad\u0131k \u201d<\/strong><\/h2>\n<p><strong>Ya\u015fanan pandemi s\u00fcreci<\/strong>nin, <strong>kendi kendine yetebilmenin, yerel de\u011ferlere sahip \u00e7\u0131kman\u0131n<\/strong> ve<strong> s\u00fcrd\u00fcr\u00fclebilirli\u011fin \u00f6nemi<\/strong>ni bir kez daha ortaya koydu\u011funu belirten <strong>Migros Ticaret A.\u015e. Pazarlama ve Yurtd\u0131\u015f\u0131 Operasyonlardan Sorumlu \u0130cra Kurulu \u00dcyesi Cem Rodoslu<\/strong>, Migros\u2019un kurulu\u015fundan bu yana bu fark\u0131ndal\u0131kla s\u00fcrd\u00fcr\u00fclebilir tar\u0131ma yat\u0131r\u0131m yapt\u0131\u011f\u0131n\u0131; <strong>topra\u011f\u0131m\u0131z\u0131n zenginliklerini korumay\u0131, yerel de\u011ferlerimize sahip \u00e7\u0131kmay\u0131<\/strong> ve <strong>milli miras\u0131m\u0131z\u0131 gelecek nesillere ta\u015f\u0131may\u0131<\/strong> misyon edindi\u011fini s\u00f6yledi.<\/p>\n<p>G\u00fc\u00e7l\u00fc yat\u0131r\u0131mlarla <strong>tar\u0131m\u0131n<\/strong> ve <strong>\u00e7ift\u00e7ilerin<\/strong> her zaman en b\u00fcy\u00fck destek\u00e7isi olduklar\u0131n\u0131 s\u00f6yleyen Rodoslu, \u201c<strong>2010 y\u0131l\u0131nda<\/strong> Tar\u0131m ve Orman Bakanl\u0131\u011f\u0131 \u00f6nc\u00fcl\u00fc\u011f\u00fcnde ba\u015flat\u0131lan <strong>\u201c\u0130yi Tar\u0131m Uygulamalar\u0131\u201d (\u0130TU)<\/strong> standard\u0131nda \u00fcretilen<strong> taze meyve<\/strong> ve<strong> sebzeyi<\/strong> ma\u011fazalar\u0131nda<strong> sat\u0131\u015fa sunan<\/strong> ilk perakendeciyiz. Her ge\u00e7en g\u00fcn T\u00fcrkiye \u00e7ap\u0131nda \u00fcr\u00fcn al\u0131m\u0131 yapt\u0131\u011f\u0131m\u0131z b\u00f6lge, il ve \u00fcr\u00fcn say\u0131s\u0131n\u0131 da \u00f6nemli \u00f6l\u00e7\u00fcde art\u0131r\u0131yoruz. \u00d6zellikle<strong> taze g\u0131dalar\u0131n<\/strong> kesintisiz \u00fcretiminin, hem <strong>sa\u011fl\u0131k<\/strong> hem de<strong> bulunurluk<\/strong> a\u00e7\u0131s\u0131ndan kritik \u00f6nemi nedeniyle <strong>tar\u0131msal \u00fcretimin devaml\u0131l\u0131\u011f\u0131<\/strong> ve <strong>\u00e7ift\u00e7ilerimizin eme\u011finin kar\u015f\u0131l\u0131\u011f\u0131n\u0131<\/strong> g\u00fcvenle alabilmeleri i\u00e7in<strong> her t\u00fcrl\u00fc deste\u011fi<\/strong> sa\u011flad\u0131k, sa\u011flamaya da devam ediyoruz. <strong>Anadolu Lezzetleri<\/strong>, <strong>Miras\u0131m\u0131z Yerel Tohumlar<\/strong> gibi <strong>Anadolu\u2019nun \u00f6zg\u00fcn de\u011ferlerine<\/strong> sahip \u00e7\u0131kt\u0131\u011f\u0131m\u0131z projelerimizin yan\u0131nda <strong>\u00e7ift\u00e7ilerimizin \u00fcretimlerini s\u00fcrd\u00fcr\u00fclebilir<\/strong> hale getirmek i\u00e7in de \u00f6nemli i\u015f birlikleri ger\u00e7ekle\u015ftiriyoruz. <strong>Ziraat Bankas\u0131<\/strong> ile imzalad\u0131\u011f\u0131m\u0131z \u2018<strong>\u00dcretici Finansman Sistemi<\/strong> sayesinde T\u00fcrkiye\u2019de ilk kez <strong>\u00e7ift\u00e7i &#8211; market &#8211; banka i\u015f birli\u011fini<\/strong> hayat ge\u00e7irdik. <strong>Vodafone Business<\/strong> ile \u00e7ift\u00e7ilerimizin <strong>\u00fcretim s\u00fcre\u00e7lerinin dijital d\u00f6n\u00fc\u015f\u00fcm\u00fcn\u00fc<\/strong> destekledik. Son olarak, hem \u00fclkemize hem d\u00fcnyam\u0131za, hem de gelecek nesillere kar\u015f\u0131 duydu\u011fumuz sorumlulukla<strong> \u201cBuras\u0131 Anadolu, d\u00fcnyan\u0131n en b\u00fcy\u00fck \u00e7iftli\u011fi\u201d<\/strong> diyerek<strong> \u201cTar\u0131m Bizim Gelece\u011fimiz\u2019<\/strong> belgeselini haz\u0131rlad\u0131k\u201d dedi.<\/p>\n<h2><strong>Rodoslu: \u201cUlusal bir gurur projesi olan belgeselimizi, 5.1 milyon tar\u0131m emek\u00e7imize ad\u0131yor, gen\u00e7lerimizi tar\u0131ma davet ediyoruz\u201d<\/strong><\/h2>\n<p>Rodoslu<strong>, <\/strong>s\u00f6zlerini <span style=\"text-decoration: underline;\">\u015f\u00f6yle s\u00fcrd\u00fcrd\u00fc:<\/span> \u201cE\u015fsiz topraklar\u0131m\u0131zda tar\u0131m, <strong>12 bin y\u0131l \u00f6nce<\/strong> do\u011fdu ve tek ba\u015f\u0131na bir k\u0131tan\u0131n<strong> t\u00fcm habitat \u00f6zelliklerine<\/strong> sahip yap\u0131s\u0131yla mucizeler yaratt\u0131. T\u00fcm Avrupa k\u0131tas\u0131 <strong>12 bin<\/strong>, Anadolu ise tek ba\u015f\u0131na <strong>9 bin<\/strong> bitki t\u00fcr\u00fcne ev sahipli\u011fi yap\u0131yor. T\u00fcrkiye\u2019de <strong>5.1 milyon<\/strong> emek\u00e7i tar\u0131m sekt\u00f6r\u00fcnde \u00e7al\u0131\u015f\u0131yor. Bu da ulusal i\u015f g\u00fcc\u00fcn\u00fcn <strong>% 18<\/strong>\u2019ine tekab\u00fcl ediyor. Migros olarak, destans\u0131 co\u011frafyam\u0131z\u0131n <strong>g\u00fczelliklerini<\/strong> ve \u00fclkemizin <strong>tar\u0131msal zenginli\u011fini<\/strong> g\u00f6steren belgeselimizi; <strong>Anadolu<\/strong> ve <strong>Trakya topraklar\u0131na<\/strong> her g\u00fcn ya\u015fam veren <strong>\u00e7ift\u00e7ilerimize<\/strong> ve <strong>tar\u0131m emek\u00e7ilerimize<\/strong> adad\u0131k. Bu belgeseli, T\u00fcrk tar\u0131m\u0131n\u0131n ne kadar <strong>g\u00fc\u00e7l\u00fc, \u00e7e\u015fitli, inovatif<\/strong> ve hayati oldu\u011fu ger\u00e7e\u011fini g\u00f6steren ulusal bir gurur projesi olarak halk\u0131m\u0131zla payla\u015f\u0131yoruz. Bu filmle <strong>7\u2019den 70\u2019e<\/strong> toplumun her halkas\u0131n\u0131n<strong> tar\u0131m konusundaki fark\u0131ndal\u0131\u011f\u0131n\u0131 art\u0131rmak<\/strong>, <strong>daha \u00e7ok gencimizi tar\u0131ma davet etmek<\/strong> istiyoruz.\u201d<\/p>\n<p><strong>T\u00fcketicide tar\u0131m bilinci<\/strong>nin h\u0131zl\u0131 bir \u015fekilde geli\u015fti\u011fine ve bu fark\u0131ndal\u0131\u011f\u0131n sekt\u00f6rleri<strong> tar\u0131ma<\/strong> ve <strong>s\u00fcrd\u00fcr\u00fclebilirli\u011fe<\/strong> daha fazla yat\u0131r\u0131m yapmaya<strong> te\u015fvik edece\u011fine<\/strong> inand\u0131\u011f\u0131n\u0131 belirten Rodoslu, \u201cTar\u0131m hem<strong> bizim<\/strong> hem de<strong> \u00e7ocuklar\u0131m\u0131z\u0131n<\/strong> gelece\u011fi. Tar\u0131m\u0131n gelece\u011fi hepimizin sorumlulu\u011funda. <strong>Tar\u0131ma destek olabilmek<\/strong> i\u00e7in sadece <strong>tar\u0131mla u\u011fra\u015fmak<\/strong>, <strong>\u00e7ift\u00e7ilik yapmak<\/strong> gerekmiyor.<strong> Yerel \u00fcr\u00fcnleri, biyo\u00e7e\u015fitlili\u011fi koruyarak<\/strong> ve <strong>\u00fcr\u00fcn kay\u0131plar\u0131n\u0131 en aza indirerek<\/strong> bu s\u00fcrecin bir par\u00e7as\u0131 olmam\u0131z m\u00fcmk\u00fcn. <strong>\u00dcreticilerin geli\u015fimi<\/strong>ne, <strong>k\u00fc\u00e7\u00fck \u00e7ift\u00e7ilerin bilin\u00e7lendirilerek desteklenmesi<\/strong>ne; <strong>\u00e7ift\u00e7iye finansman<\/strong>, <strong>teknik alt yap\u0131 ve pazarlama<\/strong> anlam\u0131nda destek sa\u011flanmas\u0131na y\u00f6nelik olarak <strong>topyek\u00fbn seferber olmam\u0131z<\/strong> gerekti\u011fine inan\u0131yorum\u201d ifadelerini kulland\u0131.<\/p>\n<p style=\"text-align: center;\"><iframe loading=\"lazy\" src=\"https:\/\/www.youtube.com\/embed\/EBEb5Y_o45I\" width=\"560\" height=\"315\" frameborder=\"0\" allowfullscreen=\"allowfullscreen\"><\/iframe><\/p>\n<p><\/p>","protected":false},"excerpt":{"rendered":"<p>Sorry, this entry is only available in Turkish. For the sake of viewer convenience, the content is shown below in the alternative language. You may click the link to switch the active language. Migros taraf\u0131ndan haz\u0131rlanan belgeselde Anadolu\u2019nun bug\u00fcne kadar hi\u00e7 biryerde g\u00f6sterilmemi\u015f e\u015fsiz g\u00f6r\u00fcnt\u00fcleri izleyicilerle bulu\u015facak. Bilim insan\u0131ndan uluslararas\u0131 tar\u0131m otoritelerine kadar bir\u00e7ok de\u011ferli [&hellip;]<\/p>\n","protected":false},"author":1,"featured_media":121212,"comment_status":"open","ping_status":"open","sticky":false,"template":"","format":"standard","meta":[],"categories":[53,52],"tags":[80219,80226,80215,80220,80225,52259,49536,80217,80218,80216,57125,37032,80221,80231,45699,80222,80229,80230,71836,80224,80223,80228,80227,57064,5153],"views":281,"_links":{"self":[{"href":"https:\/\/www.enerjigazetesi.ist\/en\/wp-json\/wp\/v2\/posts\/121209"}],"collection":[{"href":"https:\/\/www.enerjigazetesi.ist\/en\/wp-json\/wp\/v2\/posts"}],"about":[{"href":"https:\/\/www.enerjigazetesi.ist\/en\/wp-json\/wp\/v2\/types\/post"}],"author":[{"embeddable":true,"href":"https:\/\/www.enerjigazetesi.ist\/en\/wp-json\/wp\/v2\/users\/1"}],"replies":[{"embeddable":true,"href":"https:\/\/www.enerjigazetesi.ist\/en\/wp-json\/wp\/v2\/comments?post=121209"}],"version-history":[{"count":0,"href":"https:\/\/www.enerjigazetesi.ist\/en\/wp-json\/wp\/v2\/posts\/121209\/revisions"}],"wp:featuredmedia":[{"embeddable":true,"href":"https:\/\/www.enerjigazetesi.ist\/en\/wp-json\/wp\/v2\/media\/121212"}],"wp:attachment":[{"href":"https:\/\/www.enerjigazetesi.ist\/en\/wp-json\/wp\/v2\/media?parent=121209"}],"wp:term":[{"taxonomy":"category","embeddable":true,"href":"https:\/\/www.enerjigazetesi.ist\/en\/wp-json\/wp\/v2\/categories?post=121209"},{"taxonomy":"post_tag","embeddable":true,"href":"https:\/\/www.enerjigazetesi.ist\/en\/wp-json\/wp\/v2\/tags?post=121209"}],"curies":[{"name":"wp","href":"https:\/\/api.w.org\/{rel}","templated":true}]}}