{"id":12117,"date":"2013-06-19T14:42:14","date_gmt":"2013-06-19T11:42:14","guid":{"rendered":"https:\/\/www.enerjigazetesi.ist\/?p=12117"},"modified":"2013-06-19T14:42:14","modified_gmt":"2013-06-19T11:42:14","slug":"ulkemizde-3-buyuk-enerji-yatirimi-yapilacak","status":"publish","type":"post","link":"https:\/\/www.enerjigazetesi.ist\/en\/ulkemizde-3-buyuk-enerji-yatirimi-yapilacak\/","title":{"rendered":"(Turkish) \u00dclkemizde &#8220;3 B\u00fcy\u00fck Enerji Yat\u0131r\u0131m\u0131 Yap\u0131lacak&#8230;&#8221;"},"content":{"rendered":"<p class=\"qtranxs-available-languages-message qtranxs-available-languages-message-en\">Sorry, this entry is only available in <a href=\"https:\/\/www.enerjigazetesi.ist\/tr\/wp-json\/wp\/v2\/posts\/12117\" class=\"qtranxs-available-language-link qtranxs-available-language-link-tr\" title=\"Turkish\">Turkish<\/a>. For the sake of viewer convenience, the content is shown below in the alternative language. You may click the link to switch the active language.<\/p><p><strong>Enerji ve Tabii Kaynaklar Bakan\u0131 Taner Y\u0131ld\u0131z, &#8220;\u0130ki n\u00fckleer santral ve k\u00f6m\u00fcr olmak \u00fczere 10 y\u0131lda 100 milyar lira tutar\u0131nda 3 b\u00fcy\u00fck enerji yat\u0131r\u0131m\u0131 yap\u0131lacak&#8221; dedi.<\/strong><\/p>\n<p>Enerji ve Tabii Kaynaklar Bakan\u0131 Taner Y\u0131ld\u0131z, bir televizyon program\u0131nda g\u00fcndeme ve enerji sekt\u00f6r\u00fcne ili\u015fkin de\u011ferlendirmelerde bulundu. Y\u0131ld\u0131z, Gezi Park\u0131 olaylar\u0131na ili\u015fkin, &#8220;A\u011fa\u00e7lar aradan \u00e7ekildi, \u00e7evre gerek\u00e7esi yerini eylemlere b\u0131rakt\u0131, bunu do\u011fru bulamay\u0131z. Devletin huzuru, memleketin g\u00fcvenli\u011fini tehdit edenlere olumlu yakla\u015fma l\u00fcks\u00fcm\u00fcz olmaz. Bundan sonras\u0131 makul olmaktan \u00e7\u0131km\u0131\u015ft\u0131r&#8221; <a href=\"https:\/\/www.enerjigazetesi.ist\/wp-content\/uploads\/2013\/04\/TANER-YiLDiZ-HI-799673.jpg\"><img loading=\"lazy\" class=\"alignleft size-medium wp-image-10035\" title=\"TANER-YiLDiZ--HI-799673\" src=\"https:\/\/www.enerjigazetesi.ist\/wp-content\/uploads\/2013\/04\/TANER-YiLDiZ-HI-799673-300x216.jpg\" alt=\"\" width=\"300\" height=\"216\" srcset=\"https:\/\/www.enerjigazetesi.ist\/wp-content\/uploads\/2013\/04\/TANER-YiLDiZ-HI-799673-300x216.jpg 300w, https:\/\/www.enerjigazetesi.ist\/wp-content\/uploads\/2013\/04\/TANER-YiLDiZ-HI-799673-69x50.jpg 69w, https:\/\/www.enerjigazetesi.ist\/wp-content\/uploads\/2013\/04\/TANER-YiLDiZ-HI-799673.jpg 408w\" sizes=\"(max-width: 300px) 100vw, 300px\" \/><\/a>dedi.<\/p>\n<p>Devletin s\u00fckunete ve b\u00fcy\u00fcmeye ihtiyac\u0131 oldu\u011funa dikkati \u00e7eken Y\u0131ld\u0131z, 11 y\u0131ll\u0131k kazan\u0131mlar\u0131n 11 g\u00fcnde berhava olmas\u0131na m\u00fcsaade etmeyeceklerini ifade etti. &#8220;T\u00fcrkiye olarak biz illa bir kamburla beraber mi ya\u015fayaca\u011f\u0131z&#8221; diyen Y\u0131ld\u0131z, T\u00fcrkiye&#8217;nin kendi ayaklar\u0131 \u00fczerinde ko\u015fan bir \u00fclke olmay\u0131 hak etti\u011fine i\u015faret etti. Y\u0131ld\u0131z, \u00e7\u00f6z\u00fcm s\u00fcrecinin nihayetlenmesiyle T\u00fcrkiye&#8217;nin handikab\u0131n\u0131n kalmayaca\u011f\u0131n\u0131 belirtti.<\/p>\n<p>Y\u0131ld\u0131z, &#8220;3-4 g\u00fcn kadar \u00f6nce AK Partili oldu\u011fu bilinen bir muhallebiciye bir \u00e7ift giriyor, diyor ki &#8216;\u015eekerimiz d\u00fc\u015ft\u00fc bize bir tavuklu pilav getirir misiniz? Yoksa Allah belan\u0131z\u0131 versin&#8217; diyor. Bunu garsona s\u00f6yl\u00fcyorlar. Bu ideolojinin \u00f6tesinde tehlikeli bir durumdur. Birbirinden farkl\u0131 \u015feyler d\u00fc\u015f\u00fcnebilirsiniz ama sayg\u0131 g\u00f6stermek zorundas\u0131n\u0131z&#8221; ifadelerini kulland\u0131.<\/p>\n<p>Enerji Bakanl\u0131\u011f\u0131 olarak 10 y\u0131lda yaln\u0131zca k\u00f6m\u00fcr santrallerine 1,5 milyar dolarl\u0131k \u00e7evre yat\u0131r\u0131m\u0131 yapt\u0131klar\u0131n\u0131 bildiren Y\u0131ld\u0131z, \u00e7evreye ra\u011fmen de\u011fil, \u00e7evreyle beraber i\u015f yapt\u0131klar\u0131n\u0131 belirtti. Bakan Y\u0131ld\u0131z, &#8220;\u0130ki n\u00fckleer santral ve k\u00f6m\u00fcr olmak \u00fczere 10 y\u0131lda 100 milyar lira tutar\u0131nda 3 b\u00fcy\u00fck enerji yat\u0131r\u0131m\u0131 yap\u0131lacak. Bu, sadece \u00fc\u00e7 yat\u0131r\u0131mda enerji yat\u0131r\u0131mlar\u0131m\u0131z\u0131 iki kat\u0131na \u00e7\u0131karaca\u011f\u0131m\u0131z anlam\u0131na geliyor. Bu ayn\u0131 zamanda T\u00fcrkiye ekonomisine de katk\u0131 sa\u011flayacak, \u00e7\u00fcnk\u00fc bu b\u00fcy\u00fck yat\u0131r\u0131mlara hazine garantisi vermiyoruz&#8221; dedi.<\/p>\n<p>Kaynak: <a href=\"http:\/\/www.energyworld.com.tr\/root.vol?title=-quot3-buyuk-enerji-yatirimi-yapilacak-quot&amp;exec=page&amp;nid=548055\" target=\"_blank\">Energy World<\/a><\/p>","protected":false},"excerpt":{"rendered":"<p>Sorry, this entry is only available in Turkish. For the sake of viewer convenience, the content is shown below in the alternative language. You may click the link to switch the active language.Enerji ve Tabii Kaynaklar Bakan\u0131 Taner Y\u0131ld\u0131z, &#8220;\u0130ki n\u00fckleer santral ve k\u00f6m\u00fcr olmak \u00fczere 10 y\u0131lda 100 milyar lira tutar\u0131nda 3 b\u00fcy\u00fck enerji [&hellip;]<\/p>\n","protected":false},"author":1,"featured_media":10035,"comment_status":"open","ping_status":"open","sticky":false,"template":"","format":"standard","meta":[],"categories":[53,43],"tags":[710,63,67,165,1675,21,88,667],"views":739,"_links":{"self":[{"href":"https:\/\/www.enerjigazetesi.ist\/en\/wp-json\/wp\/v2\/posts\/12117"}],"collection":[{"href":"https:\/\/www.enerjigazetesi.ist\/en\/wp-json\/wp\/v2\/posts"}],"about":[{"href":"https:\/\/www.enerjigazetesi.ist\/en\/wp-json\/wp\/v2\/types\/post"}],"author":[{"embeddable":true,"href":"https:\/\/www.enerjigazetesi.ist\/en\/wp-json\/wp\/v2\/users\/1"}],"replies":[{"embeddable":true,"href":"https:\/\/www.enerjigazetesi.ist\/en\/wp-json\/wp\/v2\/comments?post=12117"}],"version-history":[{"count":2,"href":"https:\/\/www.enerjigazetesi.ist\/en\/wp-json\/wp\/v2\/posts\/12117\/revisions"}],"predecessor-version":[{"id":12119,"href":"https:\/\/www.enerjigazetesi.ist\/en\/wp-json\/wp\/v2\/posts\/12117\/revisions\/12119"}],"wp:featuredmedia":[{"embeddable":true,"href":"https:\/\/www.enerjigazetesi.ist\/en\/wp-json\/wp\/v2\/media\/10035"}],"wp:attachment":[{"href":"https:\/\/www.enerjigazetesi.ist\/en\/wp-json\/wp\/v2\/media?parent=12117"}],"wp:term":[{"taxonomy":"category","embeddable":true,"href":"https:\/\/www.enerjigazetesi.ist\/en\/wp-json\/wp\/v2\/categories?post=12117"},{"taxonomy":"post_tag","embeddable":true,"href":"https:\/\/www.enerjigazetesi.ist\/en\/wp-json\/wp\/v2\/tags?post=12117"}],"curies":[{"name":"wp","href":"https:\/\/api.w.org\/{rel}","templated":true}]}}