{"id":121141,"date":"2020-09-30T15:15:48","date_gmt":"2020-09-30T12:15:48","guid":{"rendered":"https:\/\/www.enerjigazetesi.ist\/?p=121141"},"modified":"2020-09-30T15:16:23","modified_gmt":"2020-09-30T12:16:23","slug":"sisecam-avrupanin-en-buyuk-duzcam-uretim-uslerinden-birisi-oldu","status":"publish","type":"post","link":"https:\/\/www.enerjigazetesi.ist\/en\/sisecam-avrupanin-en-buyuk-duzcam-uretim-uslerinden-birisi-oldu\/","title":{"rendered":"(Turkish) &#8217;\u015ei\u015fecam&#8217; Avrupa\u2019n\u0131n En B\u00fcy\u00fck D\u00fczcam \u00dcretim \u00dcslerinden Birisi Oldu"},"content":{"rendered":"<p class=\"qtranxs-available-languages-message qtranxs-available-languages-message-en\">Sorry, this entry is only available in <a href=\"https:\/\/www.enerjigazetesi.ist\/tr\/wp-json\/wp\/v2\/posts\/121141\" class=\"qtranxs-available-language-link qtranxs-available-language-link-tr\" title=\"Turkish\">Turkish<\/a>. For the sake of viewer convenience, the content is shown below in the alternative language. You may click the link to switch the active language.<\/p><p><\/p>\n<h1><strong>\u015ei\u015fecam Y\u00f6netim Kurulu Ba\u015fkan Vekili ve Genel M\u00fcd\u00fcr\u00fc Prof. Dr. Ahmet K\u0131rman, yeni yat\u0131r\u0131ma ili\u015fkin olarak yapt\u0131\u011f\u0131 a\u00e7\u0131klamada, k\u00fcresel salg\u0131n\u0131n yaratt\u0131\u011f\u0131 belirsizlik ortam\u0131na ra\u011fmen T\u00fcrkiye i\u00e7in de\u011fer yaratmay\u0131 s\u00fcrd\u00fcrd\u00fcklerini belirterek, \u201cKurulu\u015fumuzdan bu yana aradan ge\u00e7en 85 y\u0131lda \u00fclkemiz ekonomisi ve istihdama her daim katk\u0131 sa\u011flaman\u0131n hakl\u0131 gururunu ya\u015f\u0131yoruz. End\u00fcstri 4.0\u2019a uygun \u015fekilde ileri teknolojiyle donat\u0131lan yeni d\u00fczcam f\u0131r\u0131n\u0131m\u0131z\u0131n devreye girmesiyle \u00f6nemli bir yat\u0131r\u0131ma daha imza att\u0131k. Yeni yat\u0131r\u0131m\u0131m\u0131zla birlikte y\u0131ll\u0131k \u00fcretim kapasitesi 540 bin tona ula\u015fan Polatl\u0131\u2019daki tesisimiz Avrupa\u2019n\u0131n en b\u00fcy\u00fck d\u00fczcam \u00fcretim \u00fcslerinden biri haline geldi. Toplam d\u00fczcam \u00fcretim kapasitemiz ise y\u0131ll\u0131k 3,4 milyon tona ula\u015f\u0131rken, d\u00fczcam \u00fcretiminde Avrupa\u2019daki liderli\u011fimizi daha da peki\u015ftirdik. S\u00fcrd\u00fcr\u00fclebilir b\u00fcy\u00fcme hedefimiz do\u011frultusundaki yat\u0131r\u0131mlar\u0131m\u0131zla \u00fclkemiz ekonomisine katk\u0131 sa\u011flamaya ve t\u00fcm payda\u015flar\u0131m\u0131z i\u00e7in de\u011fer yaratmaya devam edece\u011fiz\u201d diye konu\u015ftu. <\/strong><\/h1>\n<p><strong>D\u00fczcam<\/strong>, <strong>cam ev e\u015fyas\u0131, cam ambalaj<\/strong> ve <strong>cam elyaf\u0131<\/strong> gibi cam\u0131n t\u00fcm temel alanlar\u0131 ile<strong> soda<\/strong> ve <strong>krom bile\u015fiklerini<\/strong> kapsayan i\u015f kollar\u0131nda k\u00fcresel bir oyuncu olan \u015ei\u015fecam, T\u00fcrkiye\u2019deki yat\u0131r\u0131mlar\u0131na h\u0131z kesmeden devam ediyor. \u015ei\u015fecam \u00f6zellikle yurt i\u00e7i pazar talebi paralelinde \u00fcretim kapasitesinde art\u0131\u015f <img loading=\"lazy\" class=\"alignright wp-image-121143\" src=\"https:\/\/www.enerjigazetesi.ist\/wp-content\/uploads\/2020\/09\/sisecam-avrupanin-en-buyuk-duzcam-uretim-uslerinden-birisi-oldu-1.jpg\" alt=\"\" width=\"320\" height=\"310\" srcset=\"https:\/\/www.enerjigazetesi.ist\/wp-content\/uploads\/2020\/09\/sisecam-avrupanin-en-buyuk-duzcam-uretim-uslerinden-birisi-oldu-1.jpg 504w, https:\/\/www.enerjigazetesi.ist\/wp-content\/uploads\/2020\/09\/sisecam-avrupanin-en-buyuk-duzcam-uretim-uslerinden-birisi-oldu-1-300x290.jpg 300w, https:\/\/www.enerjigazetesi.ist\/wp-content\/uploads\/2020\/09\/sisecam-avrupanin-en-buyuk-duzcam-uretim-uslerinden-birisi-oldu-1-413x400.jpg 413w, https:\/\/www.enerjigazetesi.ist\/wp-content\/uploads\/2020\/09\/sisecam-avrupanin-en-buyuk-duzcam-uretim-uslerinden-birisi-oldu-1-52x50.jpg 52w\" sizes=\"(max-width: 320px) 100vw, 320px\" \/>sa\u011flanmas\u0131 ihtiyac\u0131na y\u00f6nelik olarak <strong>Ankara<\/strong>\u2019n\u0131n<strong> Polatl\u0131<\/strong> il\u00e7esindeki <strong>d\u00fczcam \u00fcretim tesisi<\/strong>nde hayata ge\u00e7irdi\u011fi y\u0131ll\u0131k <strong>240 bin ton \u00fcretim<\/strong> kapasitesine sahip olan <strong>2&#8217;inci f\u0131r\u0131nla<\/strong> T\u00fcrkiye\u2019deki yat\u0131r\u0131mlar\u0131na bir yenisini daha ekledi. <strong>\u015ei\u015fecam<\/strong>\u2019\u0131n yakla\u015f\u0131k<strong> 1 milyar TL<\/strong> seviyesinde (yakla\u015f\u0131k 130 milyon dolar) bir yat\u0131r\u0131m yapt\u0131\u011f\u0131 yeni f\u0131r\u0131n\u0131<strong> 2 Ekim 2020 tarihinde<\/strong> ate\u015flenerek devreye al\u0131nacak.<\/p>\n<p>\u015ei\u015fecam Y\u00f6netim Kurulu Ba\u015fkan Vekili ve Genel M\u00fcd\u00fcr\u00fc <strong>Prof. Dr. Ahmet K\u0131rman<\/strong>, yeni yat\u0131r\u0131ma ili\u015fkin olarak yapt\u0131\u011f\u0131 a\u00e7\u0131klamada, s\u00f6z konusu yat\u0131r\u0131m\u0131n\u0131n T\u00fcrkiye\u2019deki <strong>d\u00fczcam pazar\u0131<\/strong> i\u00e7in \u00f6nemine dikkat \u00e7ekerek, \u015f\u00f6yle konu\u015ftu: \u201cEkonomimizde \u00f6zellikle Temmuz ay\u0131 sonundan itibaren meydana gelen ivmelenmeye ba\u011fl\u0131 olarak olu\u015fan talebi kar\u015f\u0131lamak amac\u0131yla yap\u0131lan \u00f6nceliklendirme ile yakla\u015f\u0131k<strong> 1 milyar TL\u2019lik<\/strong> yat\u0131r\u0131mla tamamlanan <strong>750 ton\/g\u00fcn<\/strong> kapasiteli hatt\u0131m\u0131z\u0131 faaliyete ge\u00e7iriyoruz. K\u00fcresel salg\u0131n ba\u011flam\u0131nda \u00f6ng\u00f6r\u00fclmeyen talep art\u0131\u015f\u0131na y\u00f6nelik <strong>\u015ei\u015fecam\u2019\u0131n<\/strong> \u00fcretim yapt\u0131\u011f\u0131 di\u011fer co\u011frafyalardan da piyasan\u0131n ihtiyac\u0131n\u0131 gidermek amac\u0131yla <strong>cam arz\u0131 yap\u0131lmas\u0131<\/strong> yoluna gidilmi\u015f olup, kurlarda meydana gelen y\u00fckselmeye ra\u011fmen <strong>pandemi d\u00f6neminde<\/strong> i\u015fletmelerimizin zorlanmamas\u0131n\u0131 teminen <strong>\u00fcr\u00fcn fiyatlar\u0131nda de\u011fi\u015fiklik yap\u0131lmam\u0131\u015f<\/strong> ve<strong> \u00f6deme ko\u015fullar\u0131nda kolayl\u0131k<\/strong> sa\u011flanm\u0131\u015ft\u0131r. Yine bu d\u00f6nemden ba\u015flayarak <strong>d\u00fczcam sevkiyat kapasitemiz<\/strong> olan <strong>ayl\u0131k 100 bin tonunun<\/strong> tamam\u0131n\u0131 kullanmay\u0131 s\u00fcrd\u00fcrmekteyiz. Dolay\u0131s\u0131yla stratejik yat\u0131r\u0131m planlar\u0131m\u0131z do\u011frultusunda <strong>Polatl\u0131\u2019da<\/strong> \u00f6nemli bir ek kapasiteyi yurt i\u00e7i pazara d\u00f6n\u00fck olarak devreye ald\u0131k.\u201d<\/p>\n<p><strong>K\u00fcresel salg\u0131n\u0131n yaratt\u0131\u011f\u0131 belirsizlik<\/strong> ortam\u0131na ra\u011fmen yat\u0131r\u0131mlar\u0131na aral\u0131ks\u0131z devam ettiklerini ve \u00fclke ekonomisi i\u00e7in de\u011fer yaratmay\u0131 s\u00fcrd\u00fcrd\u00fcklerini ifade eden K\u0131rman, Polatl\u0131\u2019daki yeni f\u0131r\u0131n yat\u0131r\u0131m\u0131n\u0131n T\u00fcrkiye\u2019nin gelece\u011fine olan g\u00fcvenin bir g\u00f6stergesi oldu\u011funun alt\u0131n\u0131 \u00e7izdi. \u015ei\u015fecam\u2019\u0131n <strong>d\u00f6rt k\u0131taya yay\u0131lan<\/strong> \u00fcretim faaliyetleri ve <strong>150 \u00fclkeyi a\u015fan<\/strong> sat\u0131\u015flar\u0131yla k\u00fcresel \u00f6l\u00e7ekte bir \u015firket oldu\u011funa i\u015faret eden K\u0131rman, \u201cBug\u00fcn d\u00fcnyada<strong> cam ev e\u015fyas\u0131nda<\/strong> en b\u00fcy\u00fck <strong>3<\/strong>, <strong>cam ambalaj ve d\u00fczcamda<\/strong> ise <strong>en b\u00fcy\u00fck 5 \u00fcretici<\/strong> aras\u0131nda yer al\u0131yoruz. D\u00fcnyan\u0131n en b\u00fcy\u00fck <strong>8&#8217;inci soda \u00fcreticisi<\/strong> olmam\u0131z\u0131n yan\u0131 s\u0131ra<strong> krom kimyasallar\u0131nda<\/strong> ise <strong>d\u00fcnyada lider<\/strong> konumday\u0131z. Kurulu\u015fumuzdan bu yana aradan ge\u00e7en <strong>85 y\u0131lda<\/strong> \u00fclkemiz ekonomisi ve istihdama her daim katk\u0131 sa\u011flaman\u0131n hakl\u0131 gururunu ya\u015f\u0131yoruz. S\u00fcrd\u00fcr\u00fclebilir b\u00fcy\u00fcme hedefimiz do\u011frultusundaki yat\u0131r\u0131mlar\u0131m\u0131zla \u00fclkemiz ekonomisine katk\u0131 sa\u011flamaya ve t\u00fcm payda\u015flar\u0131m\u0131z i\u00e7in de\u011fer yaratmaya devam edece\u011fiz\u201d diye konu\u015ftu.<\/p>\n<h2><strong>\u201cD\u00fczcam \u00fcretiminde Avrupa\u2019daki liderli\u011fimizi daha da peki\u015ftirdik\u201d<\/strong><\/h2>\n<p>T\u00fcm faaliyet alanlar\u0131nda oldu\u011fu gibi <strong>d\u00fczcam alan\u0131nda<\/strong> da bir\u00e7ok ilke imza atan <strong>\u015ei\u015fecam<\/strong>\u2019\u0131n T\u00fcrkiye\u2019de ve b\u00f6lgede <strong>d\u00fczcam sekt\u00f6r\u00fcn\u00fcn geli\u015fimine \u00f6nc\u00fcl\u00fck<\/strong> etti\u011fine dikkat \u00e7eken K\u0131rman, \u015f\u00f6yle devam etti: \u201cBug\u00fcn d\u00fczcam alan\u0131ndaki faaliyetlerimizi <strong>mimari camlar, enerji camlar\u0131<\/strong> ve <strong>beyaz e\u015fya camlar\u0131<\/strong> olmak \u00fczere <strong>3 farkl\u0131 ba\u015fl\u0131kta<\/strong> y\u00fcr\u00fct\u00fcyor; <strong>in\u015faat, mobilya, enerji ve beyaz e\u015fya<\/strong> gibi \u00f6nemli sekt\u00f6rlere girdi sa\u011fl\u0131yoruz. \u00dclkemizde <strong>Bursa Yeni\u015fehir, K\u0131rklareli, Mersin<\/strong> ve <strong>Ankara Polatl\u0131<\/strong> olmak \u00fczere toplamda <strong>4 \u00fcretim tesisiyle d\u00fczcam faaliyetlerimizi<\/strong> s\u00fcrd\u00fcr\u00fcyoruz. Yeni yat\u0131r\u0131m\u0131m\u0131zla birlikte y\u0131ll\u0131k \u00fcretim kapasitesi <strong>540 bin tona<\/strong> ula\u015fan <strong>Polatl\u0131\u2019daki<\/strong> tesisimiz Avrupa\u2019n\u0131n en b\u00fcy\u00fck <strong>d\u00fczcam \u00fcretim \u00fcsleri<\/strong>nden biri haline geldi. \u00dclkemizdeki <strong>d\u00fczcam f\u0131r\u0131n\u0131 say\u0131m\u0131z<\/strong> da<strong> 8&#8217;e<\/strong> \u00e7\u0131kt\u0131. Toplam d\u00fczcam \u00fcretim kapasitemiz ise y\u0131ll\u0131k <strong>3,4 milyon tona<\/strong> ula\u015f\u0131rken, <strong>d\u00fczcam \u00fcretimi<\/strong>nde <strong>Avrupa\u2019daki liderli\u011fimizi<\/strong> daha da peki\u015ftirdik.\u201d<\/p>\n<h2><strong>\u201c\u015ei\u015fecam\u2019\u0131n Polatl\u0131\u2019daki toplam yat\u0131r\u0131m tutar\u0131 2 milyar TL\u2019yi a\u015ft\u0131\u201d<\/strong><\/h2>\n<p>\u015ei\u015fecam\u2019\u0131n Polatl\u0131\u2019daki <strong>d\u00fczcam \u00fcretim tesisi<\/strong>nin <strong>2014 y\u0131l\u0131nda<\/strong> kuruldu\u011funda y\u0131ll\u0131k <strong>300 bin tonluk<\/strong> kapasitesiyle T\u00fcrkiye ve yak\u0131n co\u011frafyan\u0131n<strong> en b\u00fcy\u00fck d\u00fczcam f\u0131r\u0131n\u0131na sahip<\/strong> oldu\u011funu belirten K\u0131rman, \u201c<strong>Polatl\u0131<\/strong>\u2019daki <strong>d\u00fczcam \u00fcretim tesisi<\/strong>mizi <strong>1 milyar TL\u2019nin<\/strong> \u00fczerinde (138 milyon dolar) bir yat\u0131r\u0131mla kurmu\u015ftuk. Tesiste 2&#8217;inci f\u0131r\u0131n i\u00e7in yapt\u0131\u011f\u0131m\u0131z yakla\u015f\u0131k<strong> 1 milyar TL\u2019lik<\/strong> (yakla\u015f\u0131k 130 milyon dolar) yat\u0131r\u0131mla birlikte toplam yat\u0131r\u0131m tutar\u0131m\u0131z <strong>2 milyar TL\u2019yi<\/strong> (268 milyon dolar) a\u015ft\u0131\u201d diye konu\u015ftu.<\/p>\n<h2><strong>\u201cPolatl\u0131\u2019daki istihdam\u0131m\u0131z % 30 oran\u0131nda artacak\u201d<\/strong><\/h2>\n<p>\u015ei\u015fecam olarak <strong>yaratt\u0131klar\u0131 istihdamla<\/strong> T\u00fcrkiye\u2019nin \u00f6nde gelen sanayi kurulu\u015flar\u0131 aras\u0131nda yer ald\u0131klar\u0131n\u0131 ifade eden K\u0131rman, \u201c\u00d6nemli bir kapasite art\u0131\u015f\u0131 imkan\u0131 sa\u011flayan <strong>2&#8217;inci f\u0131r\u0131n yat\u0131r\u0131m\u0131yla<\/strong> birlikte Polatl\u0131 tesisindeki istihdam\u0131m\u0131z\u0131 da art\u0131raca\u011f\u0131z. Tesisteki toplam istihdam\u0131m\u0131z <strong>% 30<\/strong>\u2019luk art\u0131\u015fla yakla\u015f\u0131k <strong>300 ki\u015fiye<\/strong> ula\u015facak\u201d diye konu\u015ftu.<\/p>\n<h2><strong>\u201c\u015ei\u015fecam\u2019a de\u011fer kataca\u011f\u0131na inand\u0131\u011f\u0131m\u0131z yeni alanlar\u0131ndaki f\u0131rsatlar\u0131 de\u011ferlendirece\u011fiz\u201d<\/strong><\/h2>\n<p>K\u00fcresel salg\u0131n\u0131n damgas\u0131n\u0131 vurdu\u011fu <strong>2020 y\u0131l\u0131nda<\/strong> da <strong>\u00fcretmeye<\/strong> ve <strong>yat\u0131r\u0131m yapmaya<\/strong> devam ettiklerini vurgulayan K\u0131rman, \u201c<strong>Salg\u0131n d\u00f6nemi<\/strong>nde toplumun temel ihtiya\u00e7lar\u0131na y\u00f6nelik<strong> \u00fcretim<\/strong> ve <strong>hizmetlerimizi<\/strong> aksatmadan \u00e7al\u0131\u015fanlar\u0131m\u0131z, <strong>is\u0327 ortaklar\u0131m\u0131z<\/strong> ve <strong>m\u00fc\u015fterilerimizin<\/strong> sa\u011fl\u0131\u011f\u0131 konusunda \u00fczerimize d\u00fc\u015fen t\u00fcm g\u00f6revleri eksiksiz \u015fekilde yerine getiriyoruz. Sahip oldu\u011fumuz \u00fcst\u00fcn <strong>ara\u015ft\u0131rma<\/strong> ve <strong>teknolojik geli\u015ftirme<\/strong> yetkinli\u011fimiz ve \u00fcretimden gelen g\u00fcc\u00fcm\u00fcz sayesinde de <strong>k\u00fcresel salg\u0131nla m\u00fccadeleye katk\u0131<\/strong> sa\u011fl\u0131yoruz. \u00d6n\u00fcm\u00fczdeki d\u00f6nemde mevcut i\u015f alanlar\u0131m\u0131zda etkinli\u011fimizi art\u0131racak stratejik hamlelerin yan\u0131 s\u0131ra<strong> \u015ei\u015fecam\u2019a<\/strong> de\u011fer kataca\u011f\u0131na inand\u0131\u011f\u0131m\u0131z yeni i\u015f alanlar\u0131ndaki f\u0131rsatlar\u0131 da de\u011ferlendirece\u011fiz\u201d dedi.<\/p>\n<h2><strong>\u201cYeni d\u00fcnya d\u00fczeninde iddial\u0131 hedeflerimize ula\u015fmak i\u00e7in gerekli haz\u0131rl\u0131klar\u0131 yap\u0131yoruz\u201d<\/strong><\/h2>\n<p>K\u0131rman, 2020\u2019nin s\u0131ra d\u0131\u015f\u0131 oldu\u011fu kadar \u015ei\u015fecam a\u00e7\u0131s\u0131ndan da tarihi bir d\u00f6n\u00fcm noktas\u0131 oldu\u011funa dikkat \u00e7ekerek, \u015funlar\u0131 kaydetti: \u201c<strong>2020<\/strong>, <strong>ekonomik ve toplumsal a\u00e7\u0131dan<\/strong> hi\u00e7bir \u015feyin eskisi gibi olmayaca\u011f\u0131 k\u00fcresel salg\u0131n sonras\u0131ndaki <strong>yeni d\u00fcnya d\u00fczeninde<\/strong> \u015ei\u015fecam\u2019\u0131n iddial\u0131 hedeflerine ula\u015fmas\u0131 i\u00e7in gerekli planlama ve haz\u0131rl\u0131klar\u0131 yapt\u0131\u011f\u0131m\u0131z \u00e7ok \u00f6nemli bir y\u0131l. <strong>Uzun d\u00f6nemli stratejilerimiz<\/strong> do\u011frultusunda <strong>k\u00fcresel rekabette g\u00fcc\u00fcm\u00fcze g\u00fc\u00e7 katmak<\/strong> amac\u0131yla t\u00fcm faaliyetlerimizi<strong> tek \u00e7at\u0131 alt\u0131nda birle\u015ftirmek<\/strong> \u00fczere y\u0131l\u0131n ba\u015f\u0131nda ba\u015flatt\u0131\u011f\u0131m\u0131z s\u00fcreci de <strong>nihayete erdirmesinin<\/strong> heyecan\u0131n\u0131 ya\u015f\u0131yoruz. Birle\u015fme i\u015flemine ili\u015fkin tescil i\u015flemleri <strong>30 Eyl\u00fcl 2020<\/strong> tarihi itibar\u0131yla tamamland\u0131. <strong>5 Ekim 2020<\/strong> itibar\u0131yla da <strong>Borsa \u0130stanbul\u2019da<\/strong> i\u015flem g\u00f6ren tek \u015firketimiz ana i\u015ftiraklerini b\u00fcnyesinde konsolide eden <strong>T\u00fcrkiye \u015ei\u015fe ve Cam Fabrikalar\u0131 A.\u015e.<\/strong> olacak.\u201d<\/p>","protected":false},"excerpt":{"rendered":"<p>Sorry, this entry is only available in Turkish. For the sake of viewer convenience, the content is shown below in the alternative language. You may click the link to switch the active language. \u015ei\u015fecam Y\u00f6netim Kurulu Ba\u015fkan Vekili ve Genel M\u00fcd\u00fcr\u00fc Prof. Dr. Ahmet K\u0131rman, yeni yat\u0131r\u0131ma ili\u015fkin olarak yapt\u0131\u011f\u0131 a\u00e7\u0131klamada, k\u00fcresel salg\u0131n\u0131n yaratt\u0131\u011f\u0131 belirsizlik [&hellip;]<\/p>\n","protected":false},"author":1,"featured_media":121144,"comment_status":"open","ping_status":"open","sticky":false,"template":"","format":"standard","meta":[],"categories":[53,52],"tags":[80146,49207,80148,80149,57625,52259,80147,32734,76792,57125,66175],"views":81,"_links":{"self":[{"href":"https:\/\/www.enerjigazetesi.ist\/en\/wp-json\/wp\/v2\/posts\/121141"}],"collection":[{"href":"https:\/\/www.enerjigazetesi.ist\/en\/wp-json\/wp\/v2\/posts"}],"about":[{"href":"https:\/\/www.enerjigazetesi.ist\/en\/wp-json\/wp\/v2\/types\/post"}],"author":[{"embeddable":true,"href":"https:\/\/www.enerjigazetesi.ist\/en\/wp-json\/wp\/v2\/users\/1"}],"replies":[{"embeddable":true,"href":"https:\/\/www.enerjigazetesi.ist\/en\/wp-json\/wp\/v2\/comments?post=121141"}],"version-history":[{"count":0,"href":"https:\/\/www.enerjigazetesi.ist\/en\/wp-json\/wp\/v2\/posts\/121141\/revisions"}],"wp:featuredmedia":[{"embeddable":true,"href":"https:\/\/www.enerjigazetesi.ist\/en\/wp-json\/wp\/v2\/media\/121144"}],"wp:attachment":[{"href":"https:\/\/www.enerjigazetesi.ist\/en\/wp-json\/wp\/v2\/media?parent=121141"}],"wp:term":[{"taxonomy":"category","embeddable":true,"href":"https:\/\/www.enerjigazetesi.ist\/en\/wp-json\/wp\/v2\/categories?post=121141"},{"taxonomy":"post_tag","embeddable":true,"href":"https:\/\/www.enerjigazetesi.ist\/en\/wp-json\/wp\/v2\/tags?post=121141"}],"curies":[{"name":"wp","href":"https:\/\/api.w.org\/{rel}","templated":true}]}}