{"id":12104,"date":"2013-06-19T13:38:26","date_gmt":"2013-06-19T10:38:26","guid":{"rendered":"https:\/\/www.enerjigazetesi.ist\/?p=12104"},"modified":"2013-06-19T13:38:26","modified_gmt":"2013-06-19T10:38:26","slug":"siemens-gunes-enerjisi-birimini-kapatiyor","status":"publish","type":"post","link":"https:\/\/www.enerjigazetesi.ist\/en\/siemens-gunes-enerjisi-birimini-kapatiyor\/","title":{"rendered":"(Turkish) Siemens G\u00fcne\u015f Enerjisi Birimini Kapat\u0131yor!"},"content":{"rendered":"<p class=\"qtranxs-available-languages-message qtranxs-available-languages-message-en\">Sorry, this entry is only available in <a href=\"https:\/\/www.enerjigazetesi.ist\/tr\/wp-json\/wp\/v2\/posts\/12104\" class=\"qtranxs-available-language-link qtranxs-available-language-link-tr\" title=\"Turkish\">Turkish<\/a>. For the sake of viewer convenience, the content is shown below in the alternative language. You may click the link to switch the active language.<\/p><p><strong>Siemens\u00a0g\u00fcne\u015f enerjisi biriminin sat\u0131\u015f g\u00f6r\u00fc\u015fmelerinin olumlu sonu\u00e7lanmad\u0131\u011f\u0131n\u0131 belirtilerek g\u00fcne\u015f enerjisi birimini tamamen kapataca\u011f\u0131 a\u00e7\u0131kland\u0131.<\/strong><\/p>\n<p>Siemens taraf\u0131ndan yap\u0131lan a\u00e7\u0131klamada \u015firketin 2012&#8217;nin Ekim ay\u0131nda g\u00fcne\u015f\u00a0 enerjisi sekt\u00f6r\u00fcnden \u00e7\u0131kma karar\u0131 almas\u0131n\u0131n ard\u0131ndan, yo\u011funla\u015ft\u0131rmal\u0131 g\u00fcne\u015f\u00a0 enerjisi (CSP) birimini satmak i\u00e7in baz\u0131 yat\u0131r\u0131mc\u0131lar ile g\u00f6r\u00fc\u015ft\u00fc\u011f\u00fc fakat pazar\u00a0 ko\u015fullar\u0131ndaki artan zorluklar nedeni ile bu g\u00f6r\u00fc\u015fmelerin olumlu sonu\u00e7lanmad\u0131\u011f\u0131\u00a0 kaydedildi.<\/p>\n<p><a href=\"https:\/\/www.enerjigazetesi.ist\/wp-content\/uploads\/2013\/06\/siemens-csp-gunes-enerjisi-birimi.jpg\"><img loading=\"lazy\" class=\"alignleft size-medium wp-image-12105\" title=\"siemens-csp-gunes-enerjisi-birimi\" src=\"https:\/\/www.enerjigazetesi.ist\/wp-content\/uploads\/2013\/06\/siemens-csp-gunes-enerjisi-birimi-300x163.jpg\" alt=\"\" width=\"300\" height=\"163\" srcset=\"https:\/\/www.enerjigazetesi.ist\/wp-content\/uploads\/2013\/06\/siemens-csp-gunes-enerjisi-birimi-300x163.jpg 300w, https:\/\/www.enerjigazetesi.ist\/wp-content\/uploads\/2013\/06\/siemens-csp-gunes-enerjisi-birimi-80x43.jpg 80w, https:\/\/www.enerjigazetesi.ist\/wp-content\/uploads\/2013\/06\/siemens-csp-gunes-enerjisi-birimi.jpg 460w\" sizes=\"(max-width: 300px) 100vw, 300px\" \/><\/a>Siemens 2009 y\u0131l\u0131nda termal g\u00fcne\u015f enerjisi alan\u0131nda \u00e7al\u0131\u015fan \u0130srail merkezli\u00a0 Solel Solar \u015firketini 418 milyon dolara sat\u0131n alarak bu alandaki \u00e7al\u0131\u015fmalar\u0131n\u0131\u00a0 yo\u011funla\u015ft\u0131r\u0131rken, yine ayn\u0131 alanda \u00e7al\u0131\u015fan \u0130talyan Archimede Solar&#8217;a da ortak\u00a0 olmu\u015ftu.<\/p>\n<p>G\u00fcne\u015f enerjisinden \u00e7\u0131k\u0131\u015f karar\u0131 almadan \u00f6nce Siemens&#8217;in g\u00fcne\u015f enerjisi\u00a0 biriminde 680 ki\u015fi \u00e7al\u0131\u015f\u0131rken, bu birim \u015firketin 2011 y\u0131l\u0131ndaki 73.5 milyar\u00a0 avroluk toplam sat\u0131\u015flar\u0131nda 300 milyon avroluk pay sahibi olmu\u015ftu.<\/p>\n<p>Karar \u015firketin \u00e7o\u011funlu\u011fu \u0130srail merkezli Solel Solar Systems \u015firketinden\u00a0 olmak \u00fczere 280 \u00e7al\u0131\u015fan\u0131 etkileyecek iken, \u015firket mevcut s\u00f6zle\u015fmelerinin\u00a0 gerektirdi\u011fi y\u00fck\u00fcml\u00fcl\u00fckleri tamamlaman\u0131n ard\u0131ndan 2014&#8217;\u00fcn bahar aylar\u0131nda g\u00fcne\u015f\u00a0 enerjisi alan\u0131ndaki faaliyetlerini durduracak.<\/p>\n<p>Kaynak: <a href=\"http:\/\/www.yesilekonomi.com\/yenilenebilir-enerji\/siemens-gunes-enerjisi-birimini-kapatiyor\" target=\"_blank\">Ye\u015fil Ekonomi<\/a><\/p>","protected":false},"excerpt":{"rendered":"<p>Sorry, this entry is only available in Turkish. For the sake of viewer convenience, the content is shown below in the alternative language. You may click the link to switch the active language.Siemens\u00a0g\u00fcne\u015f enerjisi biriminin sat\u0131\u015f g\u00f6r\u00fc\u015fmelerinin olumlu sonu\u00e7lanmad\u0131\u011f\u0131n\u0131 belirtilerek g\u00fcne\u015f enerjisi birimini tamamen kapataca\u011f\u0131 a\u00e7\u0131kland\u0131. Siemens taraf\u0131ndan yap\u0131lan a\u00e7\u0131klamada \u015firketin 2012&#8217;nin Ekim ay\u0131nda g\u00fcne\u015f\u00a0 [&hellip;]<\/p>\n","protected":false},"author":1,"featured_media":12105,"comment_status":"open","ping_status":"open","sticky":false,"template":"","format":"standard","meta":[],"categories":[53,49],"tags":[6133,63,67,227,13,2649,1053,105],"views":901,"_links":{"self":[{"href":"https:\/\/www.enerjigazetesi.ist\/en\/wp-json\/wp\/v2\/posts\/12104"}],"collection":[{"href":"https:\/\/www.enerjigazetesi.ist\/en\/wp-json\/wp\/v2\/posts"}],"about":[{"href":"https:\/\/www.enerjigazetesi.ist\/en\/wp-json\/wp\/v2\/types\/post"}],"author":[{"embeddable":true,"href":"https:\/\/www.enerjigazetesi.ist\/en\/wp-json\/wp\/v2\/users\/1"}],"replies":[{"embeddable":true,"href":"https:\/\/www.enerjigazetesi.ist\/en\/wp-json\/wp\/v2\/comments?post=12104"}],"version-history":[{"count":2,"href":"https:\/\/www.enerjigazetesi.ist\/en\/wp-json\/wp\/v2\/posts\/12104\/revisions"}],"predecessor-version":[{"id":12107,"href":"https:\/\/www.enerjigazetesi.ist\/en\/wp-json\/wp\/v2\/posts\/12104\/revisions\/12107"}],"wp:featuredmedia":[{"embeddable":true,"href":"https:\/\/www.enerjigazetesi.ist\/en\/wp-json\/wp\/v2\/media\/12105"}],"wp:attachment":[{"href":"https:\/\/www.enerjigazetesi.ist\/en\/wp-json\/wp\/v2\/media?parent=12104"}],"wp:term":[{"taxonomy":"category","embeddable":true,"href":"https:\/\/www.enerjigazetesi.ist\/en\/wp-json\/wp\/v2\/categories?post=12104"},{"taxonomy":"post_tag","embeddable":true,"href":"https:\/\/www.enerjigazetesi.ist\/en\/wp-json\/wp\/v2\/tags?post=12104"}],"curies":[{"name":"wp","href":"https:\/\/api.w.org\/{rel}","templated":true}]}}