{"id":121029,"date":"2020-09-29T12:04:45","date_gmt":"2020-09-29T09:04:45","guid":{"rendered":"https:\/\/www.enerjigazetesi.ist\/?p=121029"},"modified":"2020-09-29T12:08:18","modified_gmt":"2020-09-29T09:08:18","slug":"kobi-lere-yonelik-gunes-enerji-santralleri-sigortasi-nda-sigorta-urunu","status":"publish","type":"post","link":"https:\/\/www.enerjigazetesi.ist\/en\/kobi-lere-yonelik-gunes-enerji-santralleri-sigortasi-nda-sigorta-urunu\/","title":{"rendered":"(Turkish) Kobi\u2019lere Y\u00f6nelik G\u00fcne\u015f Enerji Santralleri Sigortas\u0131 \u00dcr\u00fcn\u00fc"},"content":{"rendered":"<p class=\"qtranxs-available-languages-message qtranxs-available-languages-message-en\">Sorry, this entry is only available in <a href=\"https:\/\/www.enerjigazetesi.ist\/tr\/wp-json\/wp\/v2\/posts\/121029\" class=\"qtranxs-available-language-link qtranxs-available-language-link-tr\" title=\"Turkish\">Turkish<\/a>. For the sake of viewer convenience, the content is shown below in the alternative language. You may click the link to switch the active language.<\/p><p><\/p>\n<h1><strong>Ge\u00e7ti\u011fimiz y\u0131l ba\u015flatt\u0131\u011f\u0131 \u2018Yerk\u00fcreye Sayg\u0131\u2019 projesi ile k\u00fcresel iklim de\u011fi\u015fikli\u011fine dikkat \u00e7ekerek bu alanda yenilik\u00e7i \u00fcr\u00fcn ve hizmetler geli\u015ftiren Sompo Sigorta, <\/strong><strong>yenilenebilir enerji sistemlerine destek vermek amac\u0131yla G\u00fcne\u015f Enerji Santrali (GES) Sigortas\u0131 \u00fcr\u00fcn\u00fcn\u00fc KOB\u0130\u2019lerin kullan\u0131m\u0131na sundu.<\/strong><\/h1>\n<p><strong><img loading=\"lazy\" class=\"alignright wp-image-121031\" src=\"https:\/\/www.enerjigazetesi.ist\/wp-content\/uploads\/2020\/09\/kobi-lere-yonelik-gunes-enerji-santralleri-sigortasi-nda-sompo-imzasi-2.jpg\" alt=\"\" width=\"320\" height=\"483\" srcset=\"https:\/\/www.enerjigazetesi.ist\/wp-content\/uploads\/2020\/09\/kobi-lere-yonelik-gunes-enerji-santralleri-sigortasi-nda-sompo-imzasi-2.jpg 646w, https:\/\/www.enerjigazetesi.ist\/wp-content\/uploads\/2020\/09\/kobi-lere-yonelik-gunes-enerji-santralleri-sigortasi-nda-sompo-imzasi-2-199x300.jpg 199w, https:\/\/www.enerjigazetesi.ist\/wp-content\/uploads\/2020\/09\/kobi-lere-yonelik-gunes-enerji-santralleri-sigortasi-nda-sompo-imzasi-2-265x400.jpg 265w, https:\/\/www.enerjigazetesi.ist\/wp-content\/uploads\/2020\/09\/kobi-lere-yonelik-gunes-enerji-santralleri-sigortasi-nda-sompo-imzasi-2-33x50.jpg 33w\" sizes=\"(max-width: 320px) 100vw, 320px\" \/>\u0130klim krizi<\/strong> konusunu b\u00fct\u00fcn\u00fcyle sahiplenerek bu alanda <strong>toplumsal<\/strong> ve <strong>bireysel<\/strong> fark\u0131ndal\u0131k yaratma hedefiyle <strong>\u201cYerk\u00fcreye Sayg\u0131\u201d projesi<\/strong>ni y\u00fcr\u00fcten <strong>Sompo Sigorta<\/strong> bu kapsamda, <strong>yenilenebilir enerji sistemlerine destek<\/strong> ve <strong>koruma sa\u011flamak<\/strong> amac\u0131yla KOB\u0130\u2019lere y\u00f6nelik<strong> G\u00fcne\u015f Enerji Santrali (GES) Sigortas\u0131 \u00fcr\u00fcn\u00fc<\/strong>n\u00fc piyasaya sundu.<\/p>\n<p><strong>KOB\u0130 \u0130\u015fyeri Paket Sigortas\u0131<\/strong> kapsam\u0131nda zemine kurulu yer tipi elektrik \u00fcretimi yapan <strong>g\u00fcne\u015f enerji santralleri<\/strong>nin<strong> yang\u0131n, do\u011fal afetler, ter\u00f6r, k\u00f6t\u00fc niyetli hareketler, elektronik cihaz, makine k\u0131r\u0131lmas\u0131<\/strong> ve buna ba\u011fl\u0131 <strong>kar kay\u0131plar\u0131<\/strong>, <strong>i\u015fveren<\/strong> ve <strong>3&#8217;\u00fcnc\u00fc \u015fah\u0131s mali mesuliyet<\/strong> gibi teminatlarla geni\u015f kapsamda g\u00fcvence sa\u011fl\u0131yor. Sompo, <strong>GES sigorta poli\u00e7eleri<\/strong>nde maddi hasara ba\u011fl\u0131 olmayan <strong>performans kayb\u0131n\u0131<\/strong> da <strong>teminat alt\u0131na<\/strong> al\u0131yor.<\/p>\n<h2><strong>\u201cGezegenimizin s\u00fcrd\u00fcr\u00fclebilirli\u011fine katk\u0131 sa\u011flayan \u00fcr\u00fcnlerimizle KOB\u0130\u2019lerimizin yan\u0131nday\u0131z\u201d<\/strong><\/h2>\n<p>Konu ile ilgili bilgi veren <strong>Sompo Sigorta Kurumsal Teknik ve Kurumsal Sat\u0131\u015f Genel M\u00fcd\u00fcr Yard\u0131mc\u0131s\u0131 Ataman Kalkan<\/strong>, \u201cD\u00fcnyam\u0131z\u0131n gelece\u011fini tehdit eden problemlerin ba\u015f\u0131nda enerji ihtiyac\u0131n\u0131n kar\u015f\u0131lanmas\u0131nda halen <strong>fosil yak\u0131tlar<\/strong>\u0131n <strong>1&#8217;inci s\u0131rada<\/strong> yer almas\u0131, mevcut<strong> enerji \u00fcretim<\/strong> ve <strong>t\u00fcketim<\/strong> al\u0131\u015fkanl\u0131klar\u0131n\u0131n <strong>s\u00fcrd\u00fcr\u00fclebilir olmamas\u0131<\/strong> yer al\u0131yor. Bu durum ise<strong> iklim de\u011fi\u015fikli\u011fi&#8217;<\/strong>nin en \u00f6nemli sebeplerinden biri olarak g\u00f6steriliyor. Oysaki \u00fclkemiz;\u00a0 y\u0131ll\u0131k ortalama <strong>2 bin 640 saatlik g\u00fcne\u015flenme s\u00fcresi<\/strong> ile <strong>g\u00fcne\u015f enerjisi potansiyeli<\/strong> a\u00e7\u0131s\u0131ndan bir\u00e7ok \u00fclkeye g\u00f6re \u015fansl\u0131 bir konumda yer al\u0131yor. <strong>\u0130klim de\u011fi\u015fikli\u011fi<\/strong> konusunu b\u00fct\u00fcn\u00fcyle sahiplenen bir marka olarak, <strong>yenilenebilir enerji kaynaklar\u0131<\/strong>n\u0131n ve <strong>enerji verimlili\u011finin art\u0131r\u0131lmas\u0131<\/strong>, <strong>g\u00fcne\u015f enerjisi potansiyeli<\/strong>nin daha verimli \u015fekilde kullan\u0131lmas\u0131 \u00f6nceliklerimiz aras\u0131nda yer al\u0131yor. Bu bak\u0131\u015f a\u00e7\u0131s\u0131yla bug\u00fcne kadar yaln\u0131zca bile\u015fik \u00fcr\u00fcn\u00fcm\u00fczde s\u0131nai i\u015flerde sundu\u011fumuz <strong>GES teminat\u0131<\/strong>n\u0131, Yerk\u00fcreye Sayg\u0131 projemiz kapsam\u0131nda geli\u015ftirdi\u011fimiz yeni \u00fcr\u00fcn\u00fcm\u00fczle paketle\u015ftirilmi\u015f olarak <strong>KOB\u0130<\/strong>\u2019lerimize y\u00f6nelik de sunabilece\u011fiz. Bug\u00fcne kadar oldu\u011fu gibi bundan sonra da m\u00fc\u015fterilerimizi anlamaya ve \u00e7a\u011f\u0131n gerekliliklerine uyum sa\u011flayan <strong>g\u00fc\u00e7l\u00fc, yenilik\u00e7i<\/strong> ve <strong>gezegenimizin s\u00fcrd\u00fcr\u00fclebilirli\u011fine katk\u0131 sa\u011flayan<\/strong> \u00fcr\u00fcnlerimizle KOB\u0130\u2019lerimizin yan\u0131nda olmaya devam edece\u011fiz\u201d dedi.<\/p>\n<h2><strong>\u201cMaddi hasara ba\u011fl\u0131 olmayan performans kayb\u0131 da teminat alt\u0131nda\u201d<\/strong><\/h2>\n<p>KOB\u0130\u2019lere y\u00f6nelik <strong>GES Sigorta poli\u00e7eleri<\/strong>nde maddi hasara ba\u011fl\u0131 olmayan <strong>performans kayb\u0131<\/strong>n\u0131 da <strong>teminat alt\u0131na<\/strong> ald\u0131klar\u0131n\u0131 ifade eden Kalkan, \u201c<strong>GES poli\u00e7e teminatlar\u0131<\/strong>m\u0131z ile zemine kurulu <strong>yer tipi elektrik \u00fcretimi<\/strong> yapan <strong>g\u00fcne\u015f enerji santralleri<\/strong>ni her t\u00fcrl\u00fc<strong> do\u011fal afet <\/strong>ve<strong> yang\u0131n, k\u00f6t\u00fc niyetli sald\u0131r\u0131lar<\/strong> ve <strong>sistem ar\u0131zalar\u0131<\/strong>na ba\u011fl\u0131 maddi hasarlara kar\u015f\u0131 korumaya al\u0131yoruz.\u00a0 KOB\u0130\u2019lere sundu\u011fumuz bu yeni <strong>GES sigortas\u0131 \u00fcr\u00fcn\u00fc<\/strong>m\u00fczle, yenilenebilir enerji sekt\u00f6r\u00fcne sa\u011flad\u0131\u011f\u0131m\u0131z <strong>koruma<\/strong> ve <strong>deste\u011fin kapsam\u0131n\u0131 geni\u015fletmi\u015f<\/strong> olmaktan b\u00fcy\u00fck mutluluk duyuyoruz\u201d \u015feklinde konu\u015ftu.<\/p>","protected":false},"excerpt":{"rendered":"<p>Sorry, this entry is only available in Turkish. For the sake of viewer convenience, the content is shown below in the alternative language. You may click the link to switch the active language. Ge\u00e7ti\u011fimiz y\u0131l ba\u015flatt\u0131\u011f\u0131 \u2018Yerk\u00fcreye Sayg\u0131\u2019 projesi ile k\u00fcresel iklim de\u011fi\u015fikli\u011fine dikkat \u00e7ekerek bu alanda yenilik\u00e7i \u00fcr\u00fcn ve hizmetler geli\u015ftiren Sompo Sigorta, yenilenebilir [&hellip;]<\/p>\n","protected":false},"author":1,"featured_media":121032,"comment_status":"open","ping_status":"open","sticky":false,"template":"","format":"standard","meta":[],"categories":[51,53,49],"tags":[80048,52259,80051,80050,80052,80049,80044,80046,944,53157,60026,80047,80045,54979],"views":160,"_links":{"self":[{"href":"https:\/\/www.enerjigazetesi.ist\/en\/wp-json\/wp\/v2\/posts\/121029"}],"collection":[{"href":"https:\/\/www.enerjigazetesi.ist\/en\/wp-json\/wp\/v2\/posts"}],"about":[{"href":"https:\/\/www.enerjigazetesi.ist\/en\/wp-json\/wp\/v2\/types\/post"}],"author":[{"embeddable":true,"href":"https:\/\/www.enerjigazetesi.ist\/en\/wp-json\/wp\/v2\/users\/1"}],"replies":[{"embeddable":true,"href":"https:\/\/www.enerjigazetesi.ist\/en\/wp-json\/wp\/v2\/comments?post=121029"}],"version-history":[{"count":0,"href":"https:\/\/www.enerjigazetesi.ist\/en\/wp-json\/wp\/v2\/posts\/121029\/revisions"}],"wp:featuredmedia":[{"embeddable":true,"href":"https:\/\/www.enerjigazetesi.ist\/en\/wp-json\/wp\/v2\/media\/121032"}],"wp:attachment":[{"href":"https:\/\/www.enerjigazetesi.ist\/en\/wp-json\/wp\/v2\/media?parent=121029"}],"wp:term":[{"taxonomy":"category","embeddable":true,"href":"https:\/\/www.enerjigazetesi.ist\/en\/wp-json\/wp\/v2\/categories?post=121029"},{"taxonomy":"post_tag","embeddable":true,"href":"https:\/\/www.enerjigazetesi.ist\/en\/wp-json\/wp\/v2\/tags?post=121029"}],"curies":[{"name":"wp","href":"https:\/\/api.w.org\/{rel}","templated":true}]}}