{"id":121013,"date":"2020-09-28T17:18:42","date_gmt":"2020-09-28T14:18:42","guid":{"rendered":"https:\/\/www.enerjigazetesi.ist\/?p=121013"},"modified":"2020-09-28T17:19:26","modified_gmt":"2020-09-28T14:19:26","slug":"cinde-kisi-basi-karbondioksit-emisyon-orani-yuzde-48-orani-nda-geriledi","status":"publish","type":"post","link":"https:\/\/www.enerjigazetesi.ist\/en\/cinde-kisi-basi-karbondioksit-emisyon-orani-yuzde-48-orani-nda-geriledi\/","title":{"rendered":"(Turkish) \u00c7in\u2019de Ki\u015fi Ba\u015f\u0131 Karbondioksit Emisyonu % 48 Oran\u0131nda Geriledi"},"content":{"rendered":"<p class=\"qtranxs-available-languages-message qtranxs-available-languages-message-en\">Sorry, this entry is only available in <a href=\"https:\/\/www.enerjigazetesi.ist\/tr\/wp-json\/wp\/v2\/posts\/121013\" class=\"qtranxs-available-language-link qtranxs-available-language-link-tr\" title=\"Turkish\">Turkish<\/a>. For the sake of viewer convenience, the content is shown below in the alternative language. You may click the link to switch the active language.<\/p><p><\/p>\n<h1><strong>\u00c7in\u2019in iklim de\u011fi\u015fikli\u011fiyle m\u00fccadele ve d\u00fc\u015f\u00fck karbonlu ekonomik geli\u015fme kaydedildi\u011fi bildirilirken yay\u0131mlanan istatistiklere g\u00f6re, \u00c7in\u2019in Gayri Safi Yurt \u0130\u00e7i Has\u0131las\u0131 (GSY\u0130H)\u00a0 baz\u0131nda ki\u015fi ba\u015f\u0131na karbondioksit emisyonu 2019&#8217;da 2015&#8217;e oranla % 18,2, 2005 y\u0131l\u0131na oranla ise % 48,1 azald\u0131. Bu rakamlar, \u00c7in h\u00fck\u00fcmeti taraf\u0131ndan taahh\u00fct edilen azal\u0131\u015f <img loading=\"lazy\" class=\"alignright wp-image-121015\" src=\"https:\/\/www.enerjigazetesi.ist\/wp-content\/uploads\/2020\/09\/cinde-kisi-basi-karbondioksit-emisyon-orani-yuzde-48-orani-nda-geriledi.jpg\" alt=\"\" width=\"320\" height=\"180\" srcset=\"https:\/\/www.enerjigazetesi.ist\/wp-content\/uploads\/2020\/09\/cinde-kisi-basi-karbondioksit-emisyon-orani-yuzde-48-orani-nda-geriledi.jpg 660w, https:\/\/www.enerjigazetesi.ist\/wp-content\/uploads\/2020\/09\/cinde-kisi-basi-karbondioksit-emisyon-orani-yuzde-48-orani-nda-geriledi-300x169.jpg 300w, https:\/\/www.enerjigazetesi.ist\/wp-content\/uploads\/2020\/09\/cinde-kisi-basi-karbondioksit-emisyon-orani-yuzde-48-orani-nda-geriledi-500x281.jpg 500w, https:\/\/www.enerjigazetesi.ist\/wp-content\/uploads\/2020\/09\/cinde-kisi-basi-karbondioksit-emisyon-orani-yuzde-48-orani-nda-geriledi-80x45.jpg 80w\" sizes=\"(max-width: 320px) 100vw, 320px\" \/>miktar\u0131n\u0131n a\u015f\u0131ld\u0131\u011f\u0131n\u0131 g\u00f6zler \u00f6n\u00fcne sermektedir.<\/strong><\/h1>\n<p><strong>\u00c7in Uluslararas\u0131 Radyosu<\/strong>&#8216;nda yay\u0131nlanan habere g\u00f6re<strong> \u00c7in Ekoloji ve \u00c7evre Bakanl\u0131\u011f\u0131 \u0130klim De\u011fi\u015fikli\u011fiyle M\u00fccadele<\/strong> Departman\u0131 M\u00fcd\u00fcr\u00fc <strong>Gao Jie<\/strong> d\u00fcn\u00a0 d\u00fczenledi\u011fi bas\u0131n toplant\u0131s\u0131nda, <strong>karbondioksit emisyonu<\/strong>nu azaltman\u0131n,<strong> 5 y\u0131ll\u0131k<\/strong> ekonomik plan kapsam\u0131na al\u0131nd\u0131\u011f\u0131n\u0131 dile getirdi. Gao yapt\u0131\u011f\u0131 a\u00e7\u0131klamada, \u201c\u00c7in\u2019de ge\u00e7ti\u011fimiz y\u0131l<strong> fosil k\u00f6kenli olmayan<\/strong> enerjinin t\u00fcketim miktar\u0131, <strong>toplam enerji t\u00fcketimi<\/strong>nin <strong>% 15,3<\/strong>\u2019\u00fcn\u00fc olu\u015fturdu ve <strong>2005 y\u0131l\u0131na<\/strong> k\u0131yasla <strong>7,9 puan<\/strong> artt\u0131. \u00dclkedeki ormanl\u0131k alanlar\u0131n\u00a0 y\u00fcz\u00f6l\u00e7\u00fcm\u00fc <strong>2018<\/strong> y\u0131l\u0131nda <strong>2005\u2019e<\/strong> k\u0131yasla <strong>45 milyon 90 bin hektar<\/strong> artt\u0131. <strong>Ormanl\u0131k alanlar\u0131n art\u0131\u015f h\u0131z\u0131<\/strong> bak\u0131m\u0131ndan<strong> \u00c7in<\/strong> d\u00fcnyada lider konumuna <strong>y\u00fckseldi<\/strong>\u201d dedi.<\/p>\n<p>Gao, <strong>gelecekte d\u00fc\u015f\u00fck karbonlu ticaret sistemi<\/strong> ve <strong>ye\u015fil enerji kaynaklar\u0131n\u0131n geli\u015ftirilmesi<\/strong> y\u00f6n\u00fcnde <strong>daha b\u00fcy\u00fck \u00e7aba g\u00f6stereceklerini\u00a0<\/strong>s\u00f6zlerine ekledi.<\/p>","protected":false},"excerpt":{"rendered":"<p>Sorry, this entry is only available in Turkish. For the sake of viewer convenience, the content is shown below in the alternative language. You may click the link to switch the active language. \u00c7in\u2019in iklim de\u011fi\u015fikli\u011fiyle m\u00fccadele ve d\u00fc\u015f\u00fck karbonlu ekonomik geli\u015fme kaydedildi\u011fi bildirilirken yay\u0131mlanan istatistiklere g\u00f6re, \u00c7in\u2019in Gayri Safi Yurt \u0130\u00e7i Has\u0131las\u0131 (GSY\u0130H)\u00a0 baz\u0131nda [&hellip;]<\/p>\n","protected":false},"author":1,"featured_media":121015,"comment_status":"open","ping_status":"open","sticky":false,"template":"","format":"standard","meta":[],"categories":[51,53,52],"tags":[886,3580,80029,52259,80028,80027,10921,1775,53258,57125,37032,80030],"views":135,"_links":{"self":[{"href":"https:\/\/www.enerjigazetesi.ist\/en\/wp-json\/wp\/v2\/posts\/121013"}],"collection":[{"href":"https:\/\/www.enerjigazetesi.ist\/en\/wp-json\/wp\/v2\/posts"}],"about":[{"href":"https:\/\/www.enerjigazetesi.ist\/en\/wp-json\/wp\/v2\/types\/post"}],"author":[{"embeddable":true,"href":"https:\/\/www.enerjigazetesi.ist\/en\/wp-json\/wp\/v2\/users\/1"}],"replies":[{"embeddable":true,"href":"https:\/\/www.enerjigazetesi.ist\/en\/wp-json\/wp\/v2\/comments?post=121013"}],"version-history":[{"count":0,"href":"https:\/\/www.enerjigazetesi.ist\/en\/wp-json\/wp\/v2\/posts\/121013\/revisions"}],"wp:featuredmedia":[{"embeddable":true,"href":"https:\/\/www.enerjigazetesi.ist\/en\/wp-json\/wp\/v2\/media\/121015"}],"wp:attachment":[{"href":"https:\/\/www.enerjigazetesi.ist\/en\/wp-json\/wp\/v2\/media?parent=121013"}],"wp:term":[{"taxonomy":"category","embeddable":true,"href":"https:\/\/www.enerjigazetesi.ist\/en\/wp-json\/wp\/v2\/categories?post=121013"},{"taxonomy":"post_tag","embeddable":true,"href":"https:\/\/www.enerjigazetesi.ist\/en\/wp-json\/wp\/v2\/tags?post=121013"}],"curies":[{"name":"wp","href":"https:\/\/api.w.org\/{rel}","templated":true}]}}