{"id":120948,"date":"2020-09-28T10:22:31","date_gmt":"2020-09-28T07:22:31","guid":{"rendered":"https:\/\/www.enerjigazetesi.ist\/?p=120948"},"modified":"2020-09-28T10:30:46","modified_gmt":"2020-09-28T07:30:46","slug":"unicef-turkiye-turkiye-de-ilk-kez-kripto-para-ile-bagis-kabulune-basladi","status":"publish","type":"post","link":"https:\/\/www.enerjigazetesi.ist\/en\/unicef-turkiye-turkiye-de-ilk-kez-kripto-para-ile-bagis-kabulune-basladi\/","title":{"rendered":"(Turkish) &#8217;UNICEF T\u00fcrkiye&#8217; T\u00fcrkiye\u2019de \u0130lk Kez Kripto Para \u0130le Ba\u011f\u0131\u015f Kabul\u00fcne Ba\u015flad\u0131"},"content":{"rendered":"<p class=\"qtranxs-available-languages-message qtranxs-available-languages-message-en\">Sorry, this entry is only available in <a href=\"https:\/\/www.enerjigazetesi.ist\/tr\/wp-json\/wp\/v2\/posts\/120948\" class=\"qtranxs-available-language-link qtranxs-available-language-link-tr\" title=\"Turkish\">Turkish<\/a>. For the sake of viewer convenience, the content is shown below in the alternative language. You may click the link to switch the active language.<\/p><p><\/p>\n<h1><strong>T\u00fcrkiye\u2019de ilk kez Paribu \u00fczerinden ger\u00e7ekle\u015fecek olan UNICEF T\u00fcrkiye\u2019ye kripto parayla ba\u011f\u0131\u015flar, dezavantajl\u0131 \u00e7ocuklar\u0131n ihtiya\u00e7lar\u0131 i\u00e7in de\u011ferlendirilecek.<\/strong><\/h1>\n<p><strong>Kripto para i\u015flem platformu<\/strong> Paribu, <strong>UNICEF (Birle\u015fmi\u015f Milletler \u00c7ocuklara Yard\u0131m Fonu)<\/strong> T\u00fcrkiye Milli Komitesi ile \u00e7<strong>ocuklar\u0131n gelece\u011fi i\u00e7in i\u015f birli\u011fine gitti\u011fini<\/strong> duyurdu.<\/p>\n<p>Buna g\u00f6re, <strong>UNICEF T\u00fcrkiye, Bitcoin<\/strong> ve <strong>Ethereum kripto para birimleri<\/strong>ni Paribu \u00fczerinden alabilecek, tutabilecek ve ba\u011f\u0131\u015f kabul edebilecek. Bug\u00fcne kadar d\u00fcnyada yaln\u0131zca <strong>ABD, Avustralya, Yeni Zelanda ve <img loading=\"lazy\" class=\"alignright wp-image-120950\" src=\"https:\/\/www.enerjigazetesi.ist\/wp-content\/uploads\/2020\/09\/unicef-turkiye-turkiye-de-ilk-kez-kripto-para-ile-bagis-kabulune-basladi.jpg\" alt=\"\" width=\"320\" height=\"186\" srcset=\"https:\/\/www.enerjigazetesi.ist\/wp-content\/uploads\/2020\/09\/unicef-turkiye-turkiye-de-ilk-kez-kripto-para-ile-bagis-kabulune-basladi.jpg 840w, https:\/\/www.enerjigazetesi.ist\/wp-content\/uploads\/2020\/09\/unicef-turkiye-turkiye-de-ilk-kez-kripto-para-ile-bagis-kabulune-basladi-300x174.jpg 300w, https:\/\/www.enerjigazetesi.ist\/wp-content\/uploads\/2020\/09\/unicef-turkiye-turkiye-de-ilk-kez-kripto-para-ile-bagis-kabulune-basladi-768x446.jpg 768w, https:\/\/www.enerjigazetesi.ist\/wp-content\/uploads\/2020\/09\/unicef-turkiye-turkiye-de-ilk-kez-kripto-para-ile-bagis-kabulune-basladi-500x290.jpg 500w, https:\/\/www.enerjigazetesi.ist\/wp-content\/uploads\/2020\/09\/unicef-turkiye-turkiye-de-ilk-kez-kripto-para-ile-bagis-kabulune-basladi-80x46.jpg 80w\" sizes=\"(max-width: 320px) 100vw, 320px\" \/>Fransa\u2019da<\/strong> bu uygulamay\u0131 hayata ge\u00e7iren <strong>UNICEF, T\u00fcrkiye<\/strong> ile be\u015finci \u00fclkede bu imk\u00e2na kavu\u015facak.<\/p>\n<p><strong>UNICEF T\u00fcrkiye Milli Komitesi Genel M\u00fcd\u00fcr\u00fc \u0130nci Haseki, <\/strong>\u201cUNICEF, d\u00fcnya \u00e7ap\u0131nda her \u00e7ocu\u011fun t\u00fcm haklar\u0131na kavu\u015fmas\u0131 i\u00e7in y\u00fcr\u00fctt\u00fc\u011f\u00fc faaliyetlerini sadece g\u00f6n\u00fcll\u00fc ba\u011f\u0131\u015flarla ger\u00e7ekle\u015ftiriyor. <strong>UNICEF<\/strong>\u2019in <strong>\u00e7al\u0131\u015fmalar\u0131n\u0131 desteklemek isteyenlere<\/strong> <em>kripto parayla ba\u011f\u0131\u015f olana\u011f\u0131<\/em> sunarak yenilik\u00e7i bir projeyi hayata ge\u00e7iriyoruz. \u0130\u015f birli\u011fimizle birlikte T\u00fcrkiye\u2019de bu konuda \u00f6nc\u00fc bir ad\u0131m at\u0131l\u0131yor. En zor durumdaki \u00e7ocuklar i\u00e7in y\u00fcr\u00fct\u00fclen \u00e7al\u0131\u015fmalara gelece\u011fin finans d\u00fcnyas\u0131 \u00fczerinden de <strong>katk\u0131 sa\u011flama imk\u00e2n\u0131<\/strong> olu\u015fturmaktan dolay\u0131 heyecan duyuyoruz\u201d dedi.<\/p>\n<p><strong>\u00c7ocuklar\u0131n e\u011fitimi ve ihtiya\u00e7lar\u0131n\u0131n kar\u015f\u0131lanmas\u0131<\/strong> konular\u0131n\u0131n <strong>Paribu\u2019nun<\/strong> temel de\u011ferleri aras\u0131nda oldu\u011funu belirten <strong>Paribu CEO\u2019su Yasin Oral\u00a0<\/strong><span style=\"text-decoration: underline;\">\u015f\u00f6yle konu\u015ftu:<\/span><\/p>\n<p>\u201cUNICEF zor ko\u015fullardaki \u00e7ocuklar\u0131n ihtiya\u00e7lar\u0131 i\u00e7in \u00e7al\u0131\u015fmalar y\u00fcr\u00fcten \u00f6nemli bir organizasyon. Bu bizim de sorumluluk ald\u0131\u011f\u0131m\u0131z bir konu. Yar\u0131n\u0131n d\u00fcnyas\u0131n\u0131<strong> in\u015fa etmek<\/strong> i\u00e7in \u00e7ocuklar\u0131n<strong> e\u011fitim ve sa\u011fl\u0131k<\/strong> ba\u015fta olmak \u00fczere ihtiya\u00e7lar\u0131n\u0131n kar\u015f\u0131lanmas\u0131 konusunda kay\u0131ts\u0131z kal\u0131nmamas\u0131 gerekti\u011fine inan\u0131yoruz. Teknolojinin yard\u0131m\u0131yla \u00f6nemli bir fonun olu\u015fmas\u0131 i\u00e7in <strong>T\u00fcrkiye\u2019de<\/strong> bir ilki ger\u00e7ekle\u015ftiriyoruz.\u201d<\/p>\n<p><strong>Paribu<\/strong> ile <strong>UNICEF T\u00fcrkiye<\/strong>\u2019nin i\u015f birli\u011fi kapsam\u0131nda ilk a\u015famada pop\u00fcler kripto para birimleri <strong>Bitcoin<\/strong> ve <strong>Ethereum<\/strong> ile ba\u011f\u0131\u015f yap\u0131labilecek.<\/p>\n<p>Konu hakk\u0131nda\u00a0<strong>daha fazla bilgi alarak<\/strong>\u00a0<strong>ba\u011f\u0131\u015fta bulunmak<\/strong> i\u00e7in <strong><a href=\"https:\/\/www.paribu.com\/blog\/paribu-rehberi\/paribu-ile-unicefe-nasil-kripto-para-bagisi-yapabilirsiniz\/\" target=\"_blank\" rel=\"nofollow noopener\">TIKLAYIN &gt;&gt;&gt;<\/a><\/strong><\/p>","protected":false},"excerpt":{"rendered":"<p>Sorry, this entry is only available in Turkish. For the sake of viewer convenience, the content is shown below in the alternative language. You may click the link to switch the active language. T\u00fcrkiye\u2019de ilk kez Paribu \u00fczerinden ger\u00e7ekle\u015fecek olan UNICEF T\u00fcrkiye\u2019ye kripto parayla ba\u011f\u0131\u015flar, dezavantajl\u0131 \u00e7ocuklar\u0131n ihtiya\u00e7lar\u0131 i\u00e7in de\u011ferlendirilecek. Kripto para i\u015flem platformu Paribu, [&hellip;]<\/p>\n","protected":false},"author":1,"featured_media":120950,"comment_status":"open","ping_status":"open","sticky":false,"template":"","format":"standard","meta":[],"categories":[51,53,157],"tags":[79942,79940,52259,79943,79937,79938,79939,65918,79936,79935,79941],"views":95,"_links":{"self":[{"href":"https:\/\/www.enerjigazetesi.ist\/en\/wp-json\/wp\/v2\/posts\/120948"}],"collection":[{"href":"https:\/\/www.enerjigazetesi.ist\/en\/wp-json\/wp\/v2\/posts"}],"about":[{"href":"https:\/\/www.enerjigazetesi.ist\/en\/wp-json\/wp\/v2\/types\/post"}],"author":[{"embeddable":true,"href":"https:\/\/www.enerjigazetesi.ist\/en\/wp-json\/wp\/v2\/users\/1"}],"replies":[{"embeddable":true,"href":"https:\/\/www.enerjigazetesi.ist\/en\/wp-json\/wp\/v2\/comments?post=120948"}],"version-history":[{"count":0,"href":"https:\/\/www.enerjigazetesi.ist\/en\/wp-json\/wp\/v2\/posts\/120948\/revisions"}],"wp:featuredmedia":[{"embeddable":true,"href":"https:\/\/www.enerjigazetesi.ist\/en\/wp-json\/wp\/v2\/media\/120950"}],"wp:attachment":[{"href":"https:\/\/www.enerjigazetesi.ist\/en\/wp-json\/wp\/v2\/media?parent=120948"}],"wp:term":[{"taxonomy":"category","embeddable":true,"href":"https:\/\/www.enerjigazetesi.ist\/en\/wp-json\/wp\/v2\/categories?post=120948"},{"taxonomy":"post_tag","embeddable":true,"href":"https:\/\/www.enerjigazetesi.ist\/en\/wp-json\/wp\/v2\/tags?post=120948"}],"curies":[{"name":"wp","href":"https:\/\/api.w.org\/{rel}","templated":true}]}}