{"id":120856,"date":"2020-09-25T11:47:14","date_gmt":"2020-09-25T08:47:14","guid":{"rendered":"https:\/\/www.enerjigazetesi.ist\/?p=120856"},"modified":"2020-09-25T11:47:27","modified_gmt":"2020-09-25T08:47:27","slug":"tureb-yonetim-kurulu-genel-kurul-karari-aldi","status":"publish","type":"post","link":"https:\/\/www.enerjigazetesi.ist\/en\/tureb-yonetim-kurulu-genel-kurul-karari-aldi\/","title":{"rendered":"(Turkish) &#8217;T\u00dcREB Y\u00f6netim Kurulu&#8217; Genel Kurul Karar\u0131 Ald\u0131"},"content":{"rendered":"<p class=\"qtranxs-available-languages-message qtranxs-available-languages-message-en\">Sorry, this entry is only available in <a href=\"https:\/\/www.enerjigazetesi.ist\/tr\/wp-json\/wp\/v2\/posts\/120856\" class=\"qtranxs-available-language-link qtranxs-available-language-link-tr\" title=\"Turkish\">Turkish<\/a>. For the sake of viewer convenience, the content is shown below in the alternative language. You may click the link to switch the active language.<\/p><p><\/p>\n<h1><strong>Tu\u0308rkiye Ru\u0308zgar Enerjisi Birli\u011fi (TU\u0308REB) Y\u00f6netim Kurulu, Y\u00f6netim Kurulu Ba\u015fkan\u0131 Hakan Y\u0131ld\u0131r\u0131m\u2019\u0131n temsil etti\u011fi t\u00fczel ki\u015filikte de\u011fi\u015fiklik olmas\u0131 sebebi ile Ola\u011fan\u00fcst\u00fc Genel Kurul d\u00fczenlenmesi karar\u0131 ald\u0131. Ayn\u0131 zamanda s\u00f6z konusu Genel Kurul ile t\u00fcz\u00fc\u011f\u00fcn daha g\u00fcncel bir hale kavu\u015fturulmas\u0131 da hedefleniyor.<\/strong><\/h1>\n<p><strong>9 Mart 2019<\/strong> tarihinde Ankara\u2019da ger\u00e7ekle\u015ftirilen T\u00dcREB <strong>12&#8217;inci Ola\u011fan Genel Kurulu<\/strong>\u2019nda<strong> 3 y\u0131ll\u0131k d\u00f6nem<\/strong> i\u00e7in se\u00e7ilen <strong>Y\u00f6netim Kurulu<\/strong>\u2019nda, <strong>Hakan Y\u0131ld\u0131r\u0131m<\/strong>, <strong>Kalyon Enerji Yat\u0131r\u0131mlar\u0131<\/strong> olarak <strong>kurumsal \u00fcyelik<\/strong> ile <strong>y\u00f6netim kurulu \u00fcyesi<\/strong> se\u00e7ilmi\u015fti. Y\u00f6netim Kurulu, ilk toplant\u0131s\u0131nda Hakan <img loading=\"lazy\" class=\"alignright wp-image-120858\" src=\"https:\/\/www.enerjigazetesi.ist\/wp-content\/uploads\/2020\/09\/tureb-yonetim-kurulu-genel-kurul-karari-aldi.jpg\" alt=\"\" width=\"320\" height=\"180\" srcset=\"https:\/\/www.enerjigazetesi.ist\/wp-content\/uploads\/2020\/09\/tureb-yonetim-kurulu-genel-kurul-karari-aldi.jpg 868w, https:\/\/www.enerjigazetesi.ist\/wp-content\/uploads\/2020\/09\/tureb-yonetim-kurulu-genel-kurul-karari-aldi-300x169.jpg 300w, https:\/\/www.enerjigazetesi.ist\/wp-content\/uploads\/2020\/09\/tureb-yonetim-kurulu-genel-kurul-karari-aldi-768x432.jpg 768w, https:\/\/www.enerjigazetesi.ist\/wp-content\/uploads\/2020\/09\/tureb-yonetim-kurulu-genel-kurul-karari-aldi-500x281.jpg 500w, https:\/\/www.enerjigazetesi.ist\/wp-content\/uploads\/2020\/09\/tureb-yonetim-kurulu-genel-kurul-karari-aldi-80x45.jpg 80w\" sizes=\"(max-width: 320px) 100vw, 320px\" \/>Y\u0131ld\u0131r\u0131m\u2019\u0131 Y\u00f6netim Kurulu Ba\u015fkan\u0131 olarak se\u00e7mi\u015fti. Ge\u00e7ti\u011fimiz aylarda <strong>Hakan Y\u0131ld\u0131r\u0131m\u2019<\/strong>\u0131n <strong>Sanko Enerji\u2019ye<\/strong> ge\u00e7mesi ile birlikte <strong>t\u00fczel ki\u015fili\u011fi de\u011fi\u015fti\u011fi<\/strong>nden Birlik t\u00fcz\u00fc\u011f\u00fc gere\u011fi se\u00e7imlerin <strong>yenilenmesine<\/strong> dair <strong>Y\u00f6netim Kurulu ortak bir iradeyle beyan edildi<\/strong>. Bu vesileyle, <strong>T\u00dcREB t\u00fcz\u00fc\u011f\u00fc<\/strong>n\u00fcn daha g\u00fcncel bir yap\u0131ya ve sekt\u00f6r\u00fcn geli\u015fimine uygun hale getirilmesi i\u00e7in gerekli g\u00f6r\u00fclen baz\u0131 revizyonlar da <strong>Ola\u011fan\u00fcst\u00fc Genel Kurul\u2019da<\/strong> g\u00fcndeme getirilecek.<\/p>\n<p><strong>T\u00dcREB t\u00fcz\u00fc\u011f\u00fc<\/strong> ve <strong>mevzuata uygun<\/strong> olarak <strong>Genel Kurul toplant\u0131s\u0131<\/strong>n\u0131n <strong>tarihi ve yeri, korona vir\u00fcs \u00f6nlemleri \u00e7er\u00e7evesi<\/strong>nde belirlenecek ve ayr\u0131ca ilan edilecek.<\/p>\n<p>S\u00f6z konusu toplant\u0131ya kadar <strong>T\u00dcREB<\/strong> ve <strong>Y\u00f6netim Kurulu<\/strong> sekt\u00f6r i\u00e7in \u00e7al\u0131\u015fmalar\u0131n\u0131 t\u00fcm h\u0131z\u0131yla devam ettirecek ve daha g\u00fc\u00e7l\u00fc bir<strong> T\u00dcREB\u2019e<\/strong> ihtiya\u00e7 duyulacak olan \u00f6n\u00fcm\u00fczdeki d\u00f6nemde sekt\u00f6re katk\u0131 sa\u011flamaya devam edecek.<\/p>","protected":false},"excerpt":{"rendered":"<p>Sorry, this entry is only available in Turkish. For the sake of viewer convenience, the content is shown below in the alternative language. You may click the link to switch the active language. Tu\u0308rkiye Ru\u0308zgar Enerjisi Birli\u011fi (TU\u0308REB) Y\u00f6netim Kurulu, Y\u00f6netim Kurulu Ba\u015fkan\u0131 Hakan Y\u0131ld\u0131r\u0131m\u2019\u0131n temsil etti\u011fi t\u00fczel ki\u015filikte de\u011fi\u015fiklik olmas\u0131 sebebi ile Ola\u011fan\u00fcst\u00fc Genel [&hellip;]<\/p>\n","protected":false},"author":1,"featured_media":120858,"comment_status":"open","ping_status":"open","sticky":false,"template":"","format":"standard","meta":[],"categories":[51,53,50],"tags":[52259,7043,79812,53282,25055,57618,79813],"views":96,"_links":{"self":[{"href":"https:\/\/www.enerjigazetesi.ist\/en\/wp-json\/wp\/v2\/posts\/120856"}],"collection":[{"href":"https:\/\/www.enerjigazetesi.ist\/en\/wp-json\/wp\/v2\/posts"}],"about":[{"href":"https:\/\/www.enerjigazetesi.ist\/en\/wp-json\/wp\/v2\/types\/post"}],"author":[{"embeddable":true,"href":"https:\/\/www.enerjigazetesi.ist\/en\/wp-json\/wp\/v2\/users\/1"}],"replies":[{"embeddable":true,"href":"https:\/\/www.enerjigazetesi.ist\/en\/wp-json\/wp\/v2\/comments?post=120856"}],"version-history":[{"count":0,"href":"https:\/\/www.enerjigazetesi.ist\/en\/wp-json\/wp\/v2\/posts\/120856\/revisions"}],"wp:featuredmedia":[{"embeddable":true,"href":"https:\/\/www.enerjigazetesi.ist\/en\/wp-json\/wp\/v2\/media\/120858"}],"wp:attachment":[{"href":"https:\/\/www.enerjigazetesi.ist\/en\/wp-json\/wp\/v2\/media?parent=120856"}],"wp:term":[{"taxonomy":"category","embeddable":true,"href":"https:\/\/www.enerjigazetesi.ist\/en\/wp-json\/wp\/v2\/categories?post=120856"},{"taxonomy":"post_tag","embeddable":true,"href":"https:\/\/www.enerjigazetesi.ist\/en\/wp-json\/wp\/v2\/tags?post=120856"}],"curies":[{"name":"wp","href":"https:\/\/api.w.org\/{rel}","templated":true}]}}