{"id":120847,"date":"2020-09-25T11:08:43","date_gmt":"2020-09-25T08:08:43","guid":{"rendered":"https:\/\/www.enerjigazetesi.ist\/?p=120847"},"modified":"2020-09-25T13:54:28","modified_gmt":"2020-09-25T10:54:28","slug":"panasonic-yapay-zekali-guvenlik-uygulamalarinda-a-i-techla-calisiyor","status":"publish","type":"post","link":"https:\/\/www.enerjigazetesi.ist\/en\/panasonic-yapay-zekali-guvenlik-uygulamalarinda-a-i-techla-calisiyor\/","title":{"rendered":"(Turkish) &#8217;Panasonic&#8217; Yapay Zekal\u0131 G\u00fcvenlik Uygulamalar\u0131nda &#8216;A.I.Tech&#8217;la \u00c7al\u0131\u015f\u0131yor"},"content":{"rendered":"<p class=\"qtranxs-available-languages-message qtranxs-available-languages-message-en\">Sorry, this entry is only available in <a href=\"https:\/\/www.enerjigazetesi.ist\/tr\/wp-json\/wp\/v2\/posts\/120847\" class=\"qtranxs-available-language-link qtranxs-available-language-link-tr\" title=\"Turkish\">Turkish<\/a>. For the sake of viewer convenience, the content is shown below in the alternative language. You may click the link to switch the active language.<\/p><p><\/p>\n<h1>Panasonic i-PRO X Serisi kameralar, daha d\u00fc\u015f\u00fck TCO ve daha h\u0131zl\u0131 i\u015flemenin avantajlar\u0131na sahip olan Derin \u00d6\u011frenme Yapay Zeka uygulamalar\u0131n\u0131 \u00e7al\u0131\u015ft\u0131r\u0131yor.<\/h1>\n<p><strong>Panasonic<\/strong> bug\u00fcn yaz\u0131l\u0131m \u015firketi <strong>A.I. Tech<\/strong> ile i\u015fbirli\u011fini duyurdu. Bu i\u015fbirli\u011fi, <strong>COVID-19<\/strong> ortam\u0131nda derin \u00f6\u011frenmeye dayal\u0131 <strong>uygulanabilir bir\u00e7ok kurumsal \u00e7\u00f6z\u00fcm sa\u011flamak<\/strong> amac\u0131yla<strong> i-PRO<\/strong>&#8216;nun sekt\u00f6r\u00fcn \u00f6nde gelen <strong>g\u00fcvenlik kameralar\u0131n\u0131 yerle\u015fik yapay zeka \u00f6zellikleri<\/strong> ve<strong> ak\u0131ll\u0131 uygulamalarla<\/strong> bir araya getiriyor.<\/p>\n<p><strong><img loading=\"lazy\" class=\"alignright wp-image-120849\" src=\"https:\/\/www.enerjigazetesi.ist\/wp-content\/uploads\/2020\/09\/Panasonic_iPro.jpg\" alt=\"\" width=\"320\" height=\"212\" srcset=\"https:\/\/www.enerjigazetesi.ist\/wp-content\/uploads\/2020\/09\/Panasonic_iPro.jpg 738w, https:\/\/www.enerjigazetesi.ist\/wp-content\/uploads\/2020\/09\/Panasonic_iPro-300x198.jpg 300w, https:\/\/www.enerjigazetesi.ist\/wp-content\/uploads\/2020\/09\/Panasonic_iPro-500x331.jpg 500w, https:\/\/www.enerjigazetesi.ist\/wp-content\/uploads\/2020\/09\/Panasonic_iPro-76x50.jpg 76w, https:\/\/www.enerjigazetesi.ist\/wp-content\/uploads\/2020\/09\/Panasonic_iPro-450x300.jpg 450w\" sizes=\"(max-width: 320px) 100vw, 320px\" \/>Derin \u00f6\u011frenme uygulamalar\u0131<\/strong> do\u011frudan kameralarda \u00e7al\u0131\u015farak<strong> analitik hesaplamalar<\/strong> i\u00e7in ek sunuculara olan ihtiyac\u0131 ortadan kald\u0131r\u0131yor ve bunun yan\u0131 s\u0131ra<strong> ayn\u0131 y\u00fcksek hassasiyet seviyelerini<\/strong> de koruyor.<\/p>\n<p><strong>Sistemin sa\u011flad\u0131\u011f\u0131 avantajlar<\/strong> aras\u0131nda<strong> g\u00fcvenlik altyap\u0131s\u0131<\/strong> i\u00e7in daha <strong>d\u00fc\u015f\u00fck toplam sat\u0131n alma<\/strong> maliyeti, <strong>daha h\u0131zl\u0131 i\u015fleme<\/strong> ve <strong>uygulamalardan<\/strong> daha fazla an\u0131nda<strong> alarm, bildirim<\/strong> veya <strong>bilgi<\/strong> yer al\u0131yor.<\/p>\n<p>Bir\u00e7ok <strong>derin yapay zeka uygulamas\u0131<\/strong>, i\u00e7inde bulundu\u011fumuz k\u00fcresel salg\u0131n s\u00fcrecinde <strong>sosyal mesafenin sa\u011flanmas\u0131<\/strong>na, <strong>doluluk seviyeleri<\/strong>nin <strong>takip edilmesi<\/strong>ne ve <strong>y\u00fcz maskelerinin tak\u0131lmas\u0131na<\/strong> yard\u0131mc\u0131 olmak i\u00e7in kullan\u0131labiliyor.<\/p>\n<p>Ayr\u0131ca <strong>ak\u0131ll\u0131 \u015fehirlerde trafik izleme<\/strong> ve <strong>ak\u0131ll\u0131 park etme<\/strong>ye y\u00f6nelik uygulamalar\u0131 perakendeciler <strong>m\u00fc\u015fteri deneyimini iyile\u015ftirmek<\/strong> i\u00e7in, <strong>etkinlik organizat\u00f6rleri<\/strong> ve <strong>ula\u015ft\u0131rma merkezleri<\/strong> de g\u00fcvenlik etmenlerini takip etmek ve korumak i\u00e7in kullanabiliyor.<\/p>\n<p>Bu uygulamalar, yak\u0131n zamanda piyasaya s\u00fcr\u00fclen ve b\u00fcnyesinde <strong>6 model<\/strong> bar\u0131nd\u0131ran<strong> yapay zeka motorlu Panasonic i-PRO X Serisi kameralar<\/strong> ile tamamen entegre olabiliyor.<\/p>\n<p><strong>5MP \u00e7\u00f6z\u00fcn\u00fcrl\u00fckl\u00fc kameralar<\/strong>, temmuz ay\u0131nda sat\u0131\u015fa sunuldu ve <strong>4K \u00e7\u00f6z\u00fcn\u00fcrl\u00fckl\u00fc kameralar<\/strong> da kas\u0131m ay\u0131nda piyasaya \u00e7\u0131kt\u0131.<\/p>\n<p>Kameralar\u0131n tamam\u0131 ya\u011fmalamaya kar\u015f\u0131 dayan\u0131kl\u0131 olman\u0131n yan\u0131nda <strong>i\u00e7<\/strong> ve <strong>d\u0131\u015f kubbe<\/strong> veya <strong>kutu tipi yap\u0131land\u0131rmalar\u0131<\/strong> da mevcut.<\/p>\n<p>Avrupa Panasonic G\u00fcvenlik \u0130\u015f Birimi Ba\u015fkan\u0131<strong> Gerard Figols,<\/strong> olu\u015fturulan i\u015fbirli\u011fini \u015fu s\u00f6zleri ifade ediyor: \u201cYapay zekan\u0131n esnek ve uyarlanabilir kameralar\u0131m\u0131z ile olu\u015fturdu\u011fu bu birle\u015fim, m\u00fc\u015fterilerimizin g\u00fcnl\u00fck operasyonlar\u0131nda <strong>daha proaktif olmalar\u0131<\/strong>na yard\u0131mc\u0131 olacak yeni nesil tahmine dayal\u0131 <strong>i\u015f ve g\u00fcvenlik uygulamalar\u0131<\/strong> sunuyor. Kendi fikirlerini geli\u015ftirmeleri i\u00e7in 3&#8217;\u00fcnc\u00fc partilere a\u00e7\u0131k olan <strong>Panasonic i-PRO g\u00fcvenlik kameralar\u0131<\/strong>, yeni bir<strong> ak\u0131ll\u0131 uygulamalar \u00e7a\u011f\u0131<\/strong>n\u0131n ba\u015flamas\u0131n\u0131 sa\u011fl\u0131yor.\u201d<\/p>\n<p><em>A.I Tech Sat\u0131\u015f ve Pazarlama Direkt\u00f6r\u00fc<\/em> <strong>Alessia Saggese<\/strong> de \u201cOlu\u015fturulan bu i\u015f birli\u011fi, <strong>Panasonic i-PRO kameralar<\/strong>daki <strong>yapay zeka motoru<\/strong>nun \u00fcst\u00fcn g\u00fcc\u00fcn\u00fc kullanarak m\u00fc\u015fterilerin <strong>derin \u00f6\u011frenme tabanl\u0131 uygulamalar\u0131<\/strong>m\u0131z\u0131n t\u00fcm avantajlar\u0131ndan yararlanmas\u0131na ilk defa olanak tan\u0131yor. Bu imkan, <strong>g\u00fcvenlik donan\u0131m\u0131<\/strong>n\u0131 bir<strong> i\u015fletmenin<\/strong> veya <strong>toplumun<\/strong> belirli ihtiya\u00e7lar\u0131na g\u00f6re <strong>uyarlamak i\u00e7in \u00f6nemli bir f\u0131rsat<\/strong> sunuyor.\u201d<\/p>","protected":false},"excerpt":{"rendered":"<p>Sorry, this entry is only available in Turkish. For the sake of viewer convenience, the content is shown below in the alternative language. You may click the link to switch the active language. Panasonic i-PRO X Serisi kameralar, daha d\u00fc\u015f\u00fck TCO ve daha h\u0131zl\u0131 i\u015flemenin avantajlar\u0131na sahip olan Derin \u00d6\u011frenme Yapay Zeka uygulamalar\u0131n\u0131 \u00e7al\u0131\u015ft\u0131r\u0131yor. Panasonic [&hellip;]<\/p>\n","protected":false},"author":1,"featured_media":120850,"comment_status":"open","ping_status":"open","sticky":false,"template":"","format":"standard","meta":[],"categories":[51,53,157],"tags":[79801,79806,79800,79802,52259,79803,79804,79805,79799,65918,79798],"views":70,"_links":{"self":[{"href":"https:\/\/www.enerjigazetesi.ist\/en\/wp-json\/wp\/v2\/posts\/120847"}],"collection":[{"href":"https:\/\/www.enerjigazetesi.ist\/en\/wp-json\/wp\/v2\/posts"}],"about":[{"href":"https:\/\/www.enerjigazetesi.ist\/en\/wp-json\/wp\/v2\/types\/post"}],"author":[{"embeddable":true,"href":"https:\/\/www.enerjigazetesi.ist\/en\/wp-json\/wp\/v2\/users\/1"}],"replies":[{"embeddable":true,"href":"https:\/\/www.enerjigazetesi.ist\/en\/wp-json\/wp\/v2\/comments?post=120847"}],"version-history":[{"count":0,"href":"https:\/\/www.enerjigazetesi.ist\/en\/wp-json\/wp\/v2\/posts\/120847\/revisions"}],"wp:featuredmedia":[{"embeddable":true,"href":"https:\/\/www.enerjigazetesi.ist\/en\/wp-json\/wp\/v2\/media\/120850"}],"wp:attachment":[{"href":"https:\/\/www.enerjigazetesi.ist\/en\/wp-json\/wp\/v2\/media?parent=120847"}],"wp:term":[{"taxonomy":"category","embeddable":true,"href":"https:\/\/www.enerjigazetesi.ist\/en\/wp-json\/wp\/v2\/categories?post=120847"},{"taxonomy":"post_tag","embeddable":true,"href":"https:\/\/www.enerjigazetesi.ist\/en\/wp-json\/wp\/v2\/tags?post=120847"}],"curies":[{"name":"wp","href":"https:\/\/api.w.org\/{rel}","templated":true}]}}