{"id":120805,"date":"2020-09-24T13:23:33","date_gmt":"2020-09-24T10:23:33","guid":{"rendered":"https:\/\/www.enerjigazetesi.ist\/?p=120805"},"modified":"2020-09-24T13:24:00","modified_gmt":"2020-09-24T10:24:00","slug":"yangin-yalitimi-luks-degil-guvenligimiz-icin-vazgecilmez-bir-ihtiyactir","status":"publish","type":"post","link":"https:\/\/www.enerjigazetesi.ist\/en\/yangin-yalitimi-luks-degil-guvenligimiz-icin-vazgecilmez-bir-ihtiyactir\/","title":{"rendered":"(Turkish) Yang\u0131n Yal\u0131t\u0131m\u0131 L\u00fcks De\u011fil G\u00fcvenli\u011fimiz \u0130\u00e7in Vazge\u00e7ilmez Bir \u0130htiya\u00e7t\u0131r!"},"content":{"rendered":"<p class=\"qtranxs-available-languages-message qtranxs-available-languages-message-en\">Sorry, this entry is only available in <a href=\"https:\/\/www.enerjigazetesi.ist\/tr\/wp-json\/wp\/v2\/posts\/120805\" class=\"qtranxs-available-language-link qtranxs-available-language-link-tr\" title=\"Turkish\">Turkish<\/a>. For the sake of viewer convenience, the content is shown below in the alternative language. You may click the link to switch the active language.<\/p><p><\/p>\n<h1><strong>Is\u0131, su, ses ve yang\u0131n yal\u0131t\u0131m\u0131 konusunda kamuoyu ve sekt\u00f6r\u00fc bilin\u00e7lendirmeyi ama\u00e7layan \u0130ZODER, 25 Eyl\u00fcl-1 Ekim \u2018Yang\u0131ndan Korunma Haftas\u0131\u2019 kapsam\u0131nda a\u00e7\u0131klama yapt\u0131. Binalarda hayati \u00f6nem ta\u015f\u0131yan yang\u0131n yal\u0131t\u0131m\u0131n\u0131n, g\u00fcvenlik a\u00e7\u0131s\u0131ndan vazge\u00e7ilmez bir uygulama oldu\u011funu vurgulayan \u0130ZODER Ba\u015fkan\u0131 Levent G\u00f6k\u00e7e, \u201cYang\u0131nlarda a\u00e7\u0131\u011fa \u00e7\u0131kan \u0131s\u0131 ve duman\u0131n binadaki yay\u0131l\u0131m\u0131n\u0131 s\u0131n\u0131rland\u0131rarak can ve mal kay\u0131plar\u0131n\u0131n \u00f6n\u00fcne ge\u00e7en yang\u0131n yal\u0131t\u0131m\u0131n\u0131, t\u00fcm bina tasar\u0131m ve uygulamalar\u0131n\u0131n vazge\u00e7ilmez bir bile\u015feni olarak g\u00f6rmeliyiz\u201d dedi.<img loading=\"lazy\" class=\"alignright wp-image-120807 size-full\" src=\"https:\/\/www.enerjigazetesi.ist\/wp-content\/uploads\/2020\/09\/yangin-yalitimi-luks-degil-guvenligimiz-icin-vazgecilmez-bir-ihtiyactir.jpg\" alt=\"\" width=\"309\" height=\"488\" srcset=\"https:\/\/www.enerjigazetesi.ist\/wp-content\/uploads\/2020\/09\/yangin-yalitimi-luks-degil-guvenligimiz-icin-vazgecilmez-bir-ihtiyactir.jpg 309w, https:\/\/www.enerjigazetesi.ist\/wp-content\/uploads\/2020\/09\/yangin-yalitimi-luks-degil-guvenligimiz-icin-vazgecilmez-bir-ihtiyactir-190x300.jpg 190w, https:\/\/www.enerjigazetesi.ist\/wp-content\/uploads\/2020\/09\/yangin-yalitimi-luks-degil-guvenligimiz-icin-vazgecilmez-bir-ihtiyactir-253x400.jpg 253w, https:\/\/www.enerjigazetesi.ist\/wp-content\/uploads\/2020\/09\/yangin-yalitimi-luks-degil-guvenligimiz-icin-vazgecilmez-bir-ihtiyactir-32x50.jpg 32w\" sizes=\"(max-width: 309px) 100vw, 309px\" \/><\/strong><\/h1>\n<p>Binalarda yang\u0131ndan korunmak ve kurtulmak i\u00e7in <strong>yang\u0131n yal\u0131t\u0131m\u0131 uygulamalar\u0131<\/strong>yla \u00f6nlem al\u0131nmas\u0131 gerekti\u011fine dikkat \u00e7eken <strong>\u0130ZODER Y\u00f6netim Kurulu Ba\u015fkan\u0131 Levent G\u00f6k\u00e7e<\/strong>, \u015f\u00f6yle konu\u015ftu: \u201cBinalarda hayati \u00f6nem ta\u015f\u0131yan yang\u0131n yal\u0131t\u0131m\u0131 uygulamalar\u0131 g\u00f6z ard\u0131 edilmemeli. <u>Y<\/u>ang\u0131n \u00e7\u0131kt\u0131\u011f\u0131nda binan\u0131n <strong>en h\u0131zl\u0131<\/strong> ve <strong>g\u00fcvenli<\/strong> bir bi\u00e7imde <strong>terk edilmesini<\/strong> yang\u0131n yal\u0131t\u0131m\u0131 uygulamalar\u0131 sa\u011fl\u0131yor. <strong>Bina tasar\u0131m <\/strong>ve<strong> yap\u0131m s\u00fcre\u00e7leri<\/strong>nin en \u00f6nemli g\u00fcvenlik b\u00f6l\u00fcmlerinden biri olan <strong>yang\u0131n yal\u0131t\u0131m uygulamalar\u0131<\/strong>n\u0131n <strong>yeni bina<\/strong> ve <strong>renovasyon \u00e7al\u0131\u015fmalar\u0131<\/strong>n\u0131n bir par\u00e7as\u0131 olmas\u0131 gerekiyor. \u00dclkemizde her y\u0131l \u00e7ok say\u0131da <strong>yang\u0131n vakas\u0131<\/strong> meydana geliyor. Bu durum <strong>maddi hasar\u0131n<\/strong> yan\u0131 s\u0131ra <strong>can kay\u0131plar\u0131<\/strong> ve <strong>yaralanmalara da<\/strong> neden oluyor.<\/p>\n<h2><strong>\u0130stanbul\u2019da 8 ayda 2 bin 986 konut yang\u0131n\u0131 meydana geldi<\/strong><\/h2>\n<p><strong>\u0130stanbul B\u00fcy\u00fck\u015fehir Belediyesi \u0130tfaiye Daire Ba\u015fkanl\u0131\u011f\u0131<\/strong>\u2019n\u0131n istatistikleri, <strong>2020 y\u0131l\u0131<\/strong> A\u011fustos ay\u0131 sonu itibar\u0131yla <strong>\u0130stanbul\u2019da<\/strong> yap\u0131sal yang\u0131nlar\u0131n <strong>2 bin 986<\/strong>\u2019s\u0131n\u0131n konutlarda, <strong>113<\/strong>\u2019\u00fcn\u00fcn fabrikalarda, <strong>4 bin 645<\/strong>\u2019inin de di\u011fer binalarda meydana geldi\u011fini g\u00f6steriyor. Genel olarak yap\u0131sal yang\u0131nlarda bir \u00f6nceki y\u0131l\u0131n ayn\u0131 d\u00f6nemine g\u00f6re <strong>% 5<\/strong>, 2019 y\u0131l\u0131 sonu itibar\u0131yla da <strong>2015 y\u0131l\u0131na<\/strong> g\u00f6re <strong>% 19<\/strong>\u2019luk azal\u0131\u015f g\u00f6r\u00fclse de bu rakamlar <strong>binalarda yang\u0131n tehlikesi<\/strong>ni ortaya koyuyor.<\/p>\n<h2><strong>Ya\u015fad\u0131\u011f\u0131m\u0131z mekanlarda yang\u0131n ihtimali d\u00fc\u015f\u00fck de\u011fil<\/strong><\/h2>\n<p>Ev ve i\u015fyerlerindeki her t\u00fcr <strong>mobilya, perde, masa, koltuk<\/strong> gibi <strong>e\u015fyalar\u0131n t\u00fcm\u00fc<\/strong> yan\u0131c\u0131d\u0131r. Yang\u0131n i\u00e7in gereken oksijen ise havada bulunur. <strong>S\u00f6nmemi\u015f bir sigara, elektrik konta\u011f\u0131, hatta g\u00fcne\u015f \u0131\u015f\u0131nlar\u0131, soba ve ocak gibi \u0131s\u0131 kaynaklar\u0131, yang\u0131n\u0131n ba\u015flamas\u0131<\/strong>na yol a\u00e7abilir. Yan\u0131c\u0131 olan e\u015fyalar\u0131m\u0131z\u0131n ve oksijenin hayat\u0131n <strong>vazge\u00e7ilmez birer par\u00e7as\u0131<\/strong> oldu\u011fu ve <strong>yan\u0131c\u0131 maddeleri<\/strong> tutu\u015fturabilecek<strong> teknolojik aletlerin<\/strong> \u00e7evremizi sard\u0131\u011f\u0131 da g\u00f6z \u00f6n\u00fcne al\u0131nd\u0131\u011f\u0131nda bu istatistikler, asl\u0131nda ya\u015fan\u0131lan mekanlarda yang\u0131n \u00e7\u0131kma ihtimalinin san\u0131ld\u0131\u011f\u0131 gibi d\u00fc\u015f\u00fck olmad\u0131\u011f\u0131n\u0131 g\u00f6steriyor. <strong>Yang\u0131n yal\u0131t\u0131m\u0131n\u0131n yayg\u0131nla\u015ft\u0131r\u0131lmas\u0131<\/strong>, yang\u0131nlarda a\u00e7\u0131\u011fa \u00e7\u0131kan<strong> \u0131s\u0131<\/strong> ve <strong>duman\u0131n yay\u0131l\u0131m\u0131n\u0131<\/strong> s\u0131n\u0131rland\u0131rarak<strong> can<\/strong> ve<strong> mal kay\u0131plar\u0131n\u0131<\/strong> \u00f6nemli \u00f6l\u00e7\u00fcde azaltacakt\u0131r.<\/p>\n<p>Yang\u0131n\u0131n zararl\u0131 etkilerinin s\u0131n\u0131rland\u0131r\u0131lmas\u0131 ve g\u00fcvenli ka\u00e7\u0131\u015f b\u00f6lgelerinin olu\u015fturulmas\u0131 amac\u0131 ile olu\u015fturulan b\u00f6l\u00fcmlerin <strong>duvar, tavan<\/strong> ve <strong>d\u00f6\u015femelerine,<\/strong> <strong>havaland\u0131rma sistemleri<\/strong>ne ve yap\u0131sal olarak t\u00fcm gerekli noktalara <strong>yang\u0131n yal\u0131t\u0131m\u0131<\/strong> yap\u0131lmal\u0131d\u0131r. <strong>Yang\u0131n yal\u0131t\u0131m\u0131<\/strong>yla yap\u0131 elemanlar\u0131nda sa\u011flanan yang\u0131na <strong>dayan\u0131kl\u0131l\u0131k s\u00fcreleriyle, yang\u0131n\u0131n<\/strong> ve <strong>zararl\u0131 etkilerinin<\/strong> bir ba\u015fka mekana yay\u0131lmas\u0131 engellenir. <strong>Yang\u0131n yal\u0131t\u0131m\u0131m uygulamalar\u0131<\/strong> ile yang\u0131n mahallinin emniyetli bir \u015fekilde tahliye edilmesine, <strong>can<\/strong> ve <strong>mal kay\u0131plar\u0131n\u0131n<\/strong> en aza indirilmesine olanak sa\u011flan\u0131r. <strong>Yang\u0131n g\u00fcvenli yap\u0131 tasar\u0131m\u0131nda;<\/strong> yap\u0131sal olarak al\u0131nmas\u0131 gereken<strong> yang\u0131n yal\u0131t\u0131m \u00f6nlemleri<\/strong> ile <strong>yang\u0131n s\u00f6nd\u00fcrme<\/strong>, <strong>alg\u0131lama<\/strong>, <strong>uyar\u0131<\/strong> gibi yang\u0131n an\u0131nda devreye giren<strong> aktif \u00f6nlemler<\/strong> birlikte d\u00fc\u015f\u00fcn\u00fclmeli ve uygulanmal\u0131d\u0131r.<\/p>\n<h2><strong>Giydirme cephe uygulamalar\u0131nda hi\u00e7bir malzeme yanmamal\u0131<\/strong><\/h2>\n<p>Son y\u0131llarda <strong>rezidans, hastane ve otel<\/strong> gibi <strong>binalar\u0131n d\u0131\u015f cephelerinde<\/strong> meydana gelen d\u0131\u015f cephe yang\u0131nlar\u0131; <strong>d\u0131\u015f cephe \u00e7\u00f6z\u00fcmleri<\/strong> \u00f6zelinde binalarda al\u0131nmas\u0131 gereken yang\u0131n g\u00fcvenli\u011fi tedbirlerinin \u00f6nemini ortaya \u00e7\u0131kard\u0131. <strong>Ticari yap\u0131lar<\/strong> ba\u015fta olmak \u00fczere son y\u0131llarda tercih edilen en yayg\u0131n <strong>d\u0131\u015f cephe uygulamalar\u0131<\/strong>ndan birinin de <strong>giydirme cephe uygulamalar\u0131<\/strong> oldu\u011funu g\u00f6r\u00fcyoruz. Genellikle binaya <strong>estetik g\u00f6r\u00fcnt\u00fc<\/strong> veren <strong>d\u0131\u015f cephe kaplamalar\u0131<\/strong>, d\u0131\u015f duvar ile aras\u0131nda <strong>havaland\u0131rma bo\u015flu\u011fu<\/strong> kalacak \u015fekilde cepheye yerle\u015ftiriliyor. <strong>Yang\u0131n g\u00fcvenli\u011fi<\/strong> a\u00e7\u0131s\u0131ndan bakacak olursak, bu havaland\u0131rma bo\u015flu\u011funun,<strong> yang\u0131nlarda baca etkisi<\/strong> yaparak alevlerin cephede h\u0131zl\u0131ca yay\u0131lmas\u0131na neden oldu\u011fu biliniyor. \u00dclkemizdeki mevzuatta, bu t\u00fcr havaland\u0131rmal\u0131 giydirme cephe detaylar\u0131nda yal\u0131t\u0131m malzemeleri de dahil olmak \u00fczere <strong>hi\u00e7bir malzemenin yanmamas\u0131 gerekti\u011fi<\/strong> belirtiliyor. <strong>Estetik kayg\u0131lar<\/strong> ile birlikte de\u011ferlendirilmesi gereken <strong>yang\u0131n g\u00fcvenli\u011fi \u00f6nlemleri<\/strong>nin aksat\u0131ld\u0131\u011f\u0131 <strong>giydirme cephe uygulamalar\u0131<\/strong>nda k\u00f6t\u00fc sonu\u00e7lar ile kar\u015f\u0131la\u015fmamak ad\u0131na <strong>do\u011fru malzeme se\u00e7imi<\/strong> \u00fczerindeki denetimler art\u0131r\u0131lmal\u0131.\u201d<\/p>","protected":false},"excerpt":{"rendered":"<p>Sorry, this entry is only available in Turkish. For the sake of viewer convenience, the content is shown below in the alternative language. You may click the link to switch the active language. Is\u0131, su, ses ve yang\u0131n yal\u0131t\u0131m\u0131 konusunda kamuoyu ve sekt\u00f6r\u00fc bilin\u00e7lendirmeyi ama\u00e7layan \u0130ZODER, 25 Eyl\u00fcl-1 Ekim \u2018Yang\u0131ndan Korunma Haftas\u0131\u2019 kapsam\u0131nda a\u00e7\u0131klama yapt\u0131. [&hellip;]<\/p>\n","protected":false},"author":1,"featured_media":120809,"comment_status":"open","ping_status":"open","sticky":false,"template":"","format":"standard","meta":[],"categories":[53,52],"tags":[79757,79759,52259,79756,79758,43363,79760,73617,57316,79447],"views":229,"_links":{"self":[{"href":"https:\/\/www.enerjigazetesi.ist\/en\/wp-json\/wp\/v2\/posts\/120805"}],"collection":[{"href":"https:\/\/www.enerjigazetesi.ist\/en\/wp-json\/wp\/v2\/posts"}],"about":[{"href":"https:\/\/www.enerjigazetesi.ist\/en\/wp-json\/wp\/v2\/types\/post"}],"author":[{"embeddable":true,"href":"https:\/\/www.enerjigazetesi.ist\/en\/wp-json\/wp\/v2\/users\/1"}],"replies":[{"embeddable":true,"href":"https:\/\/www.enerjigazetesi.ist\/en\/wp-json\/wp\/v2\/comments?post=120805"}],"version-history":[{"count":0,"href":"https:\/\/www.enerjigazetesi.ist\/en\/wp-json\/wp\/v2\/posts\/120805\/revisions"}],"wp:featuredmedia":[{"embeddable":true,"href":"https:\/\/www.enerjigazetesi.ist\/en\/wp-json\/wp\/v2\/media\/120809"}],"wp:attachment":[{"href":"https:\/\/www.enerjigazetesi.ist\/en\/wp-json\/wp\/v2\/media?parent=120805"}],"wp:term":[{"taxonomy":"category","embeddable":true,"href":"https:\/\/www.enerjigazetesi.ist\/en\/wp-json\/wp\/v2\/categories?post=120805"},{"taxonomy":"post_tag","embeddable":true,"href":"https:\/\/www.enerjigazetesi.ist\/en\/wp-json\/wp\/v2\/tags?post=120805"}],"curies":[{"name":"wp","href":"https:\/\/api.w.org\/{rel}","templated":true}]}}