{"id":120759,"date":"2020-09-23T20:50:55","date_gmt":"2020-09-23T17:50:55","guid":{"rendered":"https:\/\/www.enerjigazetesi.ist\/?p=120759"},"modified":"2020-09-23T20:55:45","modified_gmt":"2020-09-23T17:55:45","slug":"ieee-pes-gtd-uluslararasi-konferans-ve-fuari-eylul-2021-de-istanbul-da","status":"publish","type":"post","link":"https:\/\/www.enerjigazetesi.ist\/en\/ieee-pes-gtd-uluslararasi-konferans-ve-fuari-eylul-2021-de-istanbul-da\/","title":{"rendered":"(Turkish) &#8217;IEEE PES GT&#038;D Uluslararas\u0131 Konferans ve Fuar\u0131&#8217; Eyl\u00fcl 2021&#8217;de \u0130stanbul&#8217;da!"},"content":{"rendered":"<p class=\"qtranxs-available-languages-message qtranxs-available-languages-message-en\">Sorry, this entry is only available in <a href=\"https:\/\/www.enerjigazetesi.ist\/tr\/wp-json\/wp\/v2\/posts\/120759\" class=\"qtranxs-available-language-link qtranxs-available-language-link-tr\" title=\"Turkish\">Turkish<\/a>. For the sake of viewer convenience, the content is shown below in the alternative language. You may click the link to switch the active language.<\/p><p><\/p>\n<h1>Misyonu, insanl\u0131\u011f\u0131n yarar\u0131 i\u00e7in teknolojik geli\u015fmeleri ve m\u00fckemmeliyeti desteklemek olan Institute of Electrical and Electronics Engineers&#8217;\u0131n (IEEE) topluluklar\u0131ndan Power &amp; Energy Society (PES), Eyl\u00fcl 2021&#8217;de \u0130stanbul&#8217;da d\u00fczenleyece\u011fi etkinli\u011fiyle T\u00fcrkiye&#8217;deki bilimsel ve teknolojik geli\u015fmelere \u00f6nemli bir platform meydana getirecek.<\/h1>\n<p>D\u00fcnya \u00e7ap\u0131nda yakla\u015f\u0131k <strong>500.000 \u00fcyesi<\/strong> bulunan <strong>IEEE<\/strong> b\u00fcnyesindeki <strong>Power &amp; Energy Society&#8217;nin (PES)<\/strong> 50 y\u0131l boyunca <strong>Amerika Birle\u015fik Devletleri&#8217;nde<\/strong> d\u00fczenledi\u011fi k\u00fcresel etkinli\u011fi<strong> <em>IEEE PES T&amp;D International Conference &amp; Exposition<\/em>, IEEE PES T\u00fcrkiye B\u00f6l\u00fcm\u00fc<\/strong>&#8216;n\u00fcn y\u00fcr\u00fct\u00fcc\u00fcl\u00fc\u011f\u00fcnde, <em><strong>2021 IEEE PES GT&amp;D International Conference &amp; Exposition<\/strong> ad\u0131yla,<\/em> <strong>Eyl\u00fcl 2021&#8217;de<\/strong> \u0130stanbul&#8217;da yap\u0131lacak.<\/p>\n<p>K\u00fcresel d\u00fczeyde akademisyenlerin, ara\u015ft\u0131rmac\u0131lar\u0131n, <strong>end\u00fcstriyel uzmanlar\u0131n<\/strong> ve<strong> teknoloji liderleri<\/strong>nin yan\u0131 s\u0131ra <strong>Elektrik, Enerji, Bili\u015fim <\/strong>ve<strong> Finans<\/strong> gibi \u00e7e\u015fitli sekt\u00f6rlerden \u015firketlerin de <strong><img loading=\"lazy\" class=\"alignright wp-image-120762\" src=\"https:\/\/www.enerjigazetesi.ist\/wp-content\/uploads\/2020\/09\/ieee-pes-gtd-uluslararasi-konferans-ve-fuari-eylul-2021-de-istanbul-da.png\" alt=\"\" width=\"320\" height=\"213\" srcset=\"https:\/\/www.enerjigazetesi.ist\/wp-content\/uploads\/2020\/09\/ieee-pes-gtd-uluslararasi-konferans-ve-fuari-eylul-2021-de-istanbul-da.png 600w, https:\/\/www.enerjigazetesi.ist\/wp-content\/uploads\/2020\/09\/ieee-pes-gtd-uluslararasi-konferans-ve-fuari-eylul-2021-de-istanbul-da-300x200.png 300w, https:\/\/www.enerjigazetesi.ist\/wp-content\/uploads\/2020\/09\/ieee-pes-gtd-uluslararasi-konferans-ve-fuari-eylul-2021-de-istanbul-da-500x333.png 500w, https:\/\/www.enerjigazetesi.ist\/wp-content\/uploads\/2020\/09\/ieee-pes-gtd-uluslararasi-konferans-ve-fuari-eylul-2021-de-istanbul-da-75x50.png 75w, https:\/\/www.enerjigazetesi.ist\/wp-content\/uploads\/2020\/09\/ieee-pes-gtd-uluslararasi-konferans-ve-fuari-eylul-2021-de-istanbul-da-450x300.png 450w\" sizes=\"(max-width: 320px) 100vw, 320px\" \/><\/strong>kat\u0131laca\u011f\u0131 \u201c<em><strong>2021 IEEE PES GT&amp;D International Conference &amp; Exposition<\/strong>\u201d etkinli\u011finde,<\/em><\/p>\n<p>&#8211; <strong>Elektrik<\/strong> ve <strong>enerji sanayi<\/strong> ile birlikte <strong>elektrik \u015febekeleri<\/strong>nin problemlerinin \u00e7\u00f6z\u00fcmlerine y\u00f6nelik <strong>end\u00fcstriyel paneller<\/strong> d\u00fczenlenecek,<\/p>\n<p>&#8211; Gelece\u011fin <strong>elektrik \u015febekeleri<\/strong> ve ilgili teknolojilere y\u00f6nelik \u00e7e\u015fitli <strong>bilimsel<\/strong> ve<strong> teknolojik oturumlar<\/strong> yap\u0131lacak,<\/p>\n<p>&#8211; Konferans boyunca geli\u015fmi\u015f <strong>teknolojik \u00fcr\u00fcnlerin<\/strong> sergilenece\u011fi<strong> uluslararas\u0131 bir sergi<\/strong> ger\u00e7ekle\u015fecek.<\/p>\n<p>Sergiye yakla\u015f\u0131k <strong>300 uluslararas\u0131 firma<\/strong>n\u0131n kat\u0131lmas\u0131, ziyaret\u00e7i say\u0131s\u0131n\u0131n<strong> 7.500<\/strong> olmas\u0131 ve konferansa <strong>1.000 ki\u015fi<\/strong>nin kay\u0131t yapt\u0131rmas\u0131 bekleniyor. Ayr\u0131ca konferansta sunulan <strong>bilimsel<\/strong> ve <strong>teknolojik bildiriler<\/strong> de <strong>IEEE Xplore&#8217;da<\/strong> yay\u0131nlanacak.<\/p>\n<p>Etkinlik, T\u00fcrkiye&#8217;ye <strong>ekonomi<\/strong> ve <strong>turizm<\/strong> alanlar\u0131nda faydalar sa\u011flayaca\u011f\u0131 gibi,<strong> bilimsel<\/strong> ve <strong>teknolojik<\/strong> geli\u015fmelerin tart\u0131\u015f\u0131laca\u011f\u0131 bir <strong>akademik <\/strong>ve<strong> end\u00fcstriyel platform da<\/strong> olu\u015fturacak. B\u00f6ylece uluslararas\u0131 \u00fcniversiteler ve k\u00fcresel sanayi ile birlikte T\u00fcrkiye&#8217;deki \u00fcniversiteler ve T\u00fcrkiye&#8217;deki \u00fcst d\u00fczey sanayi de bu s\u00fcrecin bir par\u00e7as\u0131 olabilecek.<\/p>\n<p>Ev sahipli\u011fini <strong>Enerjisa Enerji<\/strong>&#8216;nin ve <strong>EAE Elektrik<\/strong>&#8216;in yapt\u0131\u011f\u0131 etkinli\u011fin ba\u015fkan\u0131 <strong>\u0130stanbul Teknik \u00dcniversitesi<\/strong> \u00d6\u011fretim \u00dcyesi<strong> Prof. Dr. \u00d6mer Usta<\/strong>, d\u00fczenleyecekleri uluslararas\u0131 konferans ve fuarla ilgili \u015funlar\u0131 s\u00f6yledi: \u201c50 y\u0131ldan beri Amerika&#8217;da yap\u0131lan, <strong>2019&#8217;da<\/strong> da <strong>Bangkok&#8217;ta<\/strong> d\u00fczenlenen etkinli\u011fi <img loading=\"lazy\" class=\"alignleft wp-image-120764\" src=\"https:\/\/www.enerjigazetesi.ist\/wp-content\/uploads\/2020\/09\/ieee-pes-gtd-uluslararasi-konferans-ve-fuari-eylul-2021-de-istanbul-da-1.jpg\" alt=\"\" width=\"320\" height=\"213\" srcset=\"https:\/\/www.enerjigazetesi.ist\/wp-content\/uploads\/2020\/09\/ieee-pes-gtd-uluslararasi-konferans-ve-fuari-eylul-2021-de-istanbul-da-1.jpg 1200w, https:\/\/www.enerjigazetesi.ist\/wp-content\/uploads\/2020\/09\/ieee-pes-gtd-uluslararasi-konferans-ve-fuari-eylul-2021-de-istanbul-da-1-300x200.jpg 300w, https:\/\/www.enerjigazetesi.ist\/wp-content\/uploads\/2020\/09\/ieee-pes-gtd-uluslararasi-konferans-ve-fuari-eylul-2021-de-istanbul-da-1-768x512.jpg 768w, https:\/\/www.enerjigazetesi.ist\/wp-content\/uploads\/2020\/09\/ieee-pes-gtd-uluslararasi-konferans-ve-fuari-eylul-2021-de-istanbul-da-1-1024x683.jpg 1024w, https:\/\/www.enerjigazetesi.ist\/wp-content\/uploads\/2020\/09\/ieee-pes-gtd-uluslararasi-konferans-ve-fuari-eylul-2021-de-istanbul-da-1-500x333.jpg 500w, https:\/\/www.enerjigazetesi.ist\/wp-content\/uploads\/2020\/09\/ieee-pes-gtd-uluslararasi-konferans-ve-fuari-eylul-2021-de-istanbul-da-1-75x50.jpg 75w, https:\/\/www.enerjigazetesi.ist\/wp-content\/uploads\/2020\/09\/ieee-pes-gtd-uluslararasi-konferans-ve-fuari-eylul-2021-de-istanbul-da-1-450x300.jpg 450w\" sizes=\"(max-width: 320px) 100vw, 320px\" \/>2021&#8217;de <strong>\u0130stanbul&#8217;da<\/strong> d\u00fczenleyebilmek i\u00e7in uzun s\u00fcren bir \u00e7al\u0131\u015fma ger\u00e7ekle\u015ftirdik. Uluslararas\u0131 etkinliklerde kat\u0131l\u0131m\u0131n y\u00fcksek oldu\u011fu \u0130stanbul, s\u0131k\u00e7a tercih edilen bir \u015fehir durumunda. \u015eehrin bulundu\u011fu <strong>konum, tarihi<\/strong> ve <strong>k\u00fclt\u00fcrel de\u011ferleri<\/strong> de buna katk\u0131 sa\u011fl\u0131yor. Alan\u0131n\u0131n en b\u00fcy\u00fc\u011f\u00fc olan bu etkinlikte<strong> enerji kaynaklar\u0131n\u0131n geli\u015ftirilmesi, enerji depolama ve elektrik \u00fcretimi, elektrik iletimi ve da\u011f\u0131t\u0131m\u0131, gelece\u011fin elektrik \u015febekeleri ve \u015febekelerde veri ileti\u015fimi<\/strong> ile bu alanlarda yap\u0131lan yat\u0131r\u0131mlar\u0131n finanse edilmesi gibi bir\u00e7ok konu, alanlar\u0131nda d\u00fcnya \u00e7ap\u0131nda uzman ki\u015filer taraf\u0131ndan ele al\u0131nacak. Bu konferans\u0131n T\u00fcrkiye&#8217;deki <strong>bilimsel<\/strong> ve <strong>teknolojik geli\u015fmelere<\/strong> \u00f6nemli bir katk\u0131 sa\u011flayaca\u011f\u0131n\u0131 d\u00fc\u015f\u00fcn\u00fcyoruz. <strong>Eyl\u00fcl 2021&#8242;<\/strong>de <strong>IEEE, konferans ekibi<\/strong>miz ve di\u011fer t\u00fcm destek\u00e7ilerimizle birlikte \u00e7ok \u00f6nemli bir etkinli\u011fe imza ataca\u011f\u0131z.\u201d<\/p>\n<p><strong>EAE<\/strong> Genel M\u00fcd\u00fcr Yard\u0131mc\u0131s\u0131 <strong>Elif Kaya Ok<\/strong> g\u00f6r\u00fc\u015flerini \u015fu \u015fekilde aktard\u0131: \u201c<strong>IEEE PES GT&amp;D<\/strong> gibi b\u00fcy\u00fck \u00f6l\u00e7ekte uluslararas\u0131 bir organizasyonun Amerika d\u0131\u015f\u0131nda yap\u0131lacak <strong>2&#8217;inci toplant\u0131s\u0131<\/strong>n\u0131n T\u00fcrkiye&#8217;ye al\u0131nabilmi\u015f olmas\u0131n\u0131n, \u00fclkemiz i\u00e7in hem gurur verici hem de T\u00fcrkiye&#8217;nin <strong>elektrik \u00fcretimi, da\u011f\u0131t\u0131m\u0131 sekt\u00f6r\u00fcndeki varl\u0131\u011f\u0131n\u0131n<\/strong> fark edilmesi i\u00e7in \u00e7ok \u00f6nemli oldu\u011funu d\u00fc\u015f\u00fcn\u00fcyoruz. Ayr\u0131ca bu etkinli\u011fin d\u00fcnyada ilerleyen trendlerin \u00fclkemizde do\u011fru anla\u015f\u0131lmas\u0131na da olanak sa\u011flayaca\u011f\u0131na inan\u0131yoruz. G\u00fcn\u00fcm\u00fcz\u00fcn mega trendleri ile gen\u00e7 potansiyeli e\u015fle\u015ftirece\u011fi d\u00fc\u015f\u00fcncesindeyiz. Bu anlamda etkinlik, <strong>elektrik-elektronik m\u00fchendisli\u011fi \u00f6\u011frencileri<\/strong>nin geli\u015fimi ad\u0131na da verimli olacak ve bran\u015fla\u015fmaya \u00f6nc\u00fcl\u00fck edecektir. \u201c<strong>Enerji kaynaklar\u0131n\u0131n geli\u015ftirilmesi, elektrik \u00fcretimi<\/strong> ve <strong>yenilenebilir enerji kaynaklar\u0131, elektrik iletimi ve da\u011f\u0131t\u0131m\u0131, ak\u0131ll\u0131 elektrik \u015febekeleri<\/strong>\u201d konular\u0131n\u0131 i\u00e7eren bu etkinli\u011fin <strong>\u00e7evre bilincini art\u0131rarak<\/strong> fark\u0131ndal\u0131k yarataca\u011f\u0131 inanc\u0131nday\u0131z. <strong>Bilimsel <\/strong>ve<strong> teknolojik yeniliklerin<\/strong> T\u00fcrkiye&#8217;de tart\u0131\u015f\u0131lmas\u0131n\u0131n sekt\u00f6re ve \u00fclkemize sa\u011flayaca\u011f\u0131 faydaya g\u00f6n\u00fclden inan\u0131yoruz. D\u00fcnyan\u0131n d\u00f6rt bir yan\u0131ndan \u00e7ok <strong>de\u011ferli akademisyenlerin<\/strong> ve <strong>end\u00fcstrinin yer alaca\u011f\u0131<\/strong> bu etkinli\u011fin ev sahiplerinden biri olmaktan mutluluk duyuyoruz.\u201d<\/p>\n<p><strong>Enerjisa Enerji<\/strong> CEO&#8217;su <strong>Murat P\u0131nar<\/strong> da etkinlikle ilgili \u201c\u00d6ncelikle sekt\u00f6r\u00fcm\u00fcz i\u00e7in b\u00f6ylesine prestijli uluslararas\u0131 bir organizasyonun \u00fclkemizde ilk defa ger\u00e7ekle\u015fecek olmas\u0131ndan mutluluk duyuyoruz. Bu <img loading=\"lazy\" class=\"alignright wp-image-120763\" src=\"https:\/\/www.enerjigazetesi.ist\/wp-content\/uploads\/2020\/09\/ieee-pes-gtd-uluslararasi-konferans-ve-fuari-eylul-2021-de-istanbul-da-2.jpg\" alt=\"\" width=\"320\" height=\"213\" srcset=\"https:\/\/www.enerjigazetesi.ist\/wp-content\/uploads\/2020\/09\/ieee-pes-gtd-uluslararasi-konferans-ve-fuari-eylul-2021-de-istanbul-da-2.jpg 275w, https:\/\/www.enerjigazetesi.ist\/wp-content\/uploads\/2020\/09\/ieee-pes-gtd-uluslararasi-konferans-ve-fuari-eylul-2021-de-istanbul-da-2-75x50.jpg 75w\" sizes=\"(max-width: 320px) 100vw, 320px\" \/>s\u00fcre\u00e7te Enerjisa Enerji olarak bizlerin de katk\u0131s\u0131 olmas\u0131ndan da ayr\u0131ca b\u00fcy\u00fck bir onur ve mutluluk duyuyoruz. \u0130stanbul&#8217;da ger\u00e7ekle\u015fecek konferansta, sekt\u00f6r\u00fcm\u00fczdeki geli\u015fmelerin gerek akademik boyutta gerek<strong> i\u015f d\u00fcnyas\u0131nda uygulanan yakla\u015f\u0131mlar\u0131n<\/strong> ve <strong>sahadaki inovatif uygulamalar\u0131n<\/strong> g\u00fcndeme getirilecek olmas\u0131n\u0131 \u00e7ok \u00f6nemli buluyoruz. <strong>Enerjisa Enerji<\/strong> olarak biz de \u00f6zellikle <strong>dekarbonizasyon, dijitalle\u015fme, merkezile\u015fmekten uzakla\u015fma, dereg\u00fclasyon<\/strong> ve <strong>demokratikle\u015fme<\/strong> gibi ana trendleri takip ediyor, bunun da \u00f6tesinde \u00fclkemizdeki <strong>elektrik enerjisi sekt\u00f6r\u00fc<\/strong>n\u00fc tetikleyen \u00f6nemli ak\u0131mlar olan <strong>kentle\u015fme, elektrifikasyon<\/strong> ve <strong>verimlilik kavramlar\u0131n\u0131<\/strong> da ana i\u015fimizi geli\u015ftirebilmek i\u00e7in dikkatle de\u011ferlendiriyoruz. B\u00f6ylesi de\u011ferli sekt\u00f6rel bulu\u015fmalar, <strong>bilgi ve teknoloji al\u0131\u015fveri\u015fi<\/strong> ve payla\u015f\u0131m ekonomisi alanlar\u0131nda \u00f6nemli f\u0131rsatlar sunuyor. Organizasyonun bu y\u00f6nleriyle ufuk a\u00e7\u0131c\u0131 ve payla\u015f\u0131m ortam\u0131n\u0131 g\u00fc\u00e7lendiren bir etkiyle ba\u015far\u0131l\u0131 olaca\u011f\u0131na y\u00fcrekten inan\u0131yoruz\u201d dedi.<\/p>\n<p>U\u011fur KILI\u00c7 &#8211; Makine M\u00fchendisi \/ Enerji Edit\u00f6r\u00fc &#8211;\u00a0<a href=\"mailto:ugurkilic0627@gmail.com\" target=\"_blank\" rel=\"nofollow noopener\">ugurkilic0627@gmail.com<\/a><\/p>","protected":false},"excerpt":{"rendered":"<p>Sorry, this entry is only available in Turkish. For the sake of viewer convenience, the content is shown below in the alternative language. You may click the link to switch the active language. Misyonu, insanl\u0131\u011f\u0131n yarar\u0131 i\u00e7in teknolojik geli\u015fmeleri ve m\u00fckemmeliyeti desteklemek olan Institute of Electrical and Electronics Engineers&#8217;\u0131n (IEEE) topluluklar\u0131ndan Power &amp; Energy Society [&hellip;]<\/p>\n","protected":false},"author":1,"featured_media":120762,"comment_status":"open","ping_status":"open","sticky":false,"template":"","format":"standard","meta":[],"categories":[51,53],"tags":[79707,79706,9459,79708,53114,39655,79709,79711,52259,37825,79705,79703,33828,79704,79712,79710],"views":177,"_links":{"self":[{"href":"https:\/\/www.enerjigazetesi.ist\/en\/wp-json\/wp\/v2\/posts\/120759"}],"collection":[{"href":"https:\/\/www.enerjigazetesi.ist\/en\/wp-json\/wp\/v2\/posts"}],"about":[{"href":"https:\/\/www.enerjigazetesi.ist\/en\/wp-json\/wp\/v2\/types\/post"}],"author":[{"embeddable":true,"href":"https:\/\/www.enerjigazetesi.ist\/en\/wp-json\/wp\/v2\/users\/1"}],"replies":[{"embeddable":true,"href":"https:\/\/www.enerjigazetesi.ist\/en\/wp-json\/wp\/v2\/comments?post=120759"}],"version-history":[{"count":0,"href":"https:\/\/www.enerjigazetesi.ist\/en\/wp-json\/wp\/v2\/posts\/120759\/revisions"}],"wp:featuredmedia":[{"embeddable":true,"href":"https:\/\/www.enerjigazetesi.ist\/en\/wp-json\/wp\/v2\/media\/120762"}],"wp:attachment":[{"href":"https:\/\/www.enerjigazetesi.ist\/en\/wp-json\/wp\/v2\/media?parent=120759"}],"wp:term":[{"taxonomy":"category","embeddable":true,"href":"https:\/\/www.enerjigazetesi.ist\/en\/wp-json\/wp\/v2\/categories?post=120759"},{"taxonomy":"post_tag","embeddable":true,"href":"https:\/\/www.enerjigazetesi.ist\/en\/wp-json\/wp\/v2\/tags?post=120759"}],"curies":[{"name":"wp","href":"https:\/\/api.w.org\/{rel}","templated":true}]}}