{"id":120699,"date":"2020-09-22T13:54:41","date_gmt":"2020-09-22T10:54:41","guid":{"rendered":"https:\/\/www.enerjigazetesi.ist\/?p=120699"},"modified":"2020-09-22T13:55:49","modified_gmt":"2020-09-22T10:55:49","slug":"yarini-kodlayanlar-projesi-yilin-kurumsal-sosyal-sorumluluk-odulu-nu-aldi","status":"publish","type":"post","link":"https:\/\/www.enerjigazetesi.ist\/en\/yarini-kodlayanlar-projesi-yilin-kurumsal-sosyal-sorumluluk-odulu-nu-aldi\/","title":{"rendered":"(Turkish) &#8217;Yar\u0131n\u0131 Kodlayanlar&#8217; Projesi Y\u0131l\u0131n Kurumsal Sosyal Sorumluluk \u00d6d\u00fcl\u00fcn\u00fc Ald\u0131!"},"content":{"rendered":"<p class=\"qtranxs-available-languages-message qtranxs-available-languages-message-en\">Sorry, this entry is only available in <a href=\"https:\/\/www.enerjigazetesi.ist\/tr\/wp-json\/wp\/v2\/posts\/120699\" class=\"qtranxs-available-language-link qtranxs-available-language-link-tr\" title=\"Turkish\">Turkish<\/a>. For the sake of viewer convenience, the content is shown below in the alternative language. You may click the link to switch the active language.<\/p><p><\/p>\n<h1><strong>T\u00fcrkiye Vodafone Vakf\u0131, d\u00fcnyan\u0131n en prestijli \u00f6d\u00fcl programlar\u0131ndan Stevie \u00d6d\u00fclleri \u00e7at\u0131s\u0131 alt\u0131nda d\u00fczenlenen Ortado\u011fu ve Kuzey Afrika Stevie \u00d6d\u00fclleri\u2019nin ard\u0131ndan Uluslararas\u0131 \u0130\u015fletme \u00d6d\u00fclleri\u2019nde de \u00f6d\u00fcle lay\u0131k g\u00f6r\u00fcld\u00fc. Vak\u0131f, Habitat Derne\u011fi i\u015fbirli\u011fiyle hayata ge\u00e7irdi\u011fi ve 2016 y\u0131l\u0131ndan bu yana 100 bini a\u015fk\u0131n \u00e7ocu\u011fa ula\u015farak \u00f6nemli bir ba\u015far\u0131ya imza att\u0131\u011f\u0131 \u201cYar\u0131n\u0131 Kodlayanlar\u201d projesiyle \u201cAvrupa Y\u0131l\u0131n Kurumsal Sosyal Sorumluluk Program\u0131\u201d kategorisinde G\u00fcm\u00fc\u015f Stevie kazand\u0131. <\/strong><\/h1>\n<p>Toplumsal <strong>de\u011fi\u015fim<\/strong> ve <strong>geli\u015fimin<\/strong> \u00f6nc\u00fcs\u00fc olma hedefiyle faaliyet g\u00f6steren <strong>T\u00fcrkiye Vodafone Vakf\u0131, <\/strong>d\u00fcnyan\u0131n en prestijli \u00f6d\u00fcl programlar\u0131ndan <strong>Stevie \u00d6d\u00fclleri kapsam\u0131nda ald\u0131\u011f\u0131 \u00f6d\u00fcllere bir <img loading=\"lazy\" class=\"alignright wp-image-120701\" src=\"https:\/\/www.enerjigazetesi.ist\/wp-content\/uploads\/2020\/09\/yarini-kodlayanlar-projesi-ne-yilin-kurumsal-sosyal-sorumluluk-odulu-verildi-2.jpg\" alt=\"\" width=\"320\" height=\"240\" srcset=\"https:\/\/www.enerjigazetesi.ist\/wp-content\/uploads\/2020\/09\/yarini-kodlayanlar-projesi-ne-yilin-kurumsal-sosyal-sorumluluk-odulu-verildi-2.jpg 800w, https:\/\/www.enerjigazetesi.ist\/wp-content\/uploads\/2020\/09\/yarini-kodlayanlar-projesi-ne-yilin-kurumsal-sosyal-sorumluluk-odulu-verildi-2-300x225.jpg 300w, https:\/\/www.enerjigazetesi.ist\/wp-content\/uploads\/2020\/09\/yarini-kodlayanlar-projesi-ne-yilin-kurumsal-sosyal-sorumluluk-odulu-verildi-2-768x577.jpg 768w, https:\/\/www.enerjigazetesi.ist\/wp-content\/uploads\/2020\/09\/yarini-kodlayanlar-projesi-ne-yilin-kurumsal-sosyal-sorumluluk-odulu-verildi-2-500x376.jpg 500w, https:\/\/www.enerjigazetesi.ist\/wp-content\/uploads\/2020\/09\/yarini-kodlayanlar-projesi-ne-yilin-kurumsal-sosyal-sorumluluk-odulu-verildi-2-67x50.jpg 67w\" sizes=\"(max-width: 320px) 100vw, 320px\" \/>yenisini daha ekledi. Vak\u0131f, Ortado\u011fu ve Kuzey Afrika Stevie \u00d6d\u00fclleri\u2019nin ard\u0131ndan d\u00fcnyan\u0131n ilk i\u015fletme \u00f6d\u00fclleri program\u0131 olan ve bu y\u0131l 17\u2019ncisi d\u00fczenlenen Uluslararas\u0131 \u0130\u015fletme \u00d6d\u00fclleri\u2019nde <\/strong>de \u00f6d\u00fcle lay\u0131k g\u00f6r\u00fcld\u00fc. Toplamda<strong> 60\u2019\u0131 a\u015fk\u0131n <\/strong>\u00fclkeden <strong>3.800\u2019\u00fcn \u00fczerinde<\/strong> ba\u015fvurunun ger\u00e7ekle\u015fti\u011fi ve <strong>13 j\u00fcride 250\u2019yi a\u015fk\u0131n<\/strong> uzman\u0131n g\u00f6rev yapt\u0131\u011f\u0131 yar\u0131\u015fmada, T\u00fcrkiye Vodafone Vakf\u0131, 2016 y\u0131l\u0131ndan bu yana <strong>Habitat Derne\u011fi<\/strong> i\u015fbirli\u011fiyle T\u00fcrkiye\u2019nin d\u00f6rt bir yan\u0131nda <strong>100 bini a\u015fk\u0131n<\/strong> \u00e7ocu\u011fa ula\u015farak \u00f6nemli bir ba\u015far\u0131ya imza att\u0131\u011f\u0131 <strong>\u201cYar\u0131n\u0131 Kodlayanlar\u201d projesi<\/strong>yle, <strong>\u201cAvrupa Y\u0131l\u0131n Kurumsal Sosyal Sorumluluk Program\u0131\u201d<\/strong> kategorisinde <strong>G\u00fcm\u00fc\u015f Stevie<\/strong> ald\u0131. \u00d6d\u00fcller <strong>1 Aral\u0131k 2020\u2019de<\/strong> d\u00fczenlenecek <strong>online t\u00f6renle<\/strong> sahiplerini bulacak.<\/p>\n<h2><strong>\u00d6d\u00fcl\u00fc de\u011ferlendiren T\u00fcrkiye Vodafone Vakf\u0131 Ba\u015fkan\u0131 Hasan S\u00fcel, \u015funlar\u0131 s\u00f6yledi:<\/strong><\/h2>\n<p>\u201cT\u00fcrkiye Vodafone Vakf\u0131 olarak, <strong>\u2018iyilik i\u00e7in teknoloji\u2019<\/strong> vizyonuyla \u00e7al\u0131\u015fmalar\u0131m\u0131z\u0131 s\u00fcrd\u00fcr\u00fcyoruz. Topluma fayda sa\u011flama gayretiyle <strong>teknolojideki g\u00fcc\u00fcm\u00fcz\u00fc insanl\u0131\u011f\u0131n iyili\u011fi i\u00e7in<\/strong> kullan\u0131yoruz. Teknolojiyi toplumun bir sosyal ihtiyac\u0131na cevap vermek i\u00e7in nas\u0131l kullanabiliriz diye d\u00fc\u015f\u00fcnd\u00fck. \u00c7ocuklardan ba\u015flayal\u0131m; t\u00fcketen de\u011fil, \u00fcreten bir neslin yeti\u015fmesine destek olal\u0131m dedik. B\u00f6ylece, bundan 4 y\u0131l \u00f6nce <strong>Habitat Derne\u011fi<\/strong> i\u015fbirli\u011fiyle hayata ge\u00e7irdi\u011fimiz<strong> \u2018Yar\u0131n\u0131 Kodlayanlar\u2019 projesi<\/strong>yle <strong>7-14 ya\u015f aras\u0131ndaki \u00e7ocuklar\u0131m\u0131za<\/strong> bug\u00fcnk\u00fc deyimle kodlama, eski deyimle bilgisayar programlamay\u0131 \u00f6\u011fretmeye ba\u015flad\u0131k. Bu e\u011fitimlerde \u00e7ocuklar\u0131m\u0131z, programlama hakk\u0131nda <strong>fikir sahibi oluyor, yarat\u0131c\u0131l\u0131klar\u0131n\u0131 ortaya \u00e7\u0131karacak \u00e7al\u0131\u015fmalar yap\u0131yor, kendi hayal d\u00fcnyalar\u0131n\u0131 olu\u015fturuyor, kendi oyunlar\u0131n\u0131 \u00fcretebiliyor. T\u00fcrkiye\u2019de ve d\u00fcnya<\/strong>da b\u00fcy\u00fck yank\u0131 uyand\u0131ran projemizin global i\u015f d\u00fcnyas\u0131n\u0131n \u00f6nde gelen \u00f6d\u00fcl programlar\u0131ndan <strong>Uluslararas\u0131 \u0130\u015fletme \u00d6d\u00fclleri\u2019nde \u00f6d\u00fcle<\/strong> lay\u0131k g\u00f6r\u00fclmesinden gurur duyduk. Vak\u0131f olarak, dijitalle\u015fmeyi toplumun iyili\u011fi i\u00e7in kullanarak global d\u00fczeyde takdir g\u00f6ren \u00e7al\u0131\u015fmalara imza atmay\u0131 s\u00fcrd\u00fcrece\u011fiz.\u201d<\/p>\n<h2><strong>Habitat Derne\u011fi Y\u00f6netim Kurulu Ba\u015fkan\u0131 Sezai Haz\u0131r ise \u015fu a\u00e7\u0131klamalarda bulundu:<\/strong><\/h2>\n<p>\u201cHabitat Derne\u011fi olarak <strong>25 y\u0131ld\u0131r<\/strong> kurulu\u015f vizyonumuzla paralel olarak gen\u00e7lerin s\u00fcrd\u00fcr\u00fclebilir kalk\u0131nmada etkin rol oynamas\u0131n\u0131 hedefleyerek, gen\u00e7lerin kapasitelerini geli\u015ftirmek ve uluslararas\u0131 ortakl\u0131klar kurmak ad\u0131na <strong>bir\u00e7ok proje<\/strong> ve<strong> program<\/strong> geli\u015ftirdik. Bug\u00fcne kadar binlerce \u00e7ocu\u011fumuza dijital becerilerini ve yarat\u0131c\u0131l\u0131klar\u0131n\u0131 geli\u015ftirebilecekleri \u00e7al\u0131\u015fmalar ger\u00e7ekle\u015ftirdik. T\u00fcrkiye Vodafone Vakf\u0131 i\u015fbirli\u011fiyle 2016 y\u0131l\u0131ndan bu yana y\u00fcr\u00fctt\u00fc\u011f\u00fcm\u00fcz \u2018Yar\u0131n\u0131 Kodlayanlar\u2019 projesi ile gen\u00e7lerimizi ve \u00e7ocuklar\u0131m\u0131z\u0131 gelece\u011fe haz\u0131rlamaya, d\u00fcnyan\u0131n ve T\u00fcrkiye\u2019nin <strong>dijital d\u00f6n\u00fc\u015f\u00fcm\u00fc<\/strong>n\u00fcn en etkin akt\u00f6rleri haline gelmelerine katk\u0131 sunmaya devam ediyoruz. <strong>Uluslararas\u0131 \u0130\u015fletme \u00d6d\u00fclleri\u2019nde<\/strong> projemizin \u00f6d\u00fcle lay\u0131k g\u00f6r\u00fclmesinden dolay\u0131 b\u00fcy\u00fck bir mutluluk i\u00e7erisindeyiz. Projemiz kapsam\u0131nda bundan sonraki s\u00fcre\u00e7te de t\u00fcm \u00e7al\u0131\u015fmalar\u0131m\u0131zla <strong>\u00fclkemizin d\u00f6rt bir yan\u0131nda<\/strong> \u00e7ocuklar\u0131m\u0131z\u0131 <strong>teknolojinin dili<\/strong> ile tan\u0131\u015ft\u0131rmaya ve gelece\u011fin mesleklerine <strong>do\u011fru yol almalar\u0131na<\/strong> katk\u0131 sa\u011flamaya devam edece\u011fiz.\u201d<\/p>\n<h2><strong>4 y\u0131lda 100 bini a\u015fk\u0131n \u00e7ocu\u011fa kodlama e\u011fitimi<\/strong><\/h2>\n<p><strong>T\u00fcrkiye Vodafone Vakf\u0131\u2019n\u0131n dijital gelece\u011fe haz\u0131r nesiller yeti\u015ftirmek \u00fczere Habitat Derne\u011fi i\u015fbirli\u011fiyle hayata ge\u00e7irdi\u011fi \u201cYar\u0131n\u0131 Kodlayanlar\u201d projesinde A\u011fustos 2016\u2019dan bu yana 81 ilde 100 bini a\u015fk\u0131n<\/strong> \u00e7ocu\u011fa ula\u015f\u0131ld\u0131. Toplam 512 g\u00f6n\u00fcll\u00fc e\u011fitmen ve farkl\u0131 bran\u015flardan 38 Milli E\u011fitim Bakanl\u0131\u011f\u0131 \u00f6\u011fretmeninin g\u00f6rev ald\u0131\u011f\u0131 projeden faydalanan k\u0131z \u00e7ocuklar\u0131n say\u0131s\u0131 52 bine, erkek \u00e7ocuklar\u0131n say\u0131s\u0131 ise 50 bine yakla\u015ft\u0131. Salg\u0131n nedeniyle online ortama ta\u015f\u0131nan projede yaz boyunca 10 bin \u00e7ocu\u011fa dijital platformlar \u00fczerinden kodlama e\u011fitimi verildi. Proje kapsam\u0131nda ayr\u0131ca, d\u00fcnyan\u0131n en b\u00fcy\u00fck e\u011fitim platformlar\u0131ndan The Clubhouse Network ile i\u015fbirli\u011fi yap\u0131ld\u0131. Bu i\u015fbirli\u011fiyle T\u00fcrkiye\u2019deki ilk The Clubhouse Network s\u0131n\u0131f\u0131 \u0130T\u00dc Ayaza\u011fa Yerle\u015fkesi\u2019nde a\u00e7\u0131l\u0131rken, \u0130stanbul, Ankara ve Trabzon\u2019da14-17 ya\u015f aras\u0131 toplam <strong>1.000 gence<\/strong> Yapay Zeka e\u011fitimleri verilmesi hedefleniyor.<\/p>\n<h2><strong>Stevie, d\u00fcnyan\u0131n en sayg\u0131n \u00f6d\u00fclleri aras\u0131nda<\/strong><\/h2>\n<p><strong>2002 y\u0131l\u0131ndan bu yana uluslararas\u0131 \u015firket ve organizasyonlar\u0131 y\u0131l i\u00e7inde g\u00f6sterdikleri performans ve sosyal hayata yans\u0131yan pozitif katk\u0131lar\u0131 \u00e7er\u00e7evesinde \u00f6d\u00fcllendiren Stevie \u00d6d\u00fclleri, d\u00fcnyan\u0131n en sayg\u0131n i\u015f \u00f6d\u00fclleri aras\u0131nda yer al\u0131yor. \u201cAsya-Pasifik Stevie \u00d6d\u00fclleri\u201d, \u201cAlmanya Stevie \u00d6d\u00fclleri\u201d, \u201cOrtado\u011fu ve Kuzey Afrika Stevie \u00d6d\u00fclleri\u201d, \u201cAmerika \u0130\u015f \u00d6d\u00fclleri\u201d, \u201cUluslararas\u0131 \u0130\u015fletme \u00d6d\u00fclleri\u201d, \u201cStevie \u0130\u015f Kad\u0131nlar\u0131 \u00d6d\u00fclleri\u201d, \u201cStevie B\u00fcy\u00fck \u0130\u015fverenler \u00d6d\u00fclleri\u201d, \u201cStevie Sat\u0131\u015f ve M\u00fc\u015fteri Hizmetleri \u00d6d\u00fclleri\u201d olmak \u00fczere 8 farkl\u0131 alanda d\u00fczenlenen Stevie \u00d6d\u00fclleri yar\u0131\u015fmalar\u0131na <\/strong>her y\u0131l<strong> 70\u2019i a\u015fk\u0131n <\/strong>\u00fclkeden<strong> 12 binin \u00fczerinde<\/strong> ba\u015fvuru oluyor.<\/p>\n<p><strong>Stevie \u00d6d\u00fclleri \u00e7at\u0131s\u0131 alt\u0131nda d\u00fczenlenen \u201cUluslararas\u0131 \u0130\u015fletme \u00d6d\u00fclleri\u201d<\/strong> ise i\u015f d\u00fcnyas\u0131n\u0131n her alan\u0131ndan ba\u015far\u0131lar\u0131 takdir etmek i\u00e7in haz\u0131rlanan tek k\u00fcresel \u00f6d\u00fcl program\u0131 olarak biliniyor. T\u00fcm d\u00fcnyadan kurumlara a\u00e7\u0131k olan yar\u0131\u015fmaya, y\u00f6netim ba\u015far\u0131s\u0131, pazarlama \u00f6d\u00fclleri, halkla ili\u015fkiler, m\u00fc\u015fteri hizmetleri, yeni \u00fcr\u00fcnler, teknoloji, web siteleri, uygulamalar gibi pek \u00e7ok kategoride ba\u015fvuru yap\u0131labiliyor. Bu y\u0131lki yar\u0131\u015fmada birey ve kurumlar\u0131n katk\u0131lar\u0131n\u0131 \u00f6d\u00fcllendirmek i\u00e7in \u201cKovid-19 \u00d6nlemi\u201d ad\u0131 alt\u0131nda baz\u0131 \u00fccretsiz kategoriler de a\u00e7\u0131ld\u0131.<\/p>","protected":false},"excerpt":{"rendered":"<p>Sorry, this entry is only available in Turkish. For the sake of viewer convenience, the content is shown below in the alternative language. You may click the link to switch the active language. T\u00fcrkiye Vodafone Vakf\u0131, d\u00fcnyan\u0131n en prestijli \u00f6d\u00fcl programlar\u0131ndan Stevie \u00d6d\u00fclleri \u00e7at\u0131s\u0131 alt\u0131nda d\u00fczenlenen Ortado\u011fu ve Kuzey Afrika Stevie \u00d6d\u00fclleri\u2019nin ard\u0131ndan Uluslararas\u0131 \u0130\u015fletme [&hellip;]<\/p>\n","protected":false},"author":1,"featured_media":120702,"comment_status":"open","ping_status":"open","sticky":false,"template":"","format":"standard","meta":[],"categories":[51,53,157],"tags":[79653,52259,79654,51311,36942,65918,57068,79651,79652,79508,70794],"views":149,"_links":{"self":[{"href":"https:\/\/www.enerjigazetesi.ist\/en\/wp-json\/wp\/v2\/posts\/120699"}],"collection":[{"href":"https:\/\/www.enerjigazetesi.ist\/en\/wp-json\/wp\/v2\/posts"}],"about":[{"href":"https:\/\/www.enerjigazetesi.ist\/en\/wp-json\/wp\/v2\/types\/post"}],"author":[{"embeddable":true,"href":"https:\/\/www.enerjigazetesi.ist\/en\/wp-json\/wp\/v2\/users\/1"}],"replies":[{"embeddable":true,"href":"https:\/\/www.enerjigazetesi.ist\/en\/wp-json\/wp\/v2\/comments?post=120699"}],"version-history":[{"count":0,"href":"https:\/\/www.enerjigazetesi.ist\/en\/wp-json\/wp\/v2\/posts\/120699\/revisions"}],"wp:featuredmedia":[{"embeddable":true,"href":"https:\/\/www.enerjigazetesi.ist\/en\/wp-json\/wp\/v2\/media\/120702"}],"wp:attachment":[{"href":"https:\/\/www.enerjigazetesi.ist\/en\/wp-json\/wp\/v2\/media?parent=120699"}],"wp:term":[{"taxonomy":"category","embeddable":true,"href":"https:\/\/www.enerjigazetesi.ist\/en\/wp-json\/wp\/v2\/categories?post=120699"},{"taxonomy":"post_tag","embeddable":true,"href":"https:\/\/www.enerjigazetesi.ist\/en\/wp-json\/wp\/v2\/tags?post=120699"}],"curies":[{"name":"wp","href":"https:\/\/api.w.org\/{rel}","templated":true}]}}