{"id":120533,"date":"2020-09-19T14:44:01","date_gmt":"2020-09-19T11:44:01","guid":{"rendered":"https:\/\/www.enerjigazetesi.ist\/?p=120533"},"modified":"2020-09-19T14:49:04","modified_gmt":"2020-09-19T11:49:04","slug":"tetra-pak-tan-dusuk-enerji-tuketimli-proses-hatti","status":"publish","type":"post","link":"https:\/\/www.enerjigazetesi.ist\/en\/tetra-pak-tan-dusuk-enerji-tuketimli-proses-hatti\/","title":{"rendered":"(Turkish) Tetra Pak&#8217;tan D\u00fc\u015f\u00fck Enerji T\u00fcketimli Proses Hatt\u0131"},"content":{"rendered":"<p class=\"qtranxs-available-languages-message qtranxs-available-languages-message-en\">Sorry, this entry is only available in <a href=\"https:\/\/www.enerjigazetesi.ist\/tr\/wp-json\/wp\/v2\/posts\/120533\" class=\"qtranxs-available-language-link qtranxs-available-language-link-tr\" title=\"Turkish\">Turkish<\/a>. For the sake of viewer convenience, the content is shown below in the alternative language. You may click the link to switch the active language.<\/p><p><\/p>\n<h1><strong>Tetra Pak taraf\u0131ndan i\u00e7ecek i\u015flemeyi yeni bir verimlilik d\u00fczeyine ta\u015f\u0131maya y\u00f6nelik meyve suyu, nektar ve gazs\u0131z i\u00e7ecekler i\u00e7in t\u00fcr\u00fcn\u00fcn ilk \u00f6rne\u011fi olan yeni bir d\u00fc\u015f\u00fck enerji t\u00fcketimli proses hatt\u0131n\u0131 pazara sunuldu\u011fu a\u00e7\u0131kland\u0131.<\/strong><\/h1>\n<p>Tetra Pak\u2019tan yap\u0131lan a\u00e7\u0131klamada, devrim niteli\u011findeki<strong> proses hatt\u0131, past\u00f6rizasyon, filtrasyon<\/strong> ve <strong>UV teknolojisi<\/strong>ni bir arada kullanarak i\u00e7eceklerin <strong>iki ayr\u0131 ak\u0131\u015f halinde<\/strong> i\u015flenmesine olanak tan\u0131yor.<\/p>\n<p><strong>Past\u00f6rizasyon, filtrasyon<\/strong> ve <strong>UV \u0131\u015f\u0131k teknolojilerinin<\/strong> benzersiz bir kombinasyonunu <strong>inovatif \u015fekilde kullanan<\/strong> <em>\u00fcretim hatt\u0131,<\/em> i\u00e7eceklerin<strong> iki ayr\u0131 ak\u0131\u015f<\/strong> halinde<strong> i\u015flenmesi<\/strong> ve <strong>aseptik<\/strong> olarak <strong><img loading=\"lazy\" class=\"alignright wp-image-120539\" src=\"https:\/\/www.enerjigazetesi.ist\/wp-content\/uploads\/2020\/09\/tetra-pak-tan-dusuk-enerji-tuketimli-proses-hatti-1-1-1024x684.jpg\" alt=\"\" width=\"340\" height=\"227\" srcset=\"https:\/\/www.enerjigazetesi.ist\/wp-content\/uploads\/2020\/09\/tetra-pak-tan-dusuk-enerji-tuketimli-proses-hatti-1-1-1024x684.jpg 1024w, https:\/\/www.enerjigazetesi.ist\/wp-content\/uploads\/2020\/09\/tetra-pak-tan-dusuk-enerji-tuketimli-proses-hatti-1-1-300x200.jpg 300w, https:\/\/www.enerjigazetesi.ist\/wp-content\/uploads\/2020\/09\/tetra-pak-tan-dusuk-enerji-tuketimli-proses-hatti-1-1-768x513.jpg 768w, https:\/\/www.enerjigazetesi.ist\/wp-content\/uploads\/2020\/09\/tetra-pak-tan-dusuk-enerji-tuketimli-proses-hatti-1-1-500x334.jpg 500w, https:\/\/www.enerjigazetesi.ist\/wp-content\/uploads\/2020\/09\/tetra-pak-tan-dusuk-enerji-tuketimli-proses-hatti-1-1-75x50.jpg 75w, https:\/\/www.enerjigazetesi.ist\/wp-content\/uploads\/2020\/09\/tetra-pak-tan-dusuk-enerji-tuketimli-proses-hatti-1-1-450x300.jpg 450w, https:\/\/www.enerjigazetesi.ist\/wp-content\/uploads\/2020\/09\/tetra-pak-tan-dusuk-enerji-tuketimli-proses-hatti-1-1.jpg 1200w\" sizes=\"(max-width: 340px) 100vw, 340px\" \/>birbirlerine kar\u0131\u015fmas\u0131yla<\/strong> nihai i\u00e7ecek elde ediliyor.<\/p>\n<p><em>Yeni \u00fcretim hatt\u0131, \u00fcr\u00fcn\u00fcn t\u00fcm hacmini past\u00f6rize<\/em> etmek yerine <strong>suyu ay\u0131rarak<\/strong> sadece<strong> konsantre \u00fcr\u00fcn\u00fc past\u00f6rize<\/strong> ediyor. Su ise <strong>\u00e7ok daha az enerji<\/strong> gerektiren <strong>filtrasyon<\/strong> ve <strong>UV \u0131\u015f\u0131\u011f\u0131<\/strong> ile ayr\u0131 \u015fekilde i\u015flem g\u00f6r\u00fcyor. <strong>Yeni meyve suyu<\/strong>, <strong>nektar<\/strong> ve <strong>gazs\u0131z i\u00e7ecekler hatt\u0131<\/strong>, <strong>enerji t\u00fcketimi<\/strong>ni <strong>%67<\/strong>\u2019ye, yerinde t<strong>emizlik, sterilizasyon<\/strong> ve <strong>\u00fcr\u00fcn de\u011fi\u015fimi<\/strong> i\u00e7in gereken <strong>su t\u00fcketimi<\/strong>ni ise<strong> %50<\/strong>\u2019ye kadar azaltarak\u00a0<strong>i\u00e7ecek end\u00fcstrisi<\/strong>nde <strong>s\u00fcrd\u00fcr\u00fclebilirlik \u00e7al\u0131\u015fmalar\u0131na da<\/strong>\u00a0\u00f6nemli de\u011fer sa\u011fl\u0131yor.<\/p>\n<p><em>Tetra Pak Meyve Suyu, Nektar ve Gazs\u0131z \u0130\u00e7ecekler ile Di\u011fer \u0130\u00e7ecekler Alt Kategori M\u00fcd\u00fcr\u00fc<\/em> <strong>Maria Norlin<\/strong>: \u201c<strong>Meyve suyu, nektar <\/strong>ve<strong> gazs\u0131z i\u00e7ecekleri i\u015fleme s\u00fcreci<\/strong>ni tekrar d\u00fc\u015f\u00fcnmemiz gerekti\u011finin ve m\u00fc\u015fterilerimize <strong>\u00fcst d\u00fczey g\u0131da g\u00fcvenli\u011fi<\/strong> ile <strong>kalite g\u00fcvencesini sa\u011flamaya<\/strong> devam eden daha s\u00fcrd\u00fcr\u00fclebilir bir \u00e7\u00f6z\u00fcm bulmaya ihtiyac\u0131m\u0131z oldu\u011funun fark\u0131na vard\u0131k. Yeni, <strong>enerji tasarruflu proses hatt\u0131<\/strong>m\u0131z olan, \u201c<strong>Meyve Suyu, Nektar ve Gazs\u0131z \u0130\u00e7ecekler<\/strong> i\u00e7in <strong>Aseptik Mikserli En \u0130yi Uygulama Hatt\u0131<\/strong>\u2019n\u0131n\u201d pazara sunulmas\u0131, daha <strong>s\u00fcrd\u00fcr\u00fclebilir<\/strong> ve <strong>verimli \u00e7\u00f6z\u00fcmler<\/strong> aray\u0131\u015f\u0131nda <strong>geleneksel proses y\u00f6ntemleri<\/strong>nde nas\u0131l bir <strong>inovasyon<\/strong> yapt\u0131\u011f\u0131m\u0131z\u0131 ortaya koyuyor. Mevcut i\u015fleme hatt\u0131n\u0131 <strong>iki ayr\u0131 proses<\/strong> ak\u0131\u015f\u0131na b\u00f6lme karar\u0131m\u0131z, m\u00fc\u015fterilerimize <strong>iklim koruma hedefleri<\/strong>ne ula\u015fmalar\u0131nda onlara destek olabilecek <strong>proses se\u00e7eneklerini sunmam\u0131za<\/strong> ve e<strong>nd\u00fcstrinin k\u00fcresel s\u00fcrd\u00fcr\u00fclebilirlik \u00e7abalar\u0131<\/strong>na katk\u0131da bulunmas\u0131na olanak sa\u011fl\u0131yor\u201d dedi.<\/p>\n<p style=\"text-align: center;\"><img loading=\"lazy\" class=\"aligncenter wp-image-120536\" src=\"https:\/\/www.enerjigazetesi.ist\/wp-content\/uploads\/2020\/09\/tetra-pak-tan-dusuk-enerji-tuketimli-proses-hatti-2.jpg\" alt=\"\" width=\"600\" height=\"307\" srcset=\"https:\/\/www.enerjigazetesi.ist\/wp-content\/uploads\/2020\/09\/tetra-pak-tan-dusuk-enerji-tuketimli-proses-hatti-2.jpg 953w, https:\/\/www.enerjigazetesi.ist\/wp-content\/uploads\/2020\/09\/tetra-pak-tan-dusuk-enerji-tuketimli-proses-hatti-2-300x154.jpg 300w, https:\/\/www.enerjigazetesi.ist\/wp-content\/uploads\/2020\/09\/tetra-pak-tan-dusuk-enerji-tuketimli-proses-hatti-2-768x393.jpg 768w, https:\/\/www.enerjigazetesi.ist\/wp-content\/uploads\/2020\/09\/tetra-pak-tan-dusuk-enerji-tuketimli-proses-hatti-2-500x256.jpg 500w, https:\/\/www.enerjigazetesi.ist\/wp-content\/uploads\/2020\/09\/tetra-pak-tan-dusuk-enerji-tuketimli-proses-hatti-2-80x41.jpg 80w\" sizes=\"(max-width: 600px) 100vw, 600px\" \/><\/p>\n<p><em>Tetra Pak B\u00fcy\u00fck Orta Do\u011fu ve Afrika B\u00f6lgesi \u0130\u00e7ecek Kategorisi Lideri<\/em> <strong>Selim Y\u0131ld\u0131z<\/strong> yeni \u00fcretim hatt\u0131 ile ilgili \u015funlar\u0131 s\u00f6yledi: \u201cTetra Pak olarak, <strong>meyve suyu<\/strong> ve <strong>gazs\u0131z i\u00e7eceklerin \u00fcretim metodu<\/strong>nu g\u00f6zden ge\u00e7irerek yeni ve<strong> inovatif bir \u00e7\u00f6z\u00fcm\u00fc<\/strong> pazara sunduk. Bu yeni i\u015fleme hatt\u0131nda sadece konsantre miksi past\u00f6rize ediliyor. B\u00fcy\u00fck b\u00f6l\u00fcm\u00fc olu\u015fturan <strong>su, filtrasyon<\/strong> ve<strong> UV \u0131\u015f\u0131k teknolojisi<\/strong>yle sterilize ediliyor ve dolum \u00f6ncesinde <strong>konsantre miksi<\/strong> ile <strong>aseptik mikserde<\/strong> kar\u0131\u015ft\u0131r\u0131l\u0131yor. B\u00f6ylece buhardan, so\u011futma y\u00fck\u00fcnden, <strong>yerinde temizlik (CIP)<\/strong> ve <strong>yerinde sterilizasyon (SIP)<\/strong> i\u00e7in gerekli sulardan b\u00fcy\u00fck oranda tasarruf elde edilirken <strong>i\u015fletme maliyetleri<\/strong> ve <strong>\u00fcr\u00fcn kay\u0131plar\u0131<\/strong> da en aza indiriliyor. Bu yeni i\u015fleme tekni\u011fi, <strong>\u00fcreticilerin karl\u0131l\u0131klar\u0131n\u0131 artt\u0131racak<\/strong> ve ayn\u0131 zamanda <strong>daha rekabet\u00e7i<\/strong> olmalar\u0131na \u00f6nemli katk\u0131da bulunacakt\u0131r\u201d.<\/p>\n<p><strong>Tetra Pak<\/strong>\u2019\u0131n <strong>g\u0131da <\/strong>ve<strong> i\u00e7ecek<\/strong> ile ilgili b<strong>ilim insanlar\u0131<\/strong> ve <strong>proses m\u00fchendisleri, meyve suyu, nektar<\/strong> ve<strong> gazs\u0131z i\u00e7ecekler i\u015fleme hatt\u0131n\u0131<\/strong> yeniden g\u00f6zden ge\u00e7irmek ve tasarlamak i\u00e7in iddial\u0131 hedefler belirledi. Mart 2019\u2019da ger\u00e7ekle\u015ftirilen<strong> Uluslararas\u0131 Meyve ve Sebze Suyu Derne\u011fi Teknik \u00c7al\u0131\u015ftay\u0131\u2019nda<\/strong> \u00fcretim konseptini \u00f6zetleyen bir teknik rapor (White paper) yay\u0131mland\u0131. <strong>Ekim 2019\u2019da<\/strong> ger\u00e7ekle\u015fen <strong>Meyve Suyu Zirvesi<\/strong>\u2019nde, bu yeni \u00fcretim konsepti <strong>IFU 2019 \u0130novasyon \u00d6d\u00fcl\u00fc<\/strong>\u2019ne de lay\u0131k g\u00f6r\u00fcld\u00fc.<\/p>","protected":false},"excerpt":{"rendered":"<p>Sorry, this entry is only available in Turkish. For the sake of viewer convenience, the content is shown below in the alternative language. You may click the link to switch the active language. Tetra Pak taraf\u0131ndan i\u00e7ecek i\u015flemeyi yeni bir verimlilik d\u00fczeyine ta\u015f\u0131maya y\u00f6nelik meyve suyu, nektar ve gazs\u0131z i\u00e7ecekler i\u00e7in t\u00fcr\u00fcn\u00fcn ilk \u00f6rne\u011fi olan [&hellip;]<\/p>\n","protected":false},"author":1,"featured_media":120539,"comment_status":"open","ping_status":"open","sticky":false,"template":"","format":"standard","meta":[],"categories":[51,53,52],"tags":[79484,79475,52259,79482,79487,79480,79485,79481,79478,79479,79483,79486,79489,57125,3525,37032,79476,79477,79490,79488],"views":128,"_links":{"self":[{"href":"https:\/\/www.enerjigazetesi.ist\/en\/wp-json\/wp\/v2\/posts\/120533"}],"collection":[{"href":"https:\/\/www.enerjigazetesi.ist\/en\/wp-json\/wp\/v2\/posts"}],"about":[{"href":"https:\/\/www.enerjigazetesi.ist\/en\/wp-json\/wp\/v2\/types\/post"}],"author":[{"embeddable":true,"href":"https:\/\/www.enerjigazetesi.ist\/en\/wp-json\/wp\/v2\/users\/1"}],"replies":[{"embeddable":true,"href":"https:\/\/www.enerjigazetesi.ist\/en\/wp-json\/wp\/v2\/comments?post=120533"}],"version-history":[{"count":0,"href":"https:\/\/www.enerjigazetesi.ist\/en\/wp-json\/wp\/v2\/posts\/120533\/revisions"}],"wp:featuredmedia":[{"embeddable":true,"href":"https:\/\/www.enerjigazetesi.ist\/en\/wp-json\/wp\/v2\/media\/120539"}],"wp:attachment":[{"href":"https:\/\/www.enerjigazetesi.ist\/en\/wp-json\/wp\/v2\/media?parent=120533"}],"wp:term":[{"taxonomy":"category","embeddable":true,"href":"https:\/\/www.enerjigazetesi.ist\/en\/wp-json\/wp\/v2\/categories?post=120533"},{"taxonomy":"post_tag","embeddable":true,"href":"https:\/\/www.enerjigazetesi.ist\/en\/wp-json\/wp\/v2\/tags?post=120533"}],"curies":[{"name":"wp","href":"https:\/\/api.w.org\/{rel}","templated":true}]}}