{"id":120503,"date":"2020-09-19T11:54:19","date_gmt":"2020-09-19T08:54:19","guid":{"rendered":"https:\/\/www.enerjigazetesi.ist\/?p=120503"},"modified":"2020-09-19T11:54:19","modified_gmt":"2020-09-19T08:54:19","slug":"turk-prysmian-kablodan-elektrik-kaynakli-yanginlari-azaltacak-kablolar","status":"publish","type":"post","link":"https:\/\/www.enerjigazetesi.ist\/en\/turk-prysmian-kablodan-elektrik-kaynakli-yanginlari-azaltacak-kablolar\/","title":{"rendered":"(Turkish) &#8217;T\u00fcrk Prysmian Kablo&#8217;dan Elektrik Kaynakl\u0131 Yang\u0131nlar\u0131 Azaltacak Kablolar"},"content":{"rendered":"<p class=\"qtranxs-available-languages-message qtranxs-available-languages-message-en\">Sorry, this entry is only available in <a href=\"https:\/\/www.enerjigazetesi.ist\/tr\/wp-json\/wp\/v2\/posts\/120503\" class=\"qtranxs-available-language-link qtranxs-available-language-link-tr\" title=\"Turkish\">Turkish<\/a>. For the sake of viewer convenience, the content is shown below in the alternative language. You may click the link to switch the active language.<\/p><p><\/p>\n<h1><strong>Yang\u0131ndan Korunma Haftas\u0131, T\u00fcrkiye\u2019de her y\u0131l 25 Eyl\u00fcl-1 Ekim 2020 aras\u0131nda kutlan\u0131yor. \u0130stanbul \u0130tfaiyesi\u2019nin verilerine g\u00f6re, sadece \u0130stanbul\u2019da 2020 y\u0131l\u0131 Ocak- Temmuz ay\u0131 sonu itibariyle 11.458 yang\u0131n \u00e7\u0131karken; elektrik, yang\u0131n\u0131n kayna\u011f\u0131 olarak, %21,2 ile sigaradan sonra 2&#8217;inci s\u0131rada yer al\u0131yor. T\u00fcrk kablo sekt\u00f6r\u00fcnde CPR sertifikas\u0131n\u0131 ilk alan firma olan T\u00fcrk Prysmian Kablo, elektrik tesisat\u0131ndan kaynaklanan yang\u0131nlar\u0131 \u00f6nlemek i\u00e7in, yang\u0131na kar\u015f\u0131 g\u00fcvenli yeni nesil kablolar kullan\u0131lmas\u0131n\u0131 \u00f6neriyor.<\/strong><\/h1>\n<div id=\"attachment_120505\" style=\"width: 330px\" class=\"wp-caption alignleft\"><img aria-describedby=\"caption-attachment-120505\" loading=\"lazy\" class=\"wp-image-120505\" src=\"https:\/\/www.enerjigazetesi.ist\/wp-content\/uploads\/2020\/09\/T\u00fcrkPrysmianCEO_CinziaFarise-480x320.jpg\" alt=\"\" width=\"320\" height=\"213\" srcset=\"https:\/\/www.enerjigazetesi.ist\/wp-content\/uploads\/2020\/09\/T\u00fcrkPrysmianCEO_CinziaFarise-480x320.jpg 480w, https:\/\/www.enerjigazetesi.ist\/wp-content\/uploads\/2020\/09\/T\u00fcrkPrysmianCEO_CinziaFarise-480x320-300x200.jpg 300w, https:\/\/www.enerjigazetesi.ist\/wp-content\/uploads\/2020\/09\/T\u00fcrkPrysmianCEO_CinziaFarise-480x320-75x50.jpg 75w, https:\/\/www.enerjigazetesi.ist\/wp-content\/uploads\/2020\/09\/T\u00fcrkPrysmianCEO_CinziaFarise-480x320-450x300.jpg 450w\" sizes=\"(max-width: 320px) 100vw, 320px\" \/><p id=\"caption-attachment-120505\" class=\"wp-caption-text\">T\u00fcrk Prysmian Kablo\u2019nun CEO\u2019su Cinzia Faris\u00e8<\/p><\/div>\n<p>Enerji ve telekom\u00fcnikasyon kablolar\u0131 sekt\u00f6r\u00fcn\u00fcn d\u00fcnya \u00e7ap\u0131nda lideri <strong>Prysmian Group<\/strong>\u2019un T\u00fcrkiye operasyonu <strong>T\u00fcrk Prysmian Kablo\u2019dan<\/strong> yap\u0131lan a\u00e7\u0131klamada, <strong>Yang\u0131ndan Korunma Haftas\u0131<\/strong> kapsam\u0131nda kullan\u0131lan kablonun \u00f6nemine dikkat \u00e7ekildi. <strong>Bursa Mudanya<\/strong>\u2019daki fabrikas\u0131nda \u00fcretti\u011fi son teknoloji <strong>AFUMEX\u2122 kablolar<\/strong> ile yang\u0131na kar\u015f\u0131 <strong>daha g\u00fcvenli<\/strong>, <strong>yeni nesil \u00e7\u00f6z\u00fcmler<\/strong> sunan \u015firket, binalarda <strong>elektrik tesisat\u0131ndan kaynakl\u0131 \u00e7\u0131kan yang\u0131nlar\u0131n<\/strong> teknolojisi y\u00fcksek, yang\u0131na kar\u015f\u0131 <strong>g\u00fcvenli kablolar<\/strong> sayesinde en aza inece\u011fini, yapt\u0131\u011f\u0131<strong> Ar-Ge \u00e7al\u0131\u015fmalar\u0131<\/strong> ve<strong> yanma testleriyle<\/strong> de kan\u0131tl\u0131yor.<\/p>\n<h2><strong>Hayati \u00f6nem ta\u015f\u0131yan sistemler yang\u0131n s\u0131ras\u0131nda da \u00e7al\u0131\u015f\u0131yor<\/strong><\/h2>\n<figure id=\"attachment_12734\" class=\"wp-caption alignleft\" aria-describedby=\"caption-attachment-12734\">22 bin farkl\u0131 kablo \u00fcretti\u011fi Mudanya fabrikas\u0131nda <strong>Yap\u0131 Malzemeleri Y\u00f6netmeli\u011fi (CPR) laboratuvar\u0131<\/strong> da bulunan <strong>T\u00fcrk Prysmian Kablo<\/strong>\u2019nun CEO\u2019su<strong> Cinzia Faris\u00e8<\/strong>, g\u00fcn\u00fcm\u00fczde ilerleyen teknoloji ile birlikte <strong>kablolar\u0131n yang\u0131na kar\u015f\u0131 daha g\u00fcvenli hale getirildi\u011fini<\/strong> belirterek, \u201cYang\u0131nlarda ya\u015fanan <strong>can kay\u0131plar\u0131nda<\/strong> ve <strong>zehirlenmelerde<\/strong> en \u00f6nemli etmenlerden biri de yang\u0131n s\u0131ras\u0131nda kablolardan \u00e7\u0131kan <strong>duman<\/strong> ve <strong>zehirli gaz<\/strong>. Bu sebeple, insan sirk\u00fclasyonunun yo\u011fun oldu\u011fu <strong>AVM<\/strong> ya da <strong>hastane<\/strong> gibi yerlerde <strong>d\u00fc\u015f\u00fck duman yo\u011funlu\u011funa<\/strong> sahip, <strong>yang\u0131na kar\u015f\u0131 g\u00fcvenli kablolar\u0131n kullan\u0131lmas\u0131<\/strong> gerekiyor. Bu kablolar\u0131n kullan\u0131lmas\u0131 sayesinde, olas\u0131 bir yang\u0131nda b<strong>inan\u0131n bo\u015falt\u0131lmas\u0131<\/strong> i\u00e7in gereken s\u00fcre uzarken, <strong>acil m\u00fcdahale ekiplerinin<\/strong> daha iyi ko\u015fullarda \u00e7al\u0131\u015fmas\u0131 sa\u011flanabiliyor. Di\u011fer yandan, <strong>yang\u0131na kar\u015f\u0131 g\u00fcvenli kablolar<\/strong> sayesinde <strong>kesintisiz g\u00fc\u00e7 kaynaklar\u0131<\/strong> ve <strong>yang\u0131n alarm sistemleri<\/strong> gibi hayati \u00f6nem ta\u015f\u0131yan sistemler de yang\u0131n s\u0131ras\u0131nda \u00e7al\u0131\u015fabiliyor.\u201d diye konu\u015ftu.<\/figure>\n<h2><strong>\u201cSekt\u00f6r\u00fcm\u00fcz\u00fcn t\u00fcm payda\u015flar\u0131na kablo se\u00e7iminin \u00f6nemini anlat\u0131yoruz\u201d<\/strong><\/h2>\n<p><strong>&#8220;T\u00fcrkiye\u2019yi Yar\u0131nlara Ba\u011fl\u0131yoruz&#8221;<\/strong> misyonu ve s\u00fcrd\u00fcr\u00fclebilirlik yakla\u015f\u0131mlar\u0131yla sekt\u00f6r\u00fc de bilin\u00e7lendirme \u00e7al\u0131\u015fmalar\u0131 y\u00fcr\u00fctt\u00fcklerini kaydeden Faris\u00e8, \u201c\u0130lk kez <strong>2012 y\u0131l\u0131nda<\/strong> duyurdu\u011fumuz <strong>\u201cDikkat! Her Kablo Ayn\u0131 De\u011fildir\u2026\u201d<\/strong> giri\u015fimimiz kapsam\u0131nda, <strong>itfaiyelere<\/strong>, yetkili sat\u0131c\u0131lar\u0131m\u0131za, <strong>proje firmalar\u0131na, m\u00fcteahhitlere<\/strong> vb. sekt\u00f6r\u00fcm\u00fcz\u00fcn t\u00fcm payda\u015flar\u0131na <strong>yang\u0131n tehlikesine kar\u015f\u0131 kablo se\u00e7imi<\/strong>nin ne kadar \u00f6nemli oldu\u011funu anlat\u0131yoruz. Bu ama\u00e7la yakla\u015f\u0131k bir y\u0131l \u00f6nce <strong>sahadaki montaj eleman\u0131ndan ofisteki m\u00fchendislere kadar<\/strong> t\u00fcm kullan\u0131c\u0131lara <strong>proje ve tesisat y\u00f6ntemine<\/strong> uygun olarak en iyi kablolama \u00e7\u00f6z\u00fcm\u00fcn\u00fc se\u00e7mede yard\u0131mc\u0131 olan <strong>CableApp uygulamam\u0131z\u0131<\/strong> hayata ge\u00e7irdik.\u201d dedi.<\/p>","protected":false},"excerpt":{"rendered":"<p>Sorry, this entry is only available in Turkish. For the sake of viewer convenience, the content is shown below in the alternative language. You may click the link to switch the active language. Yang\u0131ndan Korunma Haftas\u0131, T\u00fcrkiye\u2019de her y\u0131l 25 Eyl\u00fcl-1 Ekim 2020 aras\u0131nda kutlan\u0131yor. \u0130stanbul \u0130tfaiyesi\u2019nin verilerine g\u00f6re, sadece \u0130stanbul\u2019da 2020 y\u0131l\u0131 Ocak- Temmuz [&hellip;]<\/p>\n","protected":false},"author":1,"featured_media":120507,"comment_status":"open","ping_status":"open","sticky":false,"template":"","format":"standard","meta":[],"categories":[51,53],"tags":[79451,79455,58629,75910,79450,52259,79448,79456,79453,36222,79449,62583,45696,79454,79447,79452],"views":117,"_links":{"self":[{"href":"https:\/\/www.enerjigazetesi.ist\/en\/wp-json\/wp\/v2\/posts\/120503"}],"collection":[{"href":"https:\/\/www.enerjigazetesi.ist\/en\/wp-json\/wp\/v2\/posts"}],"about":[{"href":"https:\/\/www.enerjigazetesi.ist\/en\/wp-json\/wp\/v2\/types\/post"}],"author":[{"embeddable":true,"href":"https:\/\/www.enerjigazetesi.ist\/en\/wp-json\/wp\/v2\/users\/1"}],"replies":[{"embeddable":true,"href":"https:\/\/www.enerjigazetesi.ist\/en\/wp-json\/wp\/v2\/comments?post=120503"}],"version-history":[{"count":0,"href":"https:\/\/www.enerjigazetesi.ist\/en\/wp-json\/wp\/v2\/posts\/120503\/revisions"}],"wp:featuredmedia":[{"embeddable":true,"href":"https:\/\/www.enerjigazetesi.ist\/en\/wp-json\/wp\/v2\/media\/120507"}],"wp:attachment":[{"href":"https:\/\/www.enerjigazetesi.ist\/en\/wp-json\/wp\/v2\/media?parent=120503"}],"wp:term":[{"taxonomy":"category","embeddable":true,"href":"https:\/\/www.enerjigazetesi.ist\/en\/wp-json\/wp\/v2\/categories?post=120503"},{"taxonomy":"post_tag","embeddable":true,"href":"https:\/\/www.enerjigazetesi.ist\/en\/wp-json\/wp\/v2\/tags?post=120503"}],"curies":[{"name":"wp","href":"https:\/\/api.w.org\/{rel}","templated":true}]}}