{"id":120452,"date":"2020-09-18T12:28:49","date_gmt":"2020-09-18T09:28:49","guid":{"rendered":"https:\/\/www.enerjigazetesi.ist\/?p=120452"},"modified":"2020-09-18T12:41:12","modified_gmt":"2020-09-18T09:41:12","slug":"turkiyenin-iyi-yasam-markalari-good-life-brand-aciklandi","status":"publish","type":"post","link":"https:\/\/www.enerjigazetesi.ist\/en\/turkiyenin-iyi-yasam-markalari-good-life-brand-aciklandi\/","title":{"rendered":"(Turkish) T\u00fcrkiye&#8217;nin &#8216;\u0130yi Ya\u015fam Markalar\u0131 ( Good Life Brand ) A\u00e7\u0131kland\u0131!"},"content":{"rendered":"<p class=\"qtranxs-available-languages-message qtranxs-available-languages-message-en\">Sorry, this entry is only available in <a href=\"https:\/\/www.enerjigazetesi.ist\/tr\/wp-json\/wp\/v2\/posts\/120452\" class=\"qtranxs-available-language-link qtranxs-available-language-link-tr\" title=\"Turkish\">Turkish<\/a>. For the sake of viewer convenience, the content is shown below in the alternative language. You may click the link to switch the active language.<\/p><p><\/p>\n<h1><strong>K\u00fcresel markalar toplulu\u011fu Sustainable Brands Turkey i\u00e7in Nielsen taraf\u0131ndan bu y\u0131l \u00fc\u00e7\u00fcnc\u00fcs\u00fc ger\u00e7ekle\u015ftirilen ve T\u00fcrk t\u00fcketicisinin ya\u015fam tarz\u0131na, t\u00fcketim al\u0131\u015fkanl\u0131klar\u0131na odaklanan \u2018\u2019T\u00fcrkiye \u0130yi Ya\u015fam Ara\u015ft\u0131rmas\u0131\u2019\u2019 sonu\u00e7lar\u0131 ve ara\u015ft\u0131rma kapsam\u0131nda t\u00fcketiciler taraf\u0131ndan se\u00e7ilen &#8220;Good Life -\u0130yi Ya\u015fam&#8221; markalar\u0131,online ger\u00e7ekle\u015fen Sustainable Brands Turkey konferans\u0131nda a\u00e7\u0131kland\u0131.<\/strong><\/h1>\n<p><em><img loading=\"lazy\" class=\"alignright wp-image-120454\" src=\"https:\/\/www.enerjigazetesi.ist\/wp-content\/uploads\/2020\/09\/turkiyenin-iyi-yasam-markalari-good-life-brand-aciklandi-1.jpg\" alt=\"\" width=\"320\" height=\"290\" srcset=\"https:\/\/www.enerjigazetesi.ist\/wp-content\/uploads\/2020\/09\/turkiyenin-iyi-yasam-markalari-good-life-brand-aciklandi-1.jpg 538w, https:\/\/www.enerjigazetesi.ist\/wp-content\/uploads\/2020\/09\/turkiyenin-iyi-yasam-markalari-good-life-brand-aciklandi-1-300x272.jpg 300w, https:\/\/www.enerjigazetesi.ist\/wp-content\/uploads\/2020\/09\/turkiyenin-iyi-yasam-markalari-good-life-brand-aciklandi-1-441x400.jpg 441w, https:\/\/www.enerjigazetesi.ist\/wp-content\/uploads\/2020\/09\/turkiyenin-iyi-yasam-markalari-good-life-brand-aciklandi-1-55x50.jpg 55w\" sizes=\"(max-width: 320px) 100vw, 320px\" \/>T\u00fcrk t\u00fcketicisinin ya\u015fam tarz\u0131na, t\u00fcketim al\u0131\u015fkanl\u0131klar\u0131 ve sat\u0131n al\u0131m davran\u0131\u015flar\u0131na, iyi ya\u015fam\u0131 yeniden tan\u0131mlayan<\/em> v<em>e \u015fekillendiren<\/em> de\u011ferlerine odaklanan <strong>T\u00fcrkiye \u0130yi Ya\u015fam Ara\u015ft\u0131rmas\u0131<\/strong> sonu\u00e7lar\u0131 a\u00e7\u0131kland\u0131.<\/p>\n<p>Sustainable Brands Turkey i\u00e7in Nielsen T\u00fcrkiye taraf\u0131ndan bu y\u0131l <strong>3&#8217;\u00fcnc\u00fcs\u00fc ger\u00e7ekle\u015ftirilen<\/strong> ara\u015ft\u0131rma sonucunda belirlenen <strong>\u201cGood Life Brand -\u0130yi Ya\u015fam\u201d <\/strong>markalar\u0131, dijital olarak yap\u0131lan SB Turkey 2020 konferans\u0131nda a\u00e7\u0131kland\u0131.<\/p>\n<h2><strong>T\u00fcm sekt\u00f6rlerde \u2018\u0130yi Ya\u015fam\u2019 markalar\u0131 belirlendi<\/strong><\/h2>\n<p>T\u00fcketici a\u00e7\u0131s\u0131ndan ya\u015fam\u0131na de\u011fer katan,<strong> iyi ya\u015famla ba\u011flant\u0131l\u0131<\/strong> olan markalar\u0131 sekt\u00f6r baz\u0131nda \u00f6ne \u00e7\u0131karmay\u0131 ama\u00e7layan ve t\u00fcketicilere <strong>18 ayr\u0131 sekt\u00f6rde<\/strong> iyi ya\u015fam markas\u0131 sorusunun y\u00f6neltildi\u011fi ara\u015ft\u0131rma, bu y\u0131l <em>Beyaz E\u015fya, Bankac\u0131l\u0131k, Perakende, At\u0131\u015ft\u0131rmal\u0131k, S\u00fct ve S\u00fct \u00dcr\u00fcnleri ,Otomotiv, Ev Bak\u0131m \u00dcr\u00fcnleri, Telekom\u00fcnikasyon, Teknoloji, Sa\u00e7 Bak\u0131m \u00dcr\u00fcnleri, Alkols\u00fcz \u0130\u00e7ecek , K\u00fc\u00e7\u00fck Ev Aletleri, Cilt Bak\u0131m \u00dcr\u00fcnleri, E- ticaret, Haz\u0131r Giyim, Havayolu, Sa\u011fl\u0131k ve Sigorta\u2019ya<\/em> kadar uzanan bir\u00e7ok kategoride ger\u00e7ekle\u015ftirildi.<\/p>\n<p>T\u00fcketiciler taraf\u0131ndan se\u00e7ilen ve sekt\u00f6rlerinde 1&#8217;inci olarak<strong> \u00f6d\u00fcl almaya<\/strong> hak kazanan <strong>\u2018\u2019Good Life Brand \u2018<\/strong>\u2019\u0130yi Ya\u015fam Markalar\u0131 \u2018\u2019 ise \u015f\u00f6yle s\u0131raland\u0131.<\/p>\n<p><strong>BEYAZ E\u015eYA KATEGOR\u0130S\u0130: AR\u00c7EL\u0130K<\/strong><\/p>\n<p><strong>BANKA KATEGOR\u0130S\u0130: Z\u0130RAAT BANKASI<\/strong><\/p>\n<p><strong>OTOMOT\u0130V KATEGOR\u0130S\u0130: BMW<\/strong><\/p>\n<p><strong>TELEKOM\u00dcN\u0130KASYON KATEGOR\u0130S\u0130: TURKCELL<\/strong><\/p>\n<p><strong>PERAKENDE KATEGOR\u0130S\u0130: M\u0130GROS<\/strong><\/p>\n<p><strong>E-T\u0130CARET KATEGOR\u0130S\u0130: TRENDYOL<\/strong><\/p>\n<p><strong>SA\u00c7 BAKIM KATEGOR\u0130S\u0130: EL\u0130DOR<\/strong><\/p>\n<p><strong>S\u00dcT VE S\u00dcT \u00dcR\u00dcNLER\u0130 KATEGOR\u0130S\u0130: PINAR<\/strong><\/p>\n<p><strong>HAZIR G\u0130Y\u0130M KATEGOR\u0130S\u0130: LC WAIKIKI<\/strong><\/p>\n<p><strong>TEKNOLOJ\u0130 KATEGOR\u0130S\u0130: SAMSUNG<\/strong><\/p>\n<p><strong>ATI\u015eTIRMALIK KATEGOR\u0130S\u0130: \u00dcLKER<\/strong><\/p>\n<p><strong>ALKOLS\u00dcZ \u0130\u00c7ECEK KATEGOR\u0130S\u0130: \u00c7AYKUR<\/strong><\/p>\n<p><strong>EV BAKIM KATEGOR\u0130S\u0130: OMO<\/strong><\/p>\n<p><strong>S\u0130GORTA KATEGOR\u0130S\u0130: ANADOLU S\u0130GORTA<\/strong><\/p>\n<p><strong>K\u00dc\u00c7\u00dcK EV ALETLER\u0130 KATEGOR\u0130S\u0130: AR\u00c7EL\u0130K<\/strong><\/p>\n<p><strong>HAVAYOLU KATEGOR\u0130S\u0130: THY<\/strong><\/p>\n<p><strong>SA\u011eLIK KATEGOR\u0130S\u0130: ECZACIBA\u015eI<\/strong><\/p>\n<p><strong>C\u0130LT BAKIM KATEGOR\u0130S\u0130: NIVEA<\/strong><\/p>","protected":false},"excerpt":{"rendered":"<p>Sorry, this entry is only available in Turkish. For the sake of viewer convenience, the content is shown below in the alternative language. You may click the link to switch the active language. K\u00fcresel markalar toplulu\u011fu Sustainable Brands Turkey i\u00e7in Nielsen taraf\u0131ndan bu y\u0131l \u00fc\u00e7\u00fcnc\u00fcs\u00fc ger\u00e7ekle\u015ftirilen ve T\u00fcrk t\u00fcketicisinin ya\u015fam tarz\u0131na, t\u00fcketim al\u0131\u015fkanl\u0131klar\u0131na odaklanan \u2018\u2019T\u00fcrkiye [&hellip;]<\/p>\n","protected":false},"author":1,"featured_media":120454,"comment_status":"open","ping_status":"open","sticky":false,"template":"","format":"standard","meta":[],"categories":[51,53],"tags":[79413,52259,79412,79163,79408,79410,57125,79409,79414,79411],"views":146,"_links":{"self":[{"href":"https:\/\/www.enerjigazetesi.ist\/en\/wp-json\/wp\/v2\/posts\/120452"}],"collection":[{"href":"https:\/\/www.enerjigazetesi.ist\/en\/wp-json\/wp\/v2\/posts"}],"about":[{"href":"https:\/\/www.enerjigazetesi.ist\/en\/wp-json\/wp\/v2\/types\/post"}],"author":[{"embeddable":true,"href":"https:\/\/www.enerjigazetesi.ist\/en\/wp-json\/wp\/v2\/users\/1"}],"replies":[{"embeddable":true,"href":"https:\/\/www.enerjigazetesi.ist\/en\/wp-json\/wp\/v2\/comments?post=120452"}],"version-history":[{"count":0,"href":"https:\/\/www.enerjigazetesi.ist\/en\/wp-json\/wp\/v2\/posts\/120452\/revisions"}],"wp:featuredmedia":[{"embeddable":true,"href":"https:\/\/www.enerjigazetesi.ist\/en\/wp-json\/wp\/v2\/media\/120454"}],"wp:attachment":[{"href":"https:\/\/www.enerjigazetesi.ist\/en\/wp-json\/wp\/v2\/media?parent=120452"}],"wp:term":[{"taxonomy":"category","embeddable":true,"href":"https:\/\/www.enerjigazetesi.ist\/en\/wp-json\/wp\/v2\/categories?post=120452"},{"taxonomy":"post_tag","embeddable":true,"href":"https:\/\/www.enerjigazetesi.ist\/en\/wp-json\/wp\/v2\/tags?post=120452"}],"curies":[{"name":"wp","href":"https:\/\/api.w.org\/{rel}","templated":true}]}}