{"id":120419,"date":"2020-09-18T09:15:42","date_gmt":"2020-09-18T06:15:42","guid":{"rendered":"https:\/\/www.enerjigazetesi.ist\/?p=120419"},"modified":"2020-09-18T09:16:46","modified_gmt":"2020-09-18T06:16:46","slug":"can-termik-santrali-ne-kirectasi-ogutme-tesisi-yapilmasi-icin-sozlesme","status":"publish","type":"post","link":"https:\/\/www.enerjigazetesi.ist\/en\/can-termik-santrali-ne-kirectasi-ogutme-tesisi-yapilmasi-icin-sozlesme\/","title":{"rendered":"(Turkish) \u00c7an Termik Santrali&#8217;ne \u00d6\u011f\u00fctme Tesisi Yap\u0131lmas\u0131 \u0130\u00e7in S\u00f6zle\u015fme \u0130mzaland\u0131"},"content":{"rendered":"<p class=\"qtranxs-available-languages-message qtranxs-available-languages-message-en\">Sorry, this entry is only available in <a href=\"https:\/\/www.enerjigazetesi.ist\/tr\/wp-json\/wp\/v2\/posts\/120419\" class=\"qtranxs-available-language-link qtranxs-available-language-link-tr\" title=\"Turkish\">Turkish<\/a>. For the sake of viewer convenience, the content is shown below in the alternative language. You may click the link to switch the active language.<\/p><p><\/p>\n<h1>Elektrik \u00dcretim A.\u015e. (E\u00dcA\u015e) Genel M\u00fcd\u00fcrl\u00fc\u011f\u00fc, \u00e7evreci anlay\u0131\u015f\u0131 ile \u00e7evreyi koruma ama\u00e7l\u0131 yeni bir projenin hayata ge\u00e7irilmesine d\u00f6n\u00fck \u00f6nemli bir tesisin yap\u0131m i\u015finin ihalesini nihayetlendirerek, 18 Mart \u00c7an Termik Santraline kire\u00e7ta\u015f\u0131 \u00f6\u011f\u00fctme tesisi kurulmas\u0131 i\u00e7in s\u00f6zle\u015fmesini imzalad\u0131.<\/h1>\n<p><strong><img loading=\"lazy\" class=\"alignright wp-image-120421\" src=\"https:\/\/www.enerjigazetesi.ist\/wp-content\/uploads\/2020\/09\/can-termik-santraline-kirectasi-ogutme-tesisi-kurulmasi-icin-sozlesme-imzalandi.jpg\" alt=\"\" width=\"320\" height=\"173\" srcset=\"https:\/\/www.enerjigazetesi.ist\/wp-content\/uploads\/2020\/09\/can-termik-santraline-kirectasi-ogutme-tesisi-kurulmasi-icin-sozlesme-imzalandi.jpg 810w, https:\/\/www.enerjigazetesi.ist\/wp-content\/uploads\/2020\/09\/can-termik-santraline-kirectasi-ogutme-tesisi-kurulmasi-icin-sozlesme-imzalandi-300x162.jpg 300w, https:\/\/www.enerjigazetesi.ist\/wp-content\/uploads\/2020\/09\/can-termik-santraline-kirectasi-ogutme-tesisi-kurulmasi-icin-sozlesme-imzalandi-768x414.jpg 768w, https:\/\/www.enerjigazetesi.ist\/wp-content\/uploads\/2020\/09\/can-termik-santraline-kirectasi-ogutme-tesisi-kurulmasi-icin-sozlesme-imzalandi-500x270.jpg 500w, https:\/\/www.enerjigazetesi.ist\/wp-content\/uploads\/2020\/09\/can-termik-santraline-kirectasi-ogutme-tesisi-kurulmasi-icin-sozlesme-imzalandi-80x43.jpg 80w\" sizes=\"(max-width: 320px) 100vw, 320px\" \/>18 Mart \u00c7an Termik Santrali<\/strong>&#8216;nin <strong>2&#215;160 MWe<\/strong> g\u00fcc\u00fcndeki\u00a0\u00e7evreci bir proje\u00a0olan<strong>\u00a01&#8217;inci<\/strong> ve <strong>2&#8217;inci<\/strong> \u00dcniteleri \u0130\u00e7in <strong>Kire\u00e7ta\u015f\u0131 ile Ya\u015f Y\u0131kama Prosesi<\/strong> \u0130le \u00c7al\u0131\u015fan <strong>Baca Gaz\u0131 Des\u00fclf\u00fcrizasyon (BGD) Tesisinin Kurulmas\u0131<\/strong> ve \u0130lgili<strong> Santral K\u0131s\u0131mlar\u0131nda<\/strong> Gerekli Her T\u00fcrl\u00fc Modifikasyonlar\u0131n Yap\u0131lmas\u0131 \u0130\u015finin yap\u0131m i\u015fini yapmaya hak kazanan <strong>UET &#8211; Uran End. Tes. \u0130n\u015f. Ve Tic. A.\u015e.<\/strong> ile s\u00f6zle\u015fme imzalad\u0131.<\/p>\n<p><strong>E\u00dcA\u015e<\/strong>\u2019tan yap\u0131lan a\u00e7\u0131klamada, \u201c<strong>18 Mart \u00c7an Termik Santrali&#8217;<\/strong>nin <strong>2&#215;160 MWe<\/strong> g\u00fcc\u00fcndeki\u00a0\u00e7evreci bir proje\u00a0olan\u00a0<strong>1&#8217;inci<\/strong> ve <strong>2&#8217;inci \u00dcniteleri<\/strong> \u0130\u00e7in <strong>Kire\u00e7ta\u015f\u0131yla Ya\u015f Y\u0131kama Prosesi<\/strong> \u0130le \u00c7al\u0131\u015fan <strong>Baca Gaz\u0131 Des\u00fclf\u00fcrizasyon (BGD) Tesisi<\/strong>nin Kurulmas\u0131 ve <strong>\u0130lgili Santral K\u0131s\u0131mlar\u0131<\/strong>nda Gerekli <strong>Her T\u00fcrl\u00fc Modifikasyonlar\u0131n Yap\u0131lmas\u0131<\/strong> \u0130\u015finin kire\u00e7ta\u015f\u0131 kullanarak <strong>ya\u015f y\u0131kama prosesi<\/strong>nde ve mevcutta bulunan <strong>Ak\u0131\u015fkan Yatakl\u0131 Kazan \u00dcniteleri<\/strong>ne beslenecek kire\u00e7ta\u015f\u0131n\u0131n <span style=\"text-decoration: underline;\">sa\u011flanmas\u0131 i\u00e7in;<\/span>\u00a0 <strong>Kazan \u00dcniteleri<\/strong> ve 2 adet <strong>BGD Tesisi i\u00e7in Kire\u00e7ta\u015f\u0131 \u00d6\u011f\u00fctme Tesisi<\/strong> yap\u0131lmas\u0131, santral ile gerekli ba\u011flant\u0131lar\u0131n ve ba\u011flant\u0131lara y\u00f6nelik <strong>Santral \u00dcniteleri<\/strong>nin gerekli yerlerinde modifikasyonlar\u0131n yap\u0131lmas\u0131 projesi ile \u00e7evrenin korunmas\u0131na y\u00f6nelik\u00a0<strong>baca gaz\u0131 y\u0131kay\u0131c\u0131 kule<\/strong> i\u00e7erisinde<strong> kire\u00e7ta\u015f\u0131 \u00e7\u00f6zeltisi<\/strong> ile ters y\u00f6nl\u00fc ya da <strong>e\u015f y\u00f6nl\u00fc temas<\/strong> ettirilerek <strong>k\u00fck\u00fcrt dioksitten ar\u0131nd\u0131r\u0131lmas\u0131<\/strong> ve\u00a0baca\u00a0gaz\u0131ndaki\u00a0<strong>SO2<\/strong>\u00a0i\u00e7eri\u011fi<strong>\u00a0%98,5\u00a0<\/strong>verimle azalt\u0131larak\u00a0<strong>200 mg\/Nm3<\/strong>\u00a0alt\u0131na\u00a0d\u00fc\u015f\u00fcr\u00fclmesi hedeflenmektedir.\u201ddenildi.<\/p>","protected":false},"excerpt":{"rendered":"<p>Sorry, this entry is only available in Turkish. For the sake of viewer convenience, the content is shown below in the alternative language. You may click the link to switch the active language. Elektrik \u00dcretim A.\u015e. (E\u00dcA\u015e) Genel M\u00fcd\u00fcrl\u00fc\u011f\u00fc, \u00e7evreci anlay\u0131\u015f\u0131 ile \u00e7evreyi koruma ama\u00e7l\u0131 yeni bir projenin hayata ge\u00e7irilmesine d\u00f6n\u00fck \u00f6nemli bir tesisin yap\u0131m [&hellip;]<\/p>\n","protected":false},"author":1,"featured_media":120421,"comment_status":"open","ping_status":"open","sticky":false,"template":"","format":"standard","meta":[],"categories":[51,53],"tags":[79384,53114,79383,52259,42300,79385,79386],"views":244,"_links":{"self":[{"href":"https:\/\/www.enerjigazetesi.ist\/en\/wp-json\/wp\/v2\/posts\/120419"}],"collection":[{"href":"https:\/\/www.enerjigazetesi.ist\/en\/wp-json\/wp\/v2\/posts"}],"about":[{"href":"https:\/\/www.enerjigazetesi.ist\/en\/wp-json\/wp\/v2\/types\/post"}],"author":[{"embeddable":true,"href":"https:\/\/www.enerjigazetesi.ist\/en\/wp-json\/wp\/v2\/users\/1"}],"replies":[{"embeddable":true,"href":"https:\/\/www.enerjigazetesi.ist\/en\/wp-json\/wp\/v2\/comments?post=120419"}],"version-history":[{"count":0,"href":"https:\/\/www.enerjigazetesi.ist\/en\/wp-json\/wp\/v2\/posts\/120419\/revisions"}],"wp:featuredmedia":[{"embeddable":true,"href":"https:\/\/www.enerjigazetesi.ist\/en\/wp-json\/wp\/v2\/media\/120421"}],"wp:attachment":[{"href":"https:\/\/www.enerjigazetesi.ist\/en\/wp-json\/wp\/v2\/media?parent=120419"}],"wp:term":[{"taxonomy":"category","embeddable":true,"href":"https:\/\/www.enerjigazetesi.ist\/en\/wp-json\/wp\/v2\/categories?post=120419"},{"taxonomy":"post_tag","embeddable":true,"href":"https:\/\/www.enerjigazetesi.ist\/en\/wp-json\/wp\/v2\/tags?post=120419"}],"curies":[{"name":"wp","href":"https:\/\/api.w.org\/{rel}","templated":true}]}}