{"id":120342,"date":"2020-09-17T11:12:09","date_gmt":"2020-09-17T08:12:09","guid":{"rendered":"https:\/\/www.enerjigazetesi.ist\/?p=120342"},"modified":"2020-09-17T11:17:41","modified_gmt":"2020-09-17T08:17:41","slug":"dijital-karbon-ayak-izimizi-hep-birlikte-dusurelim","status":"publish","type":"post","link":"https:\/\/www.enerjigazetesi.ist\/en\/dijital-karbon-ayak-izimizi-hep-birlikte-dusurelim\/","title":{"rendered":"(Turkish) Dijital Karbon Ayak \u0130zimizi Hep Birlikte D\u00fc\u015f\u00fcrelim!"},"content":{"rendered":"<p class=\"qtranxs-available-languages-message qtranxs-available-languages-message-en\">Sorry, this entry is only available in <a href=\"https:\/\/www.enerjigazetesi.ist\/tr\/wp-json\/wp\/v2\/posts\/120342\" class=\"qtranxs-available-language-link qtranxs-available-language-link-tr\" title=\"Turkish\">Turkish<\/a>. For the sake of viewer convenience, the content is shown below in the alternative language. You may click the link to switch the active language.<\/p><p><\/p>\n<h1><strong>S<\/strong><strong>\u00fcrd\u00fcr\u00fclebilir <\/strong><strong>\u00dc<\/strong><strong>retim ve T\u00fcketim Derne\u011fi <\/strong><strong>19 Eyl\u00fcl D\u00fcnya Temizlik G\u00fcn\u00fc&#8217;nde dijital ya\u015fam\u0131 temizleme \u00e7a\u011fr\u0131s\u0131 yaparak, dijital karbon ayak izini d\u00fc\u015f\u00fcrerek, enerji t\u00fcketiminin kesemize ve iklim de\u011fi\u015fimine <\/strong><strong>maliyetini azaltmaya dikkat \u00e7ekti.<\/strong><\/h1>\n<p><strong>19 Eyl\u00fcl D\u00fcnya Temizlik G\u00fcn\u00fc<\/strong>, daha temiz ve sa\u011fl\u0131kl\u0131 bir gezegen i\u00e7in at\u0131k toplanmas\u0131n\u0131n, yayg\u0131n <img loading=\"lazy\" class=\"alignright wp-image-120345\" src=\"https:\/\/www.enerjigazetesi.ist\/wp-content\/uploads\/2020\/09\/dijital-karbon-ayak-izimizi-hep-birlikte-dusurelim.jpg\" alt=\"\" width=\"300\" height=\"427\" srcset=\"https:\/\/www.enerjigazetesi.ist\/wp-content\/uploads\/2020\/09\/dijital-karbon-ayak-izimizi-hep-birlikte-dusurelim.jpg 500w, https:\/\/www.enerjigazetesi.ist\/wp-content\/uploads\/2020\/09\/dijital-karbon-ayak-izimizi-hep-birlikte-dusurelim-211x300.jpg 211w, https:\/\/www.enerjigazetesi.ist\/wp-content\/uploads\/2020\/09\/dijital-karbon-ayak-izimizi-hep-birlikte-dusurelim-281x400.jpg 281w, https:\/\/www.enerjigazetesi.ist\/wp-content\/uploads\/2020\/09\/dijital-karbon-ayak-izimizi-hep-birlikte-dusurelim-35x50.jpg 35w\" sizes=\"(max-width: 300px) 100vw, 300px\" \/>bilin\u00e7 yarat\u0131lmas\u0131n\u0131n hedeflendi\u011fi<strong> 180 \u00fclkeyi<\/strong> birle\u015ftiren <strong>k\u00fcresel sivil hareketlerin<\/strong> en b\u00fcy\u00fcklerinden biridir. Bu y\u0131l, pandemide riskleri en aza indirerek temizlik i\u00e7in <strong>&#8220;Haydi Yapal\u0131m, Dijital At\u0131klar\u0131 Temizleyelim ve Do\u011fay\u0131 Koruyal\u0131m&#8221;<\/strong> diyen <strong>Let&#8217;s Do It D\u00fcnya Vakf\u0131<\/strong>&#8216;n\u0131n <strong>sivil eylemi<\/strong> ba\u015flatt\u0131\u011f\u0131n\u0131 belirten \u0130stanbul Teknik \u00dcniversitesi \u00d6\u011fretim \u00dcyesi ve <em>S\u00fcrd\u00fcr\u00fclebilir \u00dcretim ve T\u00fcketim Derne\u011fi (S\u00dcT-D)<\/em> Ba\u015fkan\u0131 <strong>Prof. Dr. Filiz Karaosmano\u011flu<\/strong> &#8220;S\u00dcT-D olarak <strong>Let&#8217;s Do It<\/strong> T\u00fcrkiye&#8217;nin <strong>dijital temizlik hareketi<\/strong>ne kat\u0131laca\u011f\u0131z ve <strong>ye\u015fil g\u00fcc\u00fcm\u00fcz\u00fc<\/strong> \u00fclkemizin <strong>dijital karbon ayak izini d\u00fc\u015f\u00fcrmek<\/strong> i\u00e7in ortaya koyaca\u011f\u0131z dedi.<\/p>\n<h2><strong>G\u00f6rd\u00fc\u011f\u00fcm\u00fcz ve g\u00f6rmedi\u011fimiz at\u0131klar\u0131m\u0131z m\u00fchim<\/strong><\/h2>\n<p>Prof. Dr. Filiz Karaosmano\u011flu &#8220;Evimizde, okulumuzda, i\u015fimizde, yolda, tarlada, ormanda, da\u011fda, denizde, g\u00f6lde, nehirde, ya\u015farken, u\u011fra\u015f verirken, gezip e\u011flenirken hep at\u0131\u011f\u0131m\u0131z \u00e7\u0131kar. K\u00e2\u011f\u0131t, plastik, ah\u015fap, cam, metal, at\u0131k bitkisel ya\u011f, \u00f6mr\u00fcn\u00fc tamamlam\u0131\u015f madeni ya\u011f, lastik, ak\u00fc ve elektrikli-elektronik e\u015fya (e-at\u0131k) gibi. Geri d\u00f6n\u00fc\u015ft\u00fcr\u00fclebilir at\u0131klar\u0131m\u0131z\u0131 g\u00f6r\u00fcr\u00fcz. Hepsinin ulusal servet olarak at\u0131k sekt\u00f6r\u00fcm\u00fczde i\u015flenip katma de\u011fer kazanmas\u0131 i\u00e7in duyarl\u0131 yurtta\u015f katk\u0131m\u0131z m\u00fchim. Bir de g\u00f6rmedi\u011fimiz dijital at\u0131klar\u0131m\u0131z var. Teknoloji kullan\u0131rken bilgisayar\u0131m\u0131z, diz\u00fcst\u00fc bilgisayar\u0131m\u0131z, ak\u0131ll\u0131 telefonumuz var. Bu harika say\u0131sal d\u00fcnyam\u0131zda, dijital evimizde bize \u00f6zel dosya, foto\u011fraf, oyun, videolar, yedekleri, e-posta kutumuz, kulland\u0131\u011f\u0131m\u0131z ve kullanmad\u0131\u011f\u0131m\u0131z dosyalar ve uygulamalar var. Dijital e\u011fitim var. Bize hizmet sunan kablolu-kablosuz eri\u015fim a\u011flar\u0131, dijital veri merkezleri-sunucular, dijital telefon santralleri, e-al\u0131\u015fveri\u015f siteleri, e-bankac\u0131l\u0131k da var. Her yerde, \u00e7evrimi\u00e7i ya\u015famda dijital at\u0131\u011fa neden oluyoruz&#8221; dedi.<\/p>\n<h2><strong>Dijital Evimizde Karbon Ayak \u0130zimizi D\u00fc\u015f\u00fcrerek Do\u011fam\u0131z\u0131, \u0130klimimizi Koruyal\u0131m<\/strong><\/h2>\n<p>Dijital evimizde, <strong>internet<\/strong> kullan\u0131rken ve <strong>cihazlar\u0131m\u0131zda elektrik<\/strong> t\u00fcketiyoruz. Bu t\u00fcketimle k\u00fcresel s\u0131cakl\u0131k art\u0131\u015f\u0131na, <strong>iklim de\u011fi\u015fimine<\/strong> neden olan <strong>sera gazlar\u0131<\/strong> sal\u0131n\u0131yor. Bir internet aramas\u0131 yapt\u0131\u011f\u0131m\u0131zda, <strong>e-posta yollad\u0131\u011f\u0131m\u0131zda<\/strong> bizler k\u00fc\u00e7\u00fck bir elektrik t\u00fcketimiyle <strong>karbon ayak izi<\/strong> yap\u0131yoruz. Ancak<strong> veri merkezleri<\/strong>, ak\u0131ll\u0131 sunucular <strong>enerji yo\u011fun<\/strong> hizmet sunarak y\u00fcksek elektrik t\u00fcketimi ile<strong> y\u00fcksek karbon ayak izi<\/strong> yap\u0131yorlar diyen <strong>Prof. Karaosmano\u011flu<\/strong>, &#8220;<strong>4,1 milyar<\/strong> insan, d\u00fcnya n\u00fcfusunun %53,6&#8217;s\u0131 internet kullan\u0131yor.Lancaster \u00dcniversitesi \u00d6\u011fretim \u00dcyesi <strong>Dr. Mike Hazas<\/strong>&#8216;\u0131n de\u011ferlendirmesine g\u00f6re, <strong>k\u00fcresel sera gaz\u0131 sal\u0131mlar\u0131<\/strong>n\u0131n<strong> %3,7<\/strong>&#8216;sinden <strong>dijital ya\u015fam sorumlu<\/strong>. Bu miktar\u0131n <strong>havayolu ta\u015f\u0131mac\u0131\u011f\u0131 k\u00fcresel sera gaz\u0131 sal\u0131mlar\u0131<\/strong>na e\u015fit oldu\u011funu belirten Dr. Hazas, sera gaz\u0131 sal\u0131mlar\u0131n 2025 y\u0131l\u0131nda iki misli artaca\u011f\u0131n\u0131 \u00f6n g\u00f6r\u00fcyor. Sonu\u00e7, \u00e7evrimi\u00e7i gezinmenin, \u00e7al\u0131\u015fman\u0131n, enerji t\u00fcketiminin kesemize ak\u00e7eli, <strong>y\u00fcksek karbon ayak iziyle<\/strong> gezegenimize <strong>iklim de\u011fi\u015fimi bedeli<\/strong> y\u00fcksek demek. Dijital evimizi mutlaka temizlemek gerekli demek&#8221; bilgisini verdi.<\/p>\n<h2><strong>Dijital Temizlik Hareketine Kat\u0131lal\u0131m<\/strong><\/h2>\n<p>Prof. Karaosmano\u011flu <strong>dijital at\u0131klar\u0131m\u0131z\u0131 silerek<\/strong> temizleme,<strong> e-posta kutular\u0131m\u0131z\u0131<\/strong> ve <strong>dosyalar\u0131m\u0131z\u0131<\/strong> d\u00fczenleme gere\u011fi vurgusu yaparak, <strong>depolama alan\u0131, h\u0131z, zaman<\/strong> ve <strong>d\u00fczen<\/strong> kazanarak<strong> dijital evimizde, \u00e7evrimi\u00e7i ba\u015far\u0131l\u0131 olmak<\/strong> i\u00e7in <strong>Dijital Temizlik Hareketine Kat\u0131l\u0131m \u00e7a\u011fr\u0131s\u0131<\/strong> yapt\u0131.<\/p>","protected":false},"excerpt":{"rendered":"<p>Sorry, this entry is only available in Turkish. For the sake of viewer convenience, the content is shown below in the alternative language. You may click the link to switch the active language. S\u00fcrd\u00fcr\u00fclebilir \u00dcretim ve T\u00fcketim Derne\u011fi 19 Eyl\u00fcl D\u00fcnya Temizlik G\u00fcn\u00fc&#8217;nde dijital ya\u015fam\u0131 temizleme \u00e7a\u011fr\u0131s\u0131 yaparak, dijital karbon ayak izini d\u00fc\u015f\u00fcrerek, enerji t\u00fcketiminin [&hellip;]<\/p>\n","protected":false},"author":1,"featured_media":120344,"comment_status":"open","ping_status":"open","sticky":false,"template":"","format":"standard","meta":[],"categories":[51,53,52],"tags":[79320,79322,39341,52259,79319,4531,10842,56772,18344,68741,57125,37032,79321],"views":173,"_links":{"self":[{"href":"https:\/\/www.enerjigazetesi.ist\/en\/wp-json\/wp\/v2\/posts\/120342"}],"collection":[{"href":"https:\/\/www.enerjigazetesi.ist\/en\/wp-json\/wp\/v2\/posts"}],"about":[{"href":"https:\/\/www.enerjigazetesi.ist\/en\/wp-json\/wp\/v2\/types\/post"}],"author":[{"embeddable":true,"href":"https:\/\/www.enerjigazetesi.ist\/en\/wp-json\/wp\/v2\/users\/1"}],"replies":[{"embeddable":true,"href":"https:\/\/www.enerjigazetesi.ist\/en\/wp-json\/wp\/v2\/comments?post=120342"}],"version-history":[{"count":3,"href":"https:\/\/www.enerjigazetesi.ist\/en\/wp-json\/wp\/v2\/posts\/120342\/revisions"}],"predecessor-version":[{"id":120347,"href":"https:\/\/www.enerjigazetesi.ist\/en\/wp-json\/wp\/v2\/posts\/120342\/revisions\/120347"}],"wp:featuredmedia":[{"embeddable":true,"href":"https:\/\/www.enerjigazetesi.ist\/en\/wp-json\/wp\/v2\/media\/120344"}],"wp:attachment":[{"href":"https:\/\/www.enerjigazetesi.ist\/en\/wp-json\/wp\/v2\/media?parent=120342"}],"wp:term":[{"taxonomy":"category","embeddable":true,"href":"https:\/\/www.enerjigazetesi.ist\/en\/wp-json\/wp\/v2\/categories?post=120342"},{"taxonomy":"post_tag","embeddable":true,"href":"https:\/\/www.enerjigazetesi.ist\/en\/wp-json\/wp\/v2\/tags?post=120342"}],"curies":[{"name":"wp","href":"https:\/\/api.w.org\/{rel}","templated":true}]}}