{"id":120285,"date":"2020-09-15T13:24:37","date_gmt":"2020-09-15T10:24:37","guid":{"rendered":"https:\/\/www.enerjigazetesi.ist\/?p=120285"},"modified":"2020-12-12T03:18:05","modified_gmt":"2020-12-12T00:18:05","slug":"akustik-rapor-ile-kapsamli-gurultu-analizi-gerceklestirmek-mumkun","status":"publish","type":"post","link":"https:\/\/www.enerjigazetesi.ist\/en\/akustik-rapor-ile-kapsamli-gurultu-analizi-gerceklestirmek-mumkun\/","title":{"rendered":"(Turkish) Akustik Rapor ile Kapsaml\u0131 G\u00fcr\u00fclt\u00fc Analizi Ger\u00e7ekle\u015ftirmek M\u00fcmk\u00fcn"},"content":{"rendered":"<p class=\"qtranxs-available-languages-message qtranxs-available-languages-message-en\">Sorry, this entry is only available in <a href=\"https:\/\/www.enerjigazetesi.ist\/tr\/wp-json\/wp\/v2\/posts\/120285\" class=\"qtranxs-available-language-link qtranxs-available-language-link-tr\" title=\"Turkish\">Turkish<\/a>. For the sake of viewer convenience, the content is shown below in the alternative language. You may click the link to switch the active language.<\/p><p><\/p>\n<h1><b>Akustik Rapor ile Kapsaml\u0131 G\u00fcr\u00fclt\u00fc Analizi <\/b><\/h1>\n<p><span style=\"font-weight: 400;\"><strong>31 May\u0131s 2018\u2019de<\/strong> y\u00fcr\u00fcrl\u00fc\u011fe giren \u201c<strong>Binalar\u0131n G\u00fcr\u00fclt\u00fcye Kar\u015f\u0131 Korunmas\u0131 Hakk\u0131nda Y\u00f6netmelik<\/strong>\u201d ile birlikte s\u0131k\u00e7a duymaya ba\u015flad\u0131\u011f\u0131m\u0131z kavramlardan biri haline gelen <\/span><strong>mimari akustik rapor<\/strong><span style=\"font-weight: 400;\">; bir bina ya da mekan\u0131n <strong>yap\u0131 elemanlar\u0131n\u0131n bile\u015fenleri<\/strong> ve ili\u015fkisi,<strong> ses iletim yollar\u0131, yap\u0131n\u0131n ya\u015f\u0131, b\u00fcy\u00fckl\u00fc\u011f\u00fc<\/strong> ve<strong> \u00e7evresel g\u00fcr\u00fclt\u00fc kaynaklar\u0131<\/strong> ile ili\u015fkisi vb. detaylar\u0131 dikkate alarak <\/span><b>yap\u0131n\u0131n akustik performans\u0131n\u0131 belirleyen<\/b><span style=\"font-weight: 400;\"> ve bu performans\u0131n <strong>yasal mevzuatlar<\/strong>da ilan edilen <strong>hedef de\u011feri<\/strong> ne \u00f6l\u00e7\u00fcde kar\u015f\u0131lad\u0131\u011f\u0131n\u0131 tespit ederek <\/span><b>potansiyel akustik iyile\u015ftirmeleri listeleyen<\/b><span style=\"font-weight: 400;\"> bir raporlama s\u00fcrecidir.<\/span><\/p>\n<h2><b>Akustik Raporu Kimler D\u00fczenleyebilir?<\/b><\/h2>\n<p><span style=\"font-weight: 400;\">Mimari akustik, <\/span><b>bir\u00e7ok detaya ba\u011fl\u0131 bir \u00e7al\u0131\u015fma alan\u0131<\/b><span style=\"font-weight: 400;\"> olmas\u0131 dolay\u0131s\u0131yla <strong>uzmanl\u0131k, tecr\u00fcbe<\/strong> ve <strong>\u00fcst d\u00fczey teorik bilgi<\/strong> gerektiren bir \u00e7al\u0131\u015fma alan\u0131d\u0131r. \u00c7al\u0131\u015fma alan\u0131n\u0131n komplike yap\u0131s\u0131 dikkate al\u0131nd\u0131\u011f\u0131nda, <\/span><b>herhangi bir mimar ya da m\u00fchendisin<\/b><span style=\"font-weight: 400;\"><em> akustik rapor d\u00fczenleme yetkisi<\/em>ne sahip olamayaca\u011f\u0131n\u0131 net bir \u015fekilde g\u00f6r\u00fcr\u00fcz.<\/span><\/p>\n<p><span style=\"font-weight: 400;\">Bir <strong>mimar<\/strong> ya da <strong>m\u00fchendisin<\/strong> (<em>in\u015faat, makine, elektrik, elektrik ve elektronik, fizik, optik\/akustik<\/em>) akustik rapor d\u00fczenleyebilmesi i\u00e7in \u201c<\/span><b>akustik uzman\u0131 sertifikas\u0131<\/b><span style=\"font-weight: 400;\">\u201dna sahip olmas\u0131 gerekir ve bu sertifika da, <strong>\u00c7evre ve \u015eehircilik Bakanl\u0131\u011f\u0131<\/strong>n\u0131n yetkilendirdi\u011fi e\u011fitim kurumlar\u0131nda <\/span><b>teorik e\u011fitim s\u00fcrecini ba\u015far\u0131yla tamamlayan kursiyerlerin<\/b><span style=\"font-weight: 400;\"> sahip olabilece\u011fi bir belgedir.<\/span><\/p>\n<p style=\"text-align: center;\"><img loading=\"lazy\" class=\"aligncenter wp-image-120288\" src=\"https:\/\/www.enerjigazetesi.ist\/wp-content\/uploads\/2020\/09\/uzman-akustik-mimari-akustik-rapor.jpg\" alt=\"\" width=\"600\" height=\"337\" srcset=\"https:\/\/www.enerjigazetesi.ist\/wp-content\/uploads\/2020\/09\/uzman-akustik-mimari-akustik-rapor.jpg 868w, https:\/\/www.enerjigazetesi.ist\/wp-content\/uploads\/2020\/09\/uzman-akustik-mimari-akustik-rapor-300x169.jpg 300w, https:\/\/www.enerjigazetesi.ist\/wp-content\/uploads\/2020\/09\/uzman-akustik-mimari-akustik-rapor-768x432.jpg 768w, https:\/\/www.enerjigazetesi.ist\/wp-content\/uploads\/2020\/09\/uzman-akustik-mimari-akustik-rapor-500x281.jpg 500w, https:\/\/www.enerjigazetesi.ist\/wp-content\/uploads\/2020\/09\/uzman-akustik-mimari-akustik-rapor-80x45.jpg 80w\" sizes=\"(max-width: 600px) 100vw, 600px\" \/><\/p>\n<p><span style=\"font-weight: 400;\">\u201c<\/span><b>Yap\u0131lara dair kapsaml\u0131 akustik \u00e7\u00f6z\u00fcmler<\/b><span style=\"font-weight: 400;\">\u201d slogan\u0131yla in\u015faat sekt\u00f6r\u00fcndeki tecr\u00fcbesini <strong>mimari akustik alan\u0131na da<\/strong> aktaran ve <strong>nitelikli akustik uzmanlar\u0131<\/strong>n\u0131n temelini olu\u015fturdu\u011fu <strong>geni\u015f hizmet a\u011f\u0131<\/strong> ile fark yaratan <\/span><b>Uzman Akustik<\/b><span style=\"font-weight: 400;\">, T\u00fcrkiye\u2019nin <\/span><b>\u00f6nc\u00fc ve y\u00f6n verici<\/b><span style=\"font-weight: 400;\"><em> akustik rapor<\/em> ve <em>proje dan\u0131\u015fmanlar\u0131ndan<\/em> biridir.\u00a0<\/span><\/p>\n<h2><b>Akustik Proje ve Rapor Aras\u0131nda Nas\u0131l Bir Fark Vard\u0131r?<\/b><\/h2>\n<p><span style=\"font-weight: 400;\"><strong>Akustik rapor<\/strong>, yap\u0131n\u0131n <strong>akustik performans\u0131<\/strong>n\u0131 ve bu performanstaki <strong>potansiyel akustik iyile\u015ftirmeleri analiz<\/strong> ve tespit ederken; <strong>akustik proje<\/strong>, yap\u0131lan bu analizleri de kapsayan aksiyon plan\u0131n\u0131n olu\u015fturulmas\u0131 ve uygulanmas\u0131n\u0131 ifade eder. Dolay\u0131s\u0131yla kapsam itibariyle bakt\u0131\u011f\u0131m\u0131zda, <\/span><b>akustik projenin rapora k\u0131yasla \u00e7ok daha geni\u015f bir kapsama sahip oldu\u011funu<\/b><span style=\"font-weight: 400;\"> ve raporu da i\u00e7erisine alan bir s\u00fcre\u00e7te ilerledi\u011fini s\u00f6yleyebiliriz.\u00a0<\/span><\/p>\n<h2><b>Hangi Binalar Akustik Rapora Sahip Olmak Zorunda?<\/b><\/h2>\n<p><span style=\"font-weight: 400;\"><strong>Akustik raporun<\/strong> yasal y\u00f6n\u00fc <strong>\u201cBinalar\u0131n G\u00fcr\u00fclt\u00fcye Kar\u015f\u0131 Korunmas\u0131 Hakk\u0131nda Y\u00f6netmelik\u201d<\/strong>tir ve ilgili y\u00f6netmeli\u011fin 5&#8217;inci maddesinde <span style=\"text-decoration: underline;\">yer alan;<\/span><\/span><\/p>\n<p><span style=\"font-weight: 400;\">\u201cRuhsata tabi yap\u0131lardan alt\u0131nc\u0131 f\u0131kra haricindekiler i\u00e7in (a-Bir bodrum kat\u0131 ve \u00e7at\u0131 aras\u0131 hari\u00e7 yediden fazla katl\u0131 konutlar, toplam in\u015faat alan\u0131 <strong>2.000 metrekareyi<\/strong> ge\u00e7en ikiden fazla katl\u0131 <strong>konut d\u0131\u015f\u0131 binalar<\/strong>, EK-2 Tablo 2.1\u2019de verilen <strong>bina i\u015flevlerinden birden fazlas\u0131n\u0131<\/strong> i\u00e7eren binalar, konser ve dinleme salonlar\u0131 gibi <strong>\u00f6zel akustik tasar\u0131m<\/strong> gerektiren kullan\u0131mlar\u0131 i\u00e7eren binalar ve <strong>b- A <\/strong>ve(ya)<strong> B akustik performans s\u0131n\u0131f\u0131<\/strong>n\u0131 hedefleyen binalar.)\u201d<\/span><\/p>\n<p><span style=\"font-weight: 400;\">ifadenin <\/span><b>d\u0131\u015far\u0131s\u0131nda kalan yap\u0131lar\u0131n<\/b><span style=\"font-weight: 400;\"><em> akustik rapor sahibi<\/em> olmas\u0131 gerekir.\u00a0<\/span><\/p>\n<p><span style=\"font-weight: 400;\"><strong>\u0130lgili y\u00f6netmelikle<\/strong> birlikte <strong>31 May\u0131s 2019\u2019dan itibaren<\/strong> ilk kez <strong>yap\u0131 ruhsat\u0131 alacak<\/strong> yap\u0131larda zorunluluk haline gelen akustik raporun d\u00fczenlenmesini <span style=\"text-decoration: underline;\">gerektiren di\u011fer durumlar;\u00a0<\/span><\/span><\/p>\n<p><span style=\"font-weight: 400;\">&#8211; Bina ve tesislerde kullan\u0131m amac\u0131n\u0131n k\u0131smen ya da tamamen de\u011fi\u015ftirilmesi.<\/span><\/p>\n<p><span style=\"font-weight: 400;\">&#8211; Yap\u0131da geni\u015f kapsaml\u0131 tadilat ve onar\u0131m yap\u0131lmas\u0131.<\/span><\/p>\n<p><span style=\"font-weight: 400;\">&#8211; Bir binan\u0131n k\u00fclt\u00fcr varl\u0131\u011f\u0131 olarak tescil edilmesi.<\/span><\/p>\n<p><span style=\"font-weight: 400;\">olarak s\u0131ralanabilir.\u00a0<\/span><\/p>\n<p><span style=\"font-weight: 400;\">Binan\u0131z\u0131n <strong>akustik rapor kapsam\u0131<\/strong>nda yer al\u0131p almad\u0131\u011f\u0131 ile ilgili <strong>en do\u011fru bilgiyi alabilece\u011finiz<\/strong> kaynak olan <\/span><b>Uzman Akustik ile hemen ileti\u015fime ge\u00e7ebilir<\/b><span style=\"font-weight: 400;\">, s\u00fcre\u00e7le ilgili merak etti\u011finiz t\u00fcm detaylar\u0131 \u00f6\u011frenebilirsiniz.<\/span><\/p>\n<p><strong>Daha Detayl\u0131 Bilgi Almak \u0130\u00e7in:<\/strong>\u00a0<a href=\"https:\/\/uzmanakustik.com\/\" target=\"_blank\" rel=\"nofollow noopener\">https:\/\/uzmanakustik.com\/<\/a> adresini ziyaret edebilirsiniz.<\/p>","protected":false},"excerpt":{"rendered":"<p>Sorry, this entry is only available in Turkish. For the sake of viewer convenience, the content is shown below in the alternative language. You may click the link to switch the active language. Akustik Rapor ile Kapsaml\u0131 G\u00fcr\u00fclt\u00fc Analizi 31 May\u0131s 2018\u2019de y\u00fcr\u00fcrl\u00fc\u011fe giren \u201cBinalar\u0131n G\u00fcr\u00fclt\u00fcye Kar\u015f\u0131 Korunmas\u0131 Hakk\u0131nda Y\u00f6netmelik\u201d ile birlikte s\u0131k\u00e7a duymaya ba\u015flad\u0131\u011f\u0131m\u0131z [&hellip;]<\/p>\n","protected":false},"author":1,"featured_media":120288,"comment_status":"open","ping_status":"open","sticky":false,"template":"","format":"standard","meta":[],"categories":[51,53,52],"tags":[79271,71444,79273,79272,79270,2199,52259,79275,79274,79269],"views":235,"_links":{"self":[{"href":"https:\/\/www.enerjigazetesi.ist\/en\/wp-json\/wp\/v2\/posts\/120285"}],"collection":[{"href":"https:\/\/www.enerjigazetesi.ist\/en\/wp-json\/wp\/v2\/posts"}],"about":[{"href":"https:\/\/www.enerjigazetesi.ist\/en\/wp-json\/wp\/v2\/types\/post"}],"author":[{"embeddable":true,"href":"https:\/\/www.enerjigazetesi.ist\/en\/wp-json\/wp\/v2\/users\/1"}],"replies":[{"embeddable":true,"href":"https:\/\/www.enerjigazetesi.ist\/en\/wp-json\/wp\/v2\/comments?post=120285"}],"version-history":[{"count":0,"href":"https:\/\/www.enerjigazetesi.ist\/en\/wp-json\/wp\/v2\/posts\/120285\/revisions"}],"wp:featuredmedia":[{"embeddable":true,"href":"https:\/\/www.enerjigazetesi.ist\/en\/wp-json\/wp\/v2\/media\/120288"}],"wp:attachment":[{"href":"https:\/\/www.enerjigazetesi.ist\/en\/wp-json\/wp\/v2\/media?parent=120285"}],"wp:term":[{"taxonomy":"category","embeddable":true,"href":"https:\/\/www.enerjigazetesi.ist\/en\/wp-json\/wp\/v2\/categories?post=120285"},{"taxonomy":"post_tag","embeddable":true,"href":"https:\/\/www.enerjigazetesi.ist\/en\/wp-json\/wp\/v2\/tags?post=120285"}],"curies":[{"name":"wp","href":"https:\/\/api.w.org\/{rel}","templated":true}]}}