{"id":120125,"date":"2020-09-12T13:05:34","date_gmt":"2020-09-12T10:05:34","guid":{"rendered":"https:\/\/www.enerjigazetesi.ist\/?p=120125"},"modified":"2020-09-12T13:07:04","modified_gmt":"2020-09-12T10:07:04","slug":"kargi-belediyesi-gunes-enerjisi-santrali-yapim-isi-icin-ihale-duzenliyor","status":"publish","type":"post","link":"https:\/\/www.enerjigazetesi.ist\/en\/kargi-belediyesi-gunes-enerjisi-santrali-yapim-isi-icin-ihale-duzenliyor\/","title":{"rendered":"(Turkish) &#8217;Karg\u0131 Belediyesi&#8217; G\u00fcne\u015f Enerjisi Santrali Yap\u0131m \u0130\u015fi \u0130\u00e7in \u0130hale D\u00fczenliyor"},"content":{"rendered":"<p class=\"qtranxs-available-languages-message qtranxs-available-languages-message-en\">Sorry, this entry is only available in <a href=\"https:\/\/www.enerjigazetesi.ist\/tr\/wp-json\/wp\/v2\/posts\/120125\" class=\"qtranxs-available-language-link qtranxs-available-language-link-tr\" title=\"Turkish\">Turkish<\/a>. For the sake of viewer convenience, the content is shown below in the alternative language. You may click the link to switch the active language.<\/p><p><\/p>\n<h1><strong><img loading=\"lazy\" class=\"alignright wp-image-120127\" src=\"https:\/\/www.enerjigazetesi.ist\/wp-content\/uploads\/2020\/09\/kargi-belediyesi-gunes-enerjisi-santrali-yapim-isi-icin-ihale-duzenliyor.jpg\" alt=\"\" width=\"320\" height=\"240\" srcset=\"https:\/\/www.enerjigazetesi.ist\/wp-content\/uploads\/2020\/09\/kargi-belediyesi-gunes-enerjisi-santrali-yapim-isi-icin-ihale-duzenliyor.jpg 360w, https:\/\/www.enerjigazetesi.ist\/wp-content\/uploads\/2020\/09\/kargi-belediyesi-gunes-enerjisi-santrali-yapim-isi-icin-ihale-duzenliyor-300x225.jpg 300w, https:\/\/www.enerjigazetesi.ist\/wp-content\/uploads\/2020\/09\/kargi-belediyesi-gunes-enerjisi-santrali-yapim-isi-icin-ihale-duzenliyor-67x50.jpg 67w\" sizes=\"(max-width: 320px) 100vw, 320px\" \/><\/strong><\/h1>\n<h1><strong>\u00c7orum ilinde yer alan Karg\u0131 Belediyesi enerji ihtiyac\u0131n\u0131 kar\u015f\u0131lanmaya y\u00f6nelik toplam da 632 kWp (500 kWe) kurulu g\u00fc\u00e7teki fotovoltaik g\u00fcne\u015f paneli kapasitesine sahip \u015febeke ba\u011flant\u0131l\u0131 g\u00fcne\u015f enerji santrali i\u00e7in ihale d\u00fczenliyor.<\/strong><\/h1>\n<p><strong>60 g\u00fcn<\/strong> i\u00e7erisinde <strong>yer teslimi<\/strong> yap\u0131larak <strong>i\u015fe ba\u015flanaca\u011f\u0131<\/strong> ve <strong>ihaleye kat\u0131labilme \u015fartlar\u0131<\/strong> ve <strong>istenilen belgeler<\/strong> ile <strong>yeterlik de\u011ferlendirmesi<\/strong> ger\u00e7ekle\u015ftirilece\u011fi belirtildi.<\/p>\n<p><strong>Detayl\u0131 Bilgi Almak \u0130\u00e7in:\u00a0<\/strong><a href=\"http:\/\/kargi.bel.tr\/\" target=\"_blank\" rel=\"nofollow noopener\">http:\/\/kargi.bel.tr\/<\/a><\/p>","protected":false},"excerpt":{"rendered":"<p>Sorry, this entry is only available in Turkish. For the sake of viewer convenience, the content is shown below in the alternative language. You may click the link to switch the active language. \u00c7orum ilinde yer alan Karg\u0131 Belediyesi enerji ihtiyac\u0131n\u0131 kar\u015f\u0131lanmaya y\u00f6nelik toplam da 632 kWp (500 kWe) kurulu g\u00fc\u00e7teki fotovoltaik g\u00fcne\u015f paneli kapasitesine [&hellip;]<\/p>\n","protected":false},"author":1,"featured_media":120127,"comment_status":"open","ping_status":"open","sticky":false,"template":"","format":"standard","meta":[],"categories":[51,53,49],"tags":[24013,5070,52259,79107,35038,53157,40396,79106,78238,79109,54979,79108],"views":288,"_links":{"self":[{"href":"https:\/\/www.enerjigazetesi.ist\/en\/wp-json\/wp\/v2\/posts\/120125"}],"collection":[{"href":"https:\/\/www.enerjigazetesi.ist\/en\/wp-json\/wp\/v2\/posts"}],"about":[{"href":"https:\/\/www.enerjigazetesi.ist\/en\/wp-json\/wp\/v2\/types\/post"}],"author":[{"embeddable":true,"href":"https:\/\/www.enerjigazetesi.ist\/en\/wp-json\/wp\/v2\/users\/1"}],"replies":[{"embeddable":true,"href":"https:\/\/www.enerjigazetesi.ist\/en\/wp-json\/wp\/v2\/comments?post=120125"}],"version-history":[{"count":0,"href":"https:\/\/www.enerjigazetesi.ist\/en\/wp-json\/wp\/v2\/posts\/120125\/revisions"}],"wp:featuredmedia":[{"embeddable":true,"href":"https:\/\/www.enerjigazetesi.ist\/en\/wp-json\/wp\/v2\/media\/120127"}],"wp:attachment":[{"href":"https:\/\/www.enerjigazetesi.ist\/en\/wp-json\/wp\/v2\/media?parent=120125"}],"wp:term":[{"taxonomy":"category","embeddable":true,"href":"https:\/\/www.enerjigazetesi.ist\/en\/wp-json\/wp\/v2\/categories?post=120125"},{"taxonomy":"post_tag","embeddable":true,"href":"https:\/\/www.enerjigazetesi.ist\/en\/wp-json\/wp\/v2\/tags?post=120125"}],"curies":[{"name":"wp","href":"https:\/\/api.w.org\/{rel}","templated":true}]}}