{"id":120103,"date":"2020-09-11T16:41:43","date_gmt":"2020-09-11T13:41:43","guid":{"rendered":"https:\/\/www.enerjigazetesi.ist\/?p=120103"},"modified":"2020-09-11T16:47:00","modified_gmt":"2020-09-11T13:47:00","slug":"tusiadin-avrupa-yesil-mutabakati-turkiye-is-dunyasi-webinari-yapildi","status":"publish","type":"post","link":"https:\/\/www.enerjigazetesi.ist\/en\/tusiadin-avrupa-yesil-mutabakati-turkiye-is-dunyasi-webinari-yapildi\/","title":{"rendered":"(Turkish) T\u00dcS\u0130AD&#8217;\u0131n Avrupa Ye\u015fil Mutabakat\u0131 T\u00fcrkiye \u0130\u015f D\u00fcnyas\u0131 Webinar\u0131 Yap\u0131ld\u0131"},"content":{"rendered":"<p class=\"qtranxs-available-languages-message qtranxs-available-languages-message-en\">Sorry, this entry is only available in <a href=\"https:\/\/www.enerjigazetesi.ist\/tr\/wp-json\/wp\/v2\/posts\/120103\" class=\"qtranxs-available-language-link qtranxs-available-language-link-tr\" title=\"Turkish\">Turkish<\/a>. For the sake of viewer convenience, the content is shown below in the alternative language. You may click the link to switch the active language.<\/p><p><\/p>\n<h1>T\u00dcS\u0130AD Yat\u0131r\u0131m Ortam\u0131 Yuvarlak Masas\u0131 koordinasyonunda kurulan Ye\u015fil Mutabakat G\u00f6rev G\u00fcc\u00fc taraf\u0131ndan organize edilen \u201cAvrupa Ye\u015fil Mutabakat\u0131 T\u00fcrkiye \u0130\u015f D\u00fcnyas\u0131n\u0131 Nas\u0131l Etkileyecek?\u201d ba\u015fl\u0131kl\u0131 webinar bug\u00fcn ger\u00e7ekle\u015ftirildi.<\/h1>\n<h1><img loading=\"lazy\" class=\"alignright wp-image-120107\" src=\"https:\/\/www.enerjigazetesi.ist\/wp-content\/uploads\/2020\/09\/tusiad-in-avrupa-yesil-mutabakati-turkiye-is-dunyasi-webinari-yapildi.jpg\" alt=\"\" width=\"340\" height=\"219\" srcset=\"https:\/\/www.enerjigazetesi.ist\/wp-content\/uploads\/2020\/09\/tusiad-in-avrupa-yesil-mutabakati-turkiye-is-dunyasi-webinari-yapildi.jpg 700w, https:\/\/www.enerjigazetesi.ist\/wp-content\/uploads\/2020\/09\/tusiad-in-avrupa-yesil-mutabakati-turkiye-is-dunyasi-webinari-yapildi-300x193.jpg 300w, https:\/\/www.enerjigazetesi.ist\/wp-content\/uploads\/2020\/09\/tusiad-in-avrupa-yesil-mutabakati-turkiye-is-dunyasi-webinari-yapildi-500x321.jpg 500w, https:\/\/www.enerjigazetesi.ist\/wp-content\/uploads\/2020\/09\/tusiad-in-avrupa-yesil-mutabakati-turkiye-is-dunyasi-webinari-yapildi-78x50.jpg 78w\" sizes=\"(max-width: 340px) 100vw, 340px\" \/><\/h1>\n<p><strong>Ulusal<\/strong> ve <strong>uluslararas\u0131<\/strong> <em>sivil toplum kurulu\u015flar\u0131<\/em>n\u0131n temsilcilerinin kat\u0131l\u0131m\u0131yla ger\u00e7ekle\u015fen <strong>webinarda<\/strong>, <strong>AB Komisyonu<\/strong> taraf\u0131ndan <strong>Avrupa Ye\u015fil Mutabakat<\/strong> kapsam\u0131nda kurulacak yeni d\u00fczenin <strong>T\u00fcrkiye \u2013 AB ticaret ili\u015fkileri<\/strong> ile T\u00fcrkiye sanayisine olas\u0131 etkileri ve buna kar\u015f\u0131l\u0131k T\u00fcrkiye&#8217;nin tutumu ele al\u0131n\u0131rken, <strong>politika <\/strong>ve<strong> d\u00fczenlenmelerin<\/strong> yan\u0131 s\u0131ra<strong> Avrupa&#8217;n\u0131n yeni ticaret politikalar\u0131<\/strong>n\u0131n <strong>iklim hedefleri<\/strong>ne ula\u015f\u0131lmas\u0131nda \u00fcstlenece\u011fi rol konu\u015fuldu.<\/p>\n<h2><em><strong>T\u00dcS\u0130AD Y\u00f6netim Kurulu Ba\u015fkan\u0131 Simone Kaslowski&#8217;nin webinarda yapt\u0131\u011f\u0131 konu\u015fma ise <span style=\"text-decoration: underline;\">a\u015fa\u011f\u0131da yer almaktad\u0131r;<\/span><\/strong><\/em><\/h2>\n<p><em>Say\u0131n Bakan Yard\u0131mc\u0131m, De\u011ferli \u0130zleyiciler,<\/em><\/p>\n<p>Sizleri, \u015fahs\u0131m ve T\u00dcS\u0130AD Y\u00f6netim Kurulu ad\u0131na sevgi ve sayg\u0131yla selaml\u0131yorum. Sn. Ticaret Bakan Yard\u0131mc\u0131m\u0131z <strong>Gonca Y\u0131lmaz Batur<\/strong>\u2019a ve sivil toplumun \u00e7ok de\u011ferli temsilcilerine etkinli\u011fimize kat\u0131l\u0131mlar\u0131 i\u00e7in \u00e7ok te\u015fekk\u00fcr ediyorum.<\/p>\n<p>Bug\u00fcn bizleri bir araya getiren konu <strong>\u201cAvrupa Ye\u015fil Mutabakat\u0131\u201d<\/strong>. <strong>2019<\/strong> y\u0131l\u0131nda <strong>AB Komisyonu iklim de\u011fi\u015fikli\u011fi<\/strong> y\u00fck\u00fcml\u00fcl\u00fc\u011f\u00fc a\u00e7\u0131s\u0131ndan \u00e7ok \u00f6nemli ve radikal bir ad\u0131m att\u0131. <strong>2050 y\u0131l\u0131na<\/strong> kadar \u201ckarbon n\u00f6tr\u201d k\u0131ta olmak i\u00e7in yol haritas\u0131n\u0131 kamuoyu ile payla\u015ft\u0131. Komisyon Ba\u015fkan\u0131 Ursula von der Leyen\u2019in, \u201cAvrupa\u2019n\u0131n aya insan g\u00f6ndermesi\u201d benzetmesini yapt\u0131\u011f\u0131 <strong>\u201cAvrupa Ye\u015fil Mutabakat\u0131&#8221;<\/strong>, <strong>iklim de\u011fi\u015fikli\u011fi ile m\u00fccadele<\/strong>nin \u00f6tesinde, ayn\u0131 zamanda<strong> AB\u2019nin<\/strong> \u201cyeni b\u00fcy\u00fcme stratejisi\u201dnin bir yol plan\u0131. Bu strateji \u201cmodern, kaynak verimlili\u011fine odaklanan, rekabet\u00e7i bir ekonomi\u201dyi hedef al\u0131yor. AB\u2019nin, uluslararas\u0131 ticarette rekabet g\u00fcc\u00fcn\u00fc korumak i\u00e7in s\u00fcrd\u00fcr\u00fclebilirli\u011fi oda\u011f\u0131na ald\u0131\u011f\u0131n\u0131 g\u00f6r\u00fcyoruz.<\/p>\n<p><strong>Avrupa Ye\u015fil Mutabakat\u0131<\/strong>, sadece<strong> iklim de\u011fi\u015fikli\u011fi<\/strong> ile yetinmeyip,<strong> biyolojik \u00e7e\u015fitlilikten, at\u0131k ve hava kirlili\u011fine kadar<\/strong> t\u00fcm \u00e7evre konular\u0131n\u0131 ele al\u0131yor. <strong>Kaynaklar\u0131n verimli kullan\u0131m\u0131<\/strong>n\u0131 art\u0131racak eylemler i\u00e7eren <strong>bir yol haritas\u0131<\/strong> sunuyor. Anla\u015fman\u0131n bir di\u011fer ay\u0131rt edici \u00f6zelli\u011fi ise, <strong>iklim de\u011fi\u015fikli\u011fi ile m\u00fccadele<\/strong>yi sadece kendi co\u011frafyas\u0131 ile s\u0131n\u0131rl\u0131 tutmay\u0131p, k\u00fcresel \u00f6l\u00e7ekte bir <strong>d\u00f6n\u00fc\u015f\u00fcm potansiyeli<\/strong> bar\u0131nd\u0131rmas\u0131.<\/p>\n<p>Di\u011fer yandan <strong>Ye\u015fil Mutabakat<\/strong>, AB\u2019nin \u00f6n\u00fcm\u00fczdeki d\u00f6nemde partnerleriyle ticari ili\u015fkilerinde yeni kural ve yapt\u0131r\u0131m mekanizmalar\u0131 getirece\u011fine i\u015faret ediyor. <strong>Birli\u011fin d\u0131\u015f ticaret, uluslararas\u0131 yat\u0131r\u0131m ve finansman politikalar\u0131<\/strong>nda b\u00fcy\u00fck de\u011fi\u015fiklikler \u00f6ng\u00f6ren eylem plan\u0131 hayata ge\u00e7ti\u011finde, \u00f6zellikle<strong> AB<\/strong> ile <strong>d\u0131\u015f ticareti y\u00fcksek<\/strong> olan T\u00fcrkiye gibi \u00fclkeler a\u00e7\u0131s\u0131ndan \u00f6nemli sonu\u00e7lar do\u011furacak.<\/p>\n<p><em>De\u011ferli \u0130zleyiciler,<\/em><\/p>\n<p>T\u00fcrkiye olarak geli\u015fmeleri dikkatli <strong>okur<\/strong> ve <strong>gerekli haz\u0131rl\u0131klar\u0131<\/strong> \u00f6nceden yaparsak <strong>riskleri iyi y\u00f6netme<\/strong> ve bu <strong>d\u00f6n\u00fc\u015f\u00fcm\u00fc b\u00fcy\u00fck bir avantaja \u00e7evirme<\/strong> \u015fans\u0131m\u0131z var. Zira AB, <strong>Avrupa Ye\u015fil Anla\u015fmas\u0131 strateji belges<\/strong>inde, yak\u0131n \u00e7evresindeki \u00fclkelerin desteklenmesine \u00f6zellikle \u00f6nem verece\u011fini a\u00e7\u0131kl\u0131yor. Bizim bu rekabet yar\u0131\u015f\u0131nda <strong>hangi stratejileri<\/strong> ve<strong> politikalar\u0131 benimseyerek<\/strong> \u00f6ne \u00e7\u0131kaca\u011f\u0131m\u0131z, \u00f6n\u00fcm\u00fczdeki d\u00f6nemin belirleyicisi olacak. T\u00fcrkiye i\u00e7in a\u00e7\u0131lan bu f\u0131rsat penceresini de\u011ferlendirebilmemiz i\u00e7in iyi haz\u0131rlanm\u0131\u015f bir yol haritas\u0131na ihtiyac\u0131m\u0131z var.<\/p>\n<p>Bakanl\u0131k b\u00fcnyesinde olu\u015fturulan <strong>\u00e7al\u0131\u015fma grubu<\/strong> bu ba\u011flamda \u00e7ok k\u0131ymetli. <strong>T\u00dcS\u0130AD<\/strong> olarak bu \u00e7al\u0131\u015fmalar\u0131 yak\u0131ndan <strong>takip ediyoruz<\/strong> ve katk\u0131 sa\u011fl\u0131yoruz.<\/p>\n<p>En b\u00fcy\u00fck <strong>ticaret<\/strong> ve <strong>yat\u0131r\u0131m<\/strong> orta\u011f\u0131m\u0131z <strong>AB\u2019nin bu d\u00f6n\u00fc\u015f\u00fcm\u00fc<\/strong>, \u00f6zellikle baz\u0131 sekt\u00f6rlerimiz a\u00e7\u0131s\u0131ndan dikkatlice izlenmeli. AB\u2019nin <strong>yeni nesil ticaret yakla\u015f\u0131m\u0131<\/strong> ile art\u0131k ticaret politikalar\u0131nda <strong>Paris Anla\u015fmas\u0131<\/strong> ve <strong>s\u00fcrd\u00fcr\u00fclebilir kalk\u0131nma ilkeleri<\/strong>ne uyumu bir \u00f6n \u015fart olarak g\u00fcndeme getirdi\u011fini biliyoruz. Bu a\u00e7\u0131dan, <strong>AB Ye\u015fil Mutabakat\u0131<\/strong> ve birlikte gelen <strong>S\u0131n\u0131rda Karbon D\u00fczenlemesi<\/strong> gibi alt d\u00fczenlemelerin \u00fclkemizin ihracat rekabet\u00e7ili\u011fine etkileri g\u00f6zetilerek ele al\u0131nmas\u0131 ve al\u0131nacak tedbirlere y\u00f6nelik <strong>sekt\u00f6rel yol haritalar\u0131 \u00e7\u0131kar\u0131lmas\u0131<\/strong> \u00f6nem arz ediyor.<\/p>\n<p>De\u011ferli Konuklar,<\/p>\n<p>T\u00dcS\u0130AD olarak Mart ay\u0131nda kurdu\u011fumuz <strong>Ye\u015fil Mutabakat G\u00f6rev G\u00fcc\u00fc<\/strong> \u00e7al\u0131\u015fmalar\u0131 kapsam\u0131nda t\u00fcm bu geli\u015fmeleri yak\u0131ndan takip ediyor, T\u00fcrkiye\u2019nin ilgili alanlardaki tutum belgelerinin haz\u0131rlanmas\u0131nda ilgili kamu kurumlar\u0131m\u0131z ile yak\u0131n temasta olmaya gayret g\u00f6steriyoruz. Ayn\u0131 zamanda \u00fcyesi oldu\u011fumuz <em>Avrupa \u0130\u015f D\u00fcnyas\u0131 kurulu\u015fu<\/em> <strong>Businesseurope<\/strong> b\u00fcnyesinde konuyla ilgili olu\u015fturulan tutum belgelerine katk\u0131 sa\u011fl\u0131yor, <strong>AB Komisyonu<\/strong> ba\u015fta olmak \u00fczere <strong>AB kurumlar\u0131n\u0131n<\/strong> \u00fcst d\u00fczey yetkilileriyle <strong>T\u00fcrk i\u015f d\u00fcnyas\u0131<\/strong>n\u0131n \u00f6nerilerini ve hassasiyetlerini payla\u015f\u0131yoruz. Yan\u0131s\u0131ra<strong> ulusal<\/strong> ve<strong> uluslararas\u0131 sekt\u00f6rel sivil toplum \u00f6rg\u00fctleri<\/strong> ile i\u015fbirlikleri kuruyoruz.<\/p>\n<p>Bug\u00fcn ger\u00e7ekle\u015ftirece\u011fimiz webinarda Avrupa Ye\u015fil Mutabakat\u0131 kapsam\u0131nda kurulacak yeni d\u00fczenin <strong>T\u00fcrkiye \u2013 AB ticaret ili\u015fkileri<\/strong> ile T\u00fcrkiye sanayisine olas\u0131 etkilerini de\u011ferlendirece\u011fiz. T\u00fcrkiye\u2019nin tutumunu, g\u00fcndemindeki <strong>politika<\/strong> ve <strong>d\u00fczenlenmeler<\/strong> ile <strong>Avrupa\u2019n\u0131n yeni ticaret politikalar\u0131<\/strong>n\u0131n <strong>iklim hedefleri<\/strong>ne ula\u015f\u0131lmas\u0131nda \u00fcstlenece\u011fi rol\u00fc ele alaca\u011f\u0131z. Buradan ald\u0131\u011f\u0131m\u0131z \u00e7\u0131kt\u0131lar sonras\u0131nda, Ye\u015fil Mutabakat\u2019\u0131n finansal sonu\u00e7lar\u0131n\u0131n tespit edilebilmesi, etkilerinin analiz edilerek sanayimiz i\u00e7in haz\u0131rlanacak bir yol plan\u0131na katk\u0131 sa\u011flanmas\u0131 i\u00e7in \u00e7al\u0131\u015fmalar\u0131m\u0131za devam edece\u011fiz.<\/p>\n<p>S\u00f6zlerimi k\u0131sa bir duyuru ile tamamlamak istiyorum. Yak\u0131n zamanda <em>T\u00dcS\u0130AD Enerji ve \u00c7evre Yuvarlak Masas\u0131 faaliyetleri<\/em> kapsam\u0131nda y\u00fcr\u00fctt\u00fc\u011f\u00fcm\u00fcz &#8220;Ekonomik G\u00f6stergeler Merce\u011finden <strong>Yeni \u0130klim Rejimi Raporu<\/strong>&#8220;nu tamamlad\u0131k. Bu vesile ile \u00f6ng\u00f6r\u00fclen<strong> yeni iklim rejiminin<\/strong> \u00fclkemiz sanayisi a\u00e7\u0131s\u0131ndan etkilerini ekonomik modellerle ele alan raporun <strong>21 Eyl\u00fcl 2020<\/strong> tarihindeki tan\u0131t\u0131m toplant\u0131s\u0131na sizleri de davet etmek isterim.<\/p>\n<p>Bug\u00fcnk\u00fc webinar\u0131m\u0131z\u0131n verimli ve keyifli bir etkinlik olmas\u0131n\u0131 diliyorum. S\u00f6z\u00fc Say\u0131n<strong> Gonca Y\u0131lmaz Batur\u2019u<\/strong> a\u011f\u0131rlayaca\u011f\u0131m\u0131z bir sonraki oturumumuzun moderat\u00f6r\u00fc Y\u00f6netim Kurulu \u00dcyemiz ve Yat\u0131r\u0131m Ortam\u0131 Yuvarlak Masa Ba\u015fkan\u0131m\u0131z <strong>Dr. Fatih Kemal Ebi\u00e7lio\u011flu<\/strong>\u2019na b\u0131rak\u0131yorum. Kat\u0131l\u0131m\u0131n\u0131z i\u00e7in bir kez daha te\u015fekk\u00fcr ediyor ve hepinizi sayg\u0131yla selaml\u0131yorum.<\/p>","protected":false},"excerpt":{"rendered":"<p>Sorry, this entry is only available in Turkish. For the sake of viewer convenience, the content is shown below in the alternative language. You may click the link to switch the active language. T\u00dcS\u0130AD Yat\u0131r\u0131m Ortam\u0131 Yuvarlak Masas\u0131 koordinasyonunda kurulan Ye\u015fil Mutabakat G\u00f6rev G\u00fcc\u00fc taraf\u0131ndan organize edilen \u201cAvrupa Ye\u015fil Mutabakat\u0131 T\u00fcrkiye \u0130\u015f D\u00fcnyas\u0131n\u0131 Nas\u0131l Etkileyecek?\u201d [&hellip;]<\/p>\n","protected":false},"author":1,"featured_media":120107,"comment_status":"open","ping_status":"open","sticky":false,"template":"","format":"standard","meta":[],"categories":[51,53,52],"tags":[79082,79088,52259,48491,79083,79087,79090,79089,79085,79084,79091,79086],"views":301,"_links":{"self":[{"href":"https:\/\/www.enerjigazetesi.ist\/en\/wp-json\/wp\/v2\/posts\/120103"}],"collection":[{"href":"https:\/\/www.enerjigazetesi.ist\/en\/wp-json\/wp\/v2\/posts"}],"about":[{"href":"https:\/\/www.enerjigazetesi.ist\/en\/wp-json\/wp\/v2\/types\/post"}],"author":[{"embeddable":true,"href":"https:\/\/www.enerjigazetesi.ist\/en\/wp-json\/wp\/v2\/users\/1"}],"replies":[{"embeddable":true,"href":"https:\/\/www.enerjigazetesi.ist\/en\/wp-json\/wp\/v2\/comments?post=120103"}],"version-history":[{"count":0,"href":"https:\/\/www.enerjigazetesi.ist\/en\/wp-json\/wp\/v2\/posts\/120103\/revisions"}],"wp:featuredmedia":[{"embeddable":true,"href":"https:\/\/www.enerjigazetesi.ist\/en\/wp-json\/wp\/v2\/media\/120107"}],"wp:attachment":[{"href":"https:\/\/www.enerjigazetesi.ist\/en\/wp-json\/wp\/v2\/media?parent=120103"}],"wp:term":[{"taxonomy":"category","embeddable":true,"href":"https:\/\/www.enerjigazetesi.ist\/en\/wp-json\/wp\/v2\/categories?post=120103"},{"taxonomy":"post_tag","embeddable":true,"href":"https:\/\/www.enerjigazetesi.ist\/en\/wp-json\/wp\/v2\/tags?post=120103"}],"curies":[{"name":"wp","href":"https:\/\/api.w.org\/{rel}","templated":true}]}}