{"id":120096,"date":"2020-09-11T15:38:28","date_gmt":"2020-09-11T12:38:28","guid":{"rendered":"https:\/\/www.enerjigazetesi.ist\/?p=120096"},"modified":"2020-09-11T15:40:03","modified_gmt":"2020-09-11T12:40:03","slug":"mimar-ve-ic-mimarlar-gelecek-vaat-eden-fikirlerini-odullerle-ortaya-koyuyor","status":"publish","type":"post","link":"https:\/\/www.enerjigazetesi.ist\/en\/mimar-ve-ic-mimarlar-gelecek-vaat-eden-fikirlerini-odullerle-ortaya-koyuyor\/","title":{"rendered":"(Turkish) Mimar ve \u0130\u00e7 Mimarlar Gelecek Vaat Eden Fikirlerini \u00d6d\u00fcllerle Ortaya Koyuyor"},"content":{"rendered":"<p class=\"qtranxs-available-languages-message qtranxs-available-languages-message-en\">Sorry, this entry is only available in <a href=\"https:\/\/www.enerjigazetesi.ist\/tr\/wp-json\/wp\/v2\/posts\/120096\" class=\"qtranxs-available-language-link qtranxs-available-language-link-tr\" title=\"Turkish\">Turkish<\/a>. For the sake of viewer convenience, the content is shown below in the alternative language. You may click the link to switch the active language.<\/p><p><\/p>\n<h1>40 ya\u015f alt\u0131 mimar ve i\u00e7 mimarlar\u0131n ki\u015fisel ya da ekipler halinde kat\u0131l\u0131m g\u00f6sterebilece\u011fi, bu sene YAPI KATALO\u011eU \u00e7at\u0131s\u0131 alt\u0131nda 26.s\u0131 d\u00fczenlenen \u2018ALTIN \u00c7EK\u00dcL Uluslararas\u0131 Yap\u0131 Katalo\u011fu \u00d6d\u00fclleri\u2019 program\u0131na paralel olarak ger\u00e7ekle\u015fecek <strong>YAPI KATALO\u011eU Mimarl\u0131k \u00d6d\u00fclleri, <\/strong>sekt\u00f6r\u00fcn ihtiya\u00e7 duydu\u011fu nitelikli ve gen\u00e7 fikirlerin ortaya \u00e7\u0131kar\u0131lmas\u0131n\u0131 hedefliyor.<\/h1>\n<p>Yar\u0131\u015fma yoluyla elde edilecek <strong>fikirsel \u00fcretimin kamu nezdinde<\/strong> de bir tart\u0131\u015fma ortam\u0131 yarat\u0131lmas\u0131n\u0131n arzu edildi\u011fi <strong>YAPI KATALO\u011eU Mimarl\u0131k \u00d6d\u00fclleri\u2019nde<\/strong>, <em>gen\u00e7 mimarlar<\/em> ve <strong>i\u00e7 mimarlar<\/strong> taraf\u0131ndan ortaya konacak <strong>fikirlerin<\/strong> hayata ge\u00e7irilmesi i\u00e7in sekt\u00f6rde yer alan akt\u00f6rlerinin devreye sokularak<strong> mimarl\u0131k \/ tasar\u0131m k\u00fclt\u00fcr\u00fcn\u00fcn<\/strong> bilinirli\u011fine ve niteli\u011fine katk\u0131 verilmesi de <img loading=\"lazy\" class=\"alignright size-full wp-image-120099\" src=\"https:\/\/www.enerjigazetesi.ist\/wp-content\/uploads\/2020\/09\/mimar-ve-ic-mimarlar-gelecek-vaat-eden-fikirlerini-odullerle-ortaya-koyuyor-1.png\" alt=\"\" width=\"250\" height=\"112\" srcset=\"https:\/\/www.enerjigazetesi.ist\/wp-content\/uploads\/2020\/09\/mimar-ve-ic-mimarlar-gelecek-vaat-eden-fikirlerini-odullerle-ortaya-koyuyor-1.png 250w, https:\/\/www.enerjigazetesi.ist\/wp-content\/uploads\/2020\/09\/mimar-ve-ic-mimarlar-gelecek-vaat-eden-fikirlerini-odullerle-ortaya-koyuyor-1-80x36.png 80w\" sizes=\"(max-width: 250px) 100vw, 250px\" \/>ama\u00e7lan\u0131yor.<\/p>\n<p><strong>YAPI KATALO\u011eU Mimarl\u0131k \u00d6d\u00fclleri<\/strong> yar\u0131\u015fmas\u0131n\u0131n <strong>2020<\/strong> temas\u0131 (Afet ve Acil Durumlarda Kullan\u0131lacak) <strong>Ta\u015f\u0131nabilir Ya\u015fam Birimleri <\/strong>olarak belirlenmi\u015f. Bu ba\u011flamda <strong>gen\u00e7 mimarlar\u0131n<\/strong> ve <strong>i\u00e7 mimarlar\u0131n<\/strong>, mesleklerinde tecr\u00fcbelerini art\u0131rmak isteyen <strong>gen\u00e7 ofislerin<\/strong>, g\u00fcn\u00fcm\u00fcz\u00fcn de\u011fi\u015fen ve tekrar \u015fekillenmeye aday <strong>\u2018acil bar\u0131nma\u2019 kavram\u0131<\/strong> \u00fczerinden fikirlerini sunmalar\u0131 bekleniyor. Belirlenen tema \u00e7er\u00e7evesinde, bir sorunsala <strong>en iyi hik\u00e2yeyi<\/strong> olu\u015fturarak \u00e7\u00f6z\u00fcmler sunulmas\u0131n\u0131n <strong>te\u015fvik edildi\u011fi yar\u0131\u015fmada<\/strong> kat\u0131l\u0131mc\u0131 ekiplerden, <strong>son teknolojinin kullan\u0131ld\u0131\u011f\u0131<\/strong> yenilik\u00e7i tasar\u0131m s\u00fcre\u00e7lerini i\u00e7eren, <strong>ekolojik dengeyi g\u00f6z \u00f6n\u00fcnde bulundurarak<\/strong> malzemelerin \u015fimdiye kadar bilinen \u00f6zelliklerine ek olarak sahip olmad\u0131\u011f\u0131 bir \u00f6zelli\u011fin kazand\u0131r\u0131ld\u0131\u011f\u0131 bir tasar\u0131m olu\u015fturulmas\u0131 isteniyor.<\/p>\n<h2><strong><u>Soru ve Cevaplar Yay\u0131nland\u0131<\/u><\/strong><\/h2>\n<p><strong>Temas\u0131<\/strong> ve <strong>hedefleri<\/strong> ba\u011flam\u0131nda duyuruldu\u011fu g\u00fcnden bug\u00fcne kadar ilgiyle izlenen <strong>YAPI KATALO\u011eU Mimarl\u0131k \u00d6d\u00fclleri<\/strong> raport\u00f6rl\u00fc\u011f\u00fcne bir\u00e7ok soru iletildi ve <strong>raport\u00f6rl\u00fck<\/strong> yak\u0131n zaman \u00f6nce iletilen sorular\u0131 cevaplar\u0131yla birlikte <strong>Yap\u0131 Katalo\u011fu Mimarl\u0131k \u00d6d\u00fclleri<\/strong> web sitesinde yay\u0131nland\u0131. Soru ve cevaplar i\u00e7in <strong><a href=\"https:\/\/www.altincekul.com\/mimarlik-odulleri\" target=\"_blank\" rel=\"nofollow noopener\">T\u0131klay\u0131n&gt;&gt;&gt;<\/a><\/strong><\/p>\n<h2><u>Yar\u0131\u015fmaya kat\u0131l\u0131m ko\u015fullar\u0131 ba\u015fl\u0131ca \u015fu \u015fekilde:<\/u><\/h2>\n<p>&#8211; <strong>40 ya\u015f ve alt\u0131<\/strong> (Do\u011fum y\u0131l\u0131: 1 Ocak 1980) <strong>mimarlar, i\u00e7 mimarlar ve ofisleri<\/strong> 2020 senesi i\u00e7in belirlenen <strong>tasar\u0131m konsepti<\/strong> \u00e7er\u00e7evesinde <strong>en iyi tasar\u0131m\u0131 olu\u015fturmak<\/strong> i\u00e7in yar\u0131\u015facaklard\u0131r. <u>Bu ba\u011flamda, sadece ekip liderinin 40 ya\u015f ve alt\u0131 olmas\u0131 zorunlu ve yeterlidir<\/u>. <strong>40 ya\u015f\u0131n \u00fcst\u00fcndeki<\/strong> kat\u0131l\u0131mc\u0131lar e<strong>kipte ekip lideri olmamak<\/strong> suretiyle yer alabilir.<\/p>\n<p>&#8211; Ekipte en az bir<strong> mimar\u0131n\/i\u00e7 mimar\u0131n<\/strong> bir ofiste \u00e7al\u0131\u015f\u0131yor olmas\u0131 ve <strong>bu ofisin dan\u0131\u015fman<\/strong> olarak g\u00f6sterilmesi gerekmektedir.<\/p>\n<p>&#8211; Ekip lideri <strong>Mimarlar\/\u0130\u00e7 mimarlar odas\u0131na<\/strong> kay\u0131tl\u0131 olmak zorundad\u0131r.<\/p>\n<h2><strong>Yar\u0131\u015fmaya kat\u0131l\u0131m sa\u011flamak \u00fczere kat\u0131l\u0131m formunu doldurmak ve kat\u0131l\u0131m ko\u015fullar\u0131n\u0131 detayl\u0131ca incelemek i\u00e7in l\u00fctfen<\/strong><a href=\"https:\/\/www.altincekul.com\/mimkatilim\" target=\"_blank\" rel=\"nofollow noopener\"> <strong>T\u0131klay\u0131n&gt;&gt;&gt;<\/strong><\/a><\/h2>\n<h2><strong><u>Yar\u0131\u015fma J\u00fcrisi<\/u><\/strong><\/h2>\n<p>(S\u0131ralama soyadlara g\u00f6re alfabetik s\u0131radad\u0131r.)<\/p>\n<p><strong>Do\u00e7. Dr. Ece Ceylan Baba \/ <\/strong>Yeditepe \u00dcni. Mimarl\u0131k B\u00f6l\u00fcm\u00fc Ba\u015fkan\u0131<\/p>\n<p><strong>Sibel Dalokay Bozer<\/strong> <strong>\/<\/strong> \u0130stanbul Serbest Mimarlar Derne\u011fi Y\u00f6netim Kurulu Ba\u015fkan\u0131<\/p>\n<p><strong>Kurtul Erkmen \/ <\/strong>Mimar \u2013 AURA \u0130stanbul Y\u00f6netim Kurulu Ba\u015fkan\u0131<\/p>\n<p><strong>Ay\u015fe Hasol Erktin \/ <\/strong>Mimar<\/p>\n<p><strong>G\u00fcl\u00e7in \u0130pek \/ <\/strong>Sekt\u00f6r Uzman\u0131 \u2013 Mimar<\/p>\n<p><strong>Dr. Mehmet Murat Ulu\u011f \/<\/strong> Mimar<\/p>\n<p><em>(J\u00fcri \u00fcyelerinin birinci derece yak\u0131nlar\u0131 yar\u0131\u015fmaya kat\u0131lamaz. )<\/em><\/p>\n<h2><strong><u>Yar\u0131\u015fma Takvimi<\/u><\/strong><\/h2>\n<p><strong>Projelerin Son<\/strong> Teslim Tarihi: <strong>15 Ekim 2020 (saat 23:59&#8217;a kadar)<\/strong><\/p>\n<p>J\u00fcri <strong>1&#8217;inci A\u015fama<\/strong> De\u011ferlendirmesi: <strong>19-23 Ekim 2020<\/strong><\/p>\n<p><strong>\u2018K\u0131saliste&#8217;nin<\/strong> Duyurulmas\u0131: <strong>26 Ekim 2020<\/strong><\/p>\n<p>J\u00fcri<strong> 2&#8217;inci A\u015fama<\/strong> De\u011ferlendirmesi: <strong>9-13 Kas\u0131m 2020<\/strong><\/p>\n<p><strong>Kazananlar\u0131n<\/strong> A\u00e7\u0131klanmas\u0131: <strong>16 Kas\u0131m 2020<\/strong><\/p>\n<h2><strong><u>Yar\u0131\u015fma Sponsorlar\u0131<\/u><\/strong><\/h2>\n<p><a href=\"http:\/\/mutasyon.com.tr\/\" target=\"_blank\" rel=\"nofollow noopener\">MUTASYON PREKAST<\/a> (Alt\u0131n Sponsor)<\/p>\n<p><a href=\"https:\/\/www.sandeco.com.tr\/\" target=\"_blank\" rel=\"nofollow noopener\">SAN DECO<\/a> (G\u00fcm\u00fc\u015f Sponsor)<\/p>\n<p><a href=\"https:\/\/www.doerken.com\/tr\/index.php\" target=\"_blank\" rel=\"nofollow noopener\">D\u00d6RKEN S\u0130STEM<\/a> (G\u00fcm\u00fc\u015f Sponsor)<\/p>\n<h2><strong><u>\u00d6d\u00fcl Programlar\u0131<\/u><\/strong><\/h2>\n<h3><strong>MUTASYON PREKAST \u00d6D\u00dcL PROGRAMI:<\/strong><\/h3>\n<p>Derece alan yar\u0131\u015fmac\u0131lara <strong>1 y\u0131l boyunca<\/strong> Mutasyon Prekast \u00fcr\u00fcnleriyle ilgili teknik dan\u0131\u015fmanl\u0131k ve tasarlayacaklar\u0131 projelerde tercih edecekleri \u00fcr\u00fcnlerde 1000 metrekareye kadar \u00f6zel indirim.<\/p>\n<h3><strong>SAN DECO \u00d6D\u00dcL PROGRAMI:<\/strong><\/h3>\n<p>Kazananlar aras\u0131nda ortak belirlenecek bir fuara \/ tasar\u0131m haftas\u0131na seyahat.<\/p>\n<p>Venedik Mimarl\u0131k Bienali 2021 (22 May\u0131s \u2013 21 Kas\u0131m 2021)<\/p>\n<p>Berlin Tasar\u0131m Haftas\u0131 2021 (7 -16 May\u0131s 2021)<\/p>\n<p>Mu\u0308nih BAU 2021 (11-16 Ocak 2021)<\/p>\n<p>(Program olarak bu u\u0308\u00e7 opsiyondan biri se\u00e7ilecektir.)<\/p>\n<p>*Bu \u00d6du\u0308l program\u0131 yerel ve global pandemi su\u0308recine ba\u011fl\u0131 olarak ileride de\u011fi\u015fkenlik g\u00f6sterebilir.<\/p>\n<h4><strong>1&#8217;\u0130NC\u0130L\u0130K \u00d6D\u00dcL\u00dc<\/strong><\/h4>\n<p>3 ki\u015filik 4 gu\u0308nlu\u0308k seyahat (3 GECE 4 G\u00dcN)<\/p>\n<p>Konaklama + U\u00e7ak Bileti + Fuar Bedelleri dahil.<\/p>\n<h4><strong>2&#8217;\u0130NC\u0130L\u0130K \u00d6D\u00dcL\u00dc<\/strong><\/h4>\n<p>2 ki\u015filik 4 gu\u0308nlu\u0308k seyahat (3 GECE 4 G\u00dcN)<\/p>\n<p>Konaklama + U\u00e7ak Bileti + Fuar Bedelleri dahil.<\/p>\n<h4><strong>3&#8217;\u00dcNC\u00dcL\u00dcK \u00d6D\u00dcL\u00dc<\/strong><\/h4>\n<p>2 ki\u015filik 4 gu\u0308nlu\u0308k seyahat (3 GECE 4 G\u00dcN)<\/p>\n<p>Konaklama + U\u00e7ak Bileti + Fuar Bedelleri dahil.<\/p>\n<h2><strong>D\u00d6RKEN S\u0130STEM \u00d6D\u00dcL PROGRAMI:<\/strong><\/h2>\n<p>Derece alan yar\u0131\u015fmac\u0131lara<strong> 1 y\u0131l<\/strong> boyunca <strong>D\u00f6rken Sistem u\u0308ru\u0308nleri<\/strong>yle ilgili <strong>teknik dan\u0131\u015fmanl\u0131k<\/strong> ve <strong>tercih<\/strong> edecekleri u\u0308ru\u0308nlerde <strong>\u00f6zel indirim<\/strong>.<\/p>\n<h2><strong>YAPI KATALO\u011eU \u00d6D\u00dcL\u00dc<\/strong><\/h2>\n<p>Derece alan yar\u0131\u015fmac\u0131lara<strong> 1 senelik tan\u0131t\u0131m hizmeti paketi<\/strong> yar\u0131\u015fma \u015fartnamesine <strong><a href=\"https:\/\/www.altincekul.com\/mimkatilim\" target=\"_blank\" rel=\"nofollow noopener\">Ula\u015fmak \u0130\u00e7in TIKLAYIN&gt;&gt;&gt;<\/a><\/strong><\/p>","protected":false},"excerpt":{"rendered":"<p>Sorry, this entry is only available in Turkish. For the sake of viewer convenience, the content is shown below in the alternative language. You may click the link to switch the active language. 40 ya\u015f alt\u0131 mimar ve i\u00e7 mimarlar\u0131n ki\u015fisel ya da ekipler halinde kat\u0131l\u0131m g\u00f6sterebilece\u011fi, bu sene YAPI KATALO\u011eU \u00e7at\u0131s\u0131 alt\u0131nda 26.s\u0131 d\u00fczenlenen [&hellip;]<\/p>\n","protected":false},"author":1,"featured_media":120102,"comment_status":"open","ping_status":"open","sticky":false,"template":"","format":"standard","meta":[],"categories":[53,49],"tags":[79081,79076,52259,79079,79080,79078,79077,79075],"views":100,"_links":{"self":[{"href":"https:\/\/www.enerjigazetesi.ist\/en\/wp-json\/wp\/v2\/posts\/120096"}],"collection":[{"href":"https:\/\/www.enerjigazetesi.ist\/en\/wp-json\/wp\/v2\/posts"}],"about":[{"href":"https:\/\/www.enerjigazetesi.ist\/en\/wp-json\/wp\/v2\/types\/post"}],"author":[{"embeddable":true,"href":"https:\/\/www.enerjigazetesi.ist\/en\/wp-json\/wp\/v2\/users\/1"}],"replies":[{"embeddable":true,"href":"https:\/\/www.enerjigazetesi.ist\/en\/wp-json\/wp\/v2\/comments?post=120096"}],"version-history":[{"count":0,"href":"https:\/\/www.enerjigazetesi.ist\/en\/wp-json\/wp\/v2\/posts\/120096\/revisions"}],"wp:featuredmedia":[{"embeddable":true,"href":"https:\/\/www.enerjigazetesi.ist\/en\/wp-json\/wp\/v2\/media\/120102"}],"wp:attachment":[{"href":"https:\/\/www.enerjigazetesi.ist\/en\/wp-json\/wp\/v2\/media?parent=120096"}],"wp:term":[{"taxonomy":"category","embeddable":true,"href":"https:\/\/www.enerjigazetesi.ist\/en\/wp-json\/wp\/v2\/categories?post=120096"},{"taxonomy":"post_tag","embeddable":true,"href":"https:\/\/www.enerjigazetesi.ist\/en\/wp-json\/wp\/v2\/tags?post=120096"}],"curies":[{"name":"wp","href":"https:\/\/api.w.org\/{rel}","templated":true}]}}