{"id":120047,"date":"2020-09-10T15:11:33","date_gmt":"2020-09-10T12:11:33","guid":{"rendered":"https:\/\/www.enerjigazetesi.ist\/?p=120047"},"modified":"2020-09-10T15:22:11","modified_gmt":"2020-09-10T12:22:11","slug":"form-fancoil-urun-gami-musteri-ihtiyaclarina-gore-optimize-edildi","status":"publish","type":"post","link":"https:\/\/www.enerjigazetesi.ist\/en\/form-fancoil-urun-gami-musteri-ihtiyaclarina-gore-optimize-edildi\/","title":{"rendered":"(Turkish) Form Fancoil \u00dcr\u00fcn Gam\u0131 M\u00fc\u015fteri \u0130htiya\u00e7lar\u0131na G\u00f6re Optimize Edildi"},"content":{"rendered":"<p class=\"qtranxs-available-languages-message qtranxs-available-languages-message-en\">Sorry, this entry is only available in <a href=\"https:\/\/www.enerjigazetesi.ist\/tr\/wp-json\/wp\/v2\/posts\/120047\" class=\"qtranxs-available-language-link qtranxs-available-language-link-tr\" title=\"Turkish\">Turkish<\/a>. For the sake of viewer convenience, the content is shown below in the alternative language. You may click the link to switch the active language.<\/p><p><\/p>\n<h1><strong>\u0130klimlendirme sekt\u00f6r\u00fcn\u00fcn \u00f6nc\u00fclerinden Form \u015eirketler Grubu, 2018 y\u0131l\u0131ndan g\u00fcn\u00fcm\u00fcze \u00fcretimi ger\u00e7ekle\u015ftirdi\u011fi Form Fancoil \u00fcnitelerini, 55 y\u0131ll\u0131k tecr\u00fcbesi ve AR-GE \u00e7al\u0131\u015fmalar\u0131ndan gelen g\u00fc\u00e7le daha verimli ve ergonomik hale getirdi. Form Fancoil, kompakt yap\u0131s\u0131 ve y\u00fcksek teknolojisi sayesinde ofis, AVM, otel, konut, hastane, okul gibi mahallerin \u0131s\u0131tma, so\u011futma ve <img loading=\"lazy\" class=\"alignright wp-image-120049\" src=\"https:\/\/www.enerjigazetesi.ist\/wp-content\/uploads\/2020\/09\/form-fancoil-urun-gami-musteri-ihtiyaclarina-gore-optimize-edildi.jpg\" alt=\"\" width=\"320\" height=\"351\" srcset=\"https:\/\/www.enerjigazetesi.ist\/wp-content\/uploads\/2020\/09\/form-fancoil-urun-gami-musteri-ihtiyaclarina-gore-optimize-edildi.jpg 521w, https:\/\/www.enerjigazetesi.ist\/wp-content\/uploads\/2020\/09\/form-fancoil-urun-gami-musteri-ihtiyaclarina-gore-optimize-edildi-273x300.jpg 273w, https:\/\/www.enerjigazetesi.ist\/wp-content\/uploads\/2020\/09\/form-fancoil-urun-gami-musteri-ihtiyaclarina-gore-optimize-edildi-364x400.jpg 364w, https:\/\/www.enerjigazetesi.ist\/wp-content\/uploads\/2020\/09\/form-fancoil-urun-gami-musteri-ihtiyaclarina-gore-optimize-edildi-46x50.jpg 46w\" sizes=\"(max-width: 320px) 100vw, 320px\" \/>havaland\u0131rma ihtiya\u00e7lar\u0131n\u0131 kar\u015f\u0131l\u0131yor.<\/strong><\/h1>\n<p><strong>Form End\u00fcstri \u00dcr\u00fcnleri<\/strong>\u2019nin \u00fcr\u00fcn gam\u0131nda bulunan <strong>Form Fancoil<\/strong>, m\u00fc\u015fteri ihtiya\u00e7lar\u0131na y\u00f6nelik olarak eklenen yeni \u00f6zellikleri ile kapal\u0131 alanlar\u0131 daha etkili bir \u015fekilde iklimlendiriyor. Form\u2019un <strong>AR-GE <\/strong>ve <strong>yerli \u00fcretime<\/strong> verdi\u011fi de\u011ferle optimize edilen <strong>Form Fancoil serisi<\/strong> ile mekanlar <strong>d\u00fc\u015f\u00fck enerji t\u00fcketimli<\/strong> ve <strong>y\u00fcksek konforlu iklimlendirme<\/strong>yle bulu\u015fuyor. Form Fancoil \u00fcst\u00fcn performans\u0131, <em>y\u00fcksek verimlilik de\u011ferleri, sessiz \u00e7al\u0131\u015fma \u00f6zelli\u011fi, dayan\u0131kl\u0131l\u0131\u011f\u0131, ince ergonomik boyutlar\u0131<\/em> ve <strong>d\u00fc\u015f\u00fck bak\u0131m maliyetleri<\/strong> ile \u00f6ne \u00e7\u0131k\u0131yor.<\/p>\n<h2><strong>Yenilenen kapasite aral\u0131klar\u0131 ve boyutuyla Form Fancoil serisi<\/strong><\/h2>\n<p>Kullan\u0131m tercihleri g\u00f6z \u00f6n\u00fcnde bulundurularak <strong>optimizasyonu<\/strong> ger\u00e7ekle\u015ftirilen <strong>Form Fancoil<\/strong>, yeni <strong>kapasite aral\u0131klar\u0131<\/strong> ve <strong>boyutuyla<\/strong> kullan\u0131m<strong> esnekli\u011fi<\/strong> ve <strong>enerji tasarrufu<\/strong> sa\u011fl\u0131yor. Form Fancoil, kullan\u0131c\u0131lara <strong>2-12 kW aral\u0131\u011f\u0131nda 5 farkl\u0131 kapasitede<\/strong> se\u00e7enekler yer al\u0131yor.<\/p>\n<p>\u0130nce tasar\u0131m\u0131 sayesinde estetik bir g\u00f6r\u00fcn\u00fcme sahip olan <strong>Form Fancoil<\/strong>, montaj kolayl\u0131\u011f\u0131 ve mimari a\u00e7\u0131dan kullan\u0131m esnekli\u011fi sa\u011fl\u0131yor. \u0130\u00e7i boyal\u0131 ve d\u0131\u015f k\u0131sm\u0131nda<strong> 6 mm kal\u0131nl\u0131\u011f\u0131<\/strong>nda izolasyona sahip olan Form Fancoil, <strong>T\u00dcB\u0130TAK onayl\u0131<\/strong><em> sessiz \u00e7al\u0131\u015fma \u00f6zelli\u011fi<\/em> ile <strong>konfor seviyesi<\/strong>ni artt\u0131r\u0131yor. \u00d6te yandan <strong>standart drenaj tavas\u0131<\/strong>n\u0131n yan\u0131 s\u0131ra ekstra olarak sunulan <strong>ek drenaj tavas\u0131<\/strong> ile <strong>tesisat montaj kolayl\u0131\u011f\u0131<\/strong> sa\u011fl\u0131yor.<\/p>","protected":false},"excerpt":{"rendered":"<p>Sorry, this entry is only available in Turkish. For the sake of viewer convenience, the content is shown below in the alternative language. You may click the link to switch the active language. \u0130klimlendirme sekt\u00f6r\u00fcn\u00fcn \u00f6nc\u00fclerinden Form \u015eirketler Grubu, 2018 y\u0131l\u0131ndan g\u00fcn\u00fcm\u00fcze \u00fcretimi ger\u00e7ekle\u015ftirdi\u011fi Form Fancoil \u00fcnitelerini, 55 y\u0131ll\u0131k tecr\u00fcbesi ve AR-GE \u00e7al\u0131\u015fmalar\u0131ndan gelen g\u00fc\u00e7le [&hellip;]<\/p>\n","protected":false},"author":1,"featured_media":120049,"comment_status":"open","ping_status":"open","sticky":false,"template":"","format":"standard","meta":[],"categories":[51,53,52],"tags":[11683,2541,52259,45036,79026,79027,79025,3191,53499,77765],"views":185,"_links":{"self":[{"href":"https:\/\/www.enerjigazetesi.ist\/en\/wp-json\/wp\/v2\/posts\/120047"}],"collection":[{"href":"https:\/\/www.enerjigazetesi.ist\/en\/wp-json\/wp\/v2\/posts"}],"about":[{"href":"https:\/\/www.enerjigazetesi.ist\/en\/wp-json\/wp\/v2\/types\/post"}],"author":[{"embeddable":true,"href":"https:\/\/www.enerjigazetesi.ist\/en\/wp-json\/wp\/v2\/users\/1"}],"replies":[{"embeddable":true,"href":"https:\/\/www.enerjigazetesi.ist\/en\/wp-json\/wp\/v2\/comments?post=120047"}],"version-history":[{"count":0,"href":"https:\/\/www.enerjigazetesi.ist\/en\/wp-json\/wp\/v2\/posts\/120047\/revisions"}],"wp:featuredmedia":[{"embeddable":true,"href":"https:\/\/www.enerjigazetesi.ist\/en\/wp-json\/wp\/v2\/media\/120049"}],"wp:attachment":[{"href":"https:\/\/www.enerjigazetesi.ist\/en\/wp-json\/wp\/v2\/media?parent=120047"}],"wp:term":[{"taxonomy":"category","embeddable":true,"href":"https:\/\/www.enerjigazetesi.ist\/en\/wp-json\/wp\/v2\/categories?post=120047"},{"taxonomy":"post_tag","embeddable":true,"href":"https:\/\/www.enerjigazetesi.ist\/en\/wp-json\/wp\/v2\/tags?post=120047"}],"curies":[{"name":"wp","href":"https:\/\/api.w.org\/{rel}","templated":true}]}}