{"id":120018,"date":"2020-09-10T12:20:31","date_gmt":"2020-09-10T09:20:31","guid":{"rendered":"https:\/\/www.enerjigazetesi.ist\/?p=120018"},"modified":"2020-09-10T12:20:31","modified_gmt":"2020-09-10T09:20:31","slug":"500-bin-evden-sobayi-kaldirdi-hedefi-yenilenebilir-enerjide-lider-olmak","status":"publish","type":"post","link":"https:\/\/www.enerjigazetesi.ist\/en\/500-bin-evden-sobayi-kaldirdi-hedefi-yenilenebilir-enerjide-lider-olmak\/","title":{"rendered":"(Turkish) 500 Bin Evden Sobay\u0131 Kald\u0131rd\u0131 Hedefi Yenilenebilir Enerjide Lider Olmak!"},"content":{"rendered":"<p class=\"qtranxs-available-languages-message qtranxs-available-languages-message-en\">Sorry, this entry is only available in <a href=\"https:\/\/www.enerjigazetesi.ist\/tr\/wp-json\/wp\/v2\/posts\/120018\" class=\"qtranxs-available-language-link qtranxs-available-language-link-tr\" title=\"Turkish\">Turkish<\/a>. For the sake of viewer convenience, the content is shown below in the alternative language. You may click the link to switch the active language.<\/p><p><\/p>\n<h1><strong>T\u00fcrkiye\u2019de do\u011falgaz d\u00f6n\u00fc\u015f\u00fcm\u00fcn\u00fcn \u00f6nc\u00fcs\u00fc olan ve 500 bin evi do\u011falgazla bulu\u015fturan \u00dc\u00c7AY Grup, 20 y\u0131l\u0131 a\u015fk\u0131n tecr\u00fcbesi ile elektromekanik, in\u015faat, yenilenebilir enerji, \u0131s\u0131tma ve so\u011futma sistemleri alan\u0131ndaki \u015firketleriyle b\u00fcy\u00fcmeye devam ediyor. Kuruldu\u011fu g\u00fcnden beri 500 bin evden sobay\u0131 kald\u0131rd\u0131klar\u0131n\u0131 belirten \u00dc\u00c7AY Grup CEO\u2019su Turan \u015eakac\u0131, gelecek 5 y\u0131lda en az 150 bin haneyi de do\u011falgazla bulu\u015fturup, T\u00fcrkiye\u2019nin hava kalitesine ve t\u00fcketicilerin tasarruf etmesine daha da \u00e7ok katk\u0131da bulunacaklar\u0131n\u0131 s\u00f6yledi. Gelece\u011fe yat\u0131r\u0131m yapt\u0131klar\u0131n\u0131n alt\u0131n\u0131 \u00e7izen \u015eakac\u0131, nihai hedeflerinin yenilenebilir enerji kaynaklar\u0131n\u0131 kullanmada T\u00fcrkiye\u2019nin en b\u00fcy\u00fck \u00f6nc\u00fc kurulu\u015fu olmak oldu\u011funu ve bu y\u00f6nde de Ar-Ge \u00e7al\u0131\u015fmalar\u0131n\u0131n h\u0131zla devam etti\u011fini belirtti. <\/strong><\/h1>\n<p><strong>20 y\u0131l\u0131 a\u015fk\u0131n<\/strong> tecr\u00fcbesiyle T\u00fcrkiye\u2019de <strong>500 bin evi<\/strong> do\u011falgaz ile tan\u0131\u015ft\u0131ran <strong>mekanik ve end\u00fcstriyel m\u00fchendislik sekt\u00f6r\u00fc<\/strong>n\u00fcn \u00f6nde gelen \u015firketlerini b\u00fcnyesinde bar\u0131ndan <strong>\u00dc\u00c7AY Grup<\/strong>, 24 \u015fehirdeki 51 <img loading=\"lazy\" class=\"alignright wp-image-120020\" src=\"https:\/\/www.enerjigazetesi.ist\/wp-content\/uploads\/2020\/09\/500-bin-evden-sobayi-kaldirdi-hedefi-yenilenebilir-enerjide-lider-olmak-2.jpg\" alt=\"\" width=\"320\" height=\"214\" srcset=\"https:\/\/www.enerjigazetesi.ist\/wp-content\/uploads\/2020\/09\/500-bin-evden-sobayi-kaldirdi-hedefi-yenilenebilir-enerjide-lider-olmak-2.jpg 731w, https:\/\/www.enerjigazetesi.ist\/wp-content\/uploads\/2020\/09\/500-bin-evden-sobayi-kaldirdi-hedefi-yenilenebilir-enerjide-lider-olmak-2-300x200.jpg 300w, https:\/\/www.enerjigazetesi.ist\/wp-content\/uploads\/2020\/09\/500-bin-evden-sobayi-kaldirdi-hedefi-yenilenebilir-enerjide-lider-olmak-2-500x334.jpg 500w, https:\/\/www.enerjigazetesi.ist\/wp-content\/uploads\/2020\/09\/500-bin-evden-sobayi-kaldirdi-hedefi-yenilenebilir-enerjide-lider-olmak-2-75x50.jpg 75w, https:\/\/www.enerjigazetesi.ist\/wp-content\/uploads\/2020\/09\/500-bin-evden-sobayi-kaldirdi-hedefi-yenilenebilir-enerjide-lider-olmak-2-450x300.jpg 450w\" sizes=\"(max-width: 320px) 100vw, 320px\" \/>\u015fubesi ve y\u00fczlerce personeli ile <strong>bireysel do\u011falgaz m\u00fchendislik sekt\u00f6r\u00fc<\/strong>nde b\u00fcy\u00fcmeyi s\u00fcrd\u00fcr\u00fcyor. T\u00fcrkiye\u2019nin bir\u00e7ok \u015fehrinde do\u011falgaz\u0131n yay\u0131lmas\u0131na \u00f6nc\u00fcl\u00fck eden <strong>\u00dc\u00c7AY Grup\u2019<\/strong>un faaliyet alanlar\u0131n\u0131 geni\u015fletti\u011fini belirten <strong>Grup CEO\u2019su Turan \u015eakac\u0131<\/strong>, <em>\u201cDo\u011falgaz d\u00f6n\u00fc\u015f\u00fcm\u00fc ba\u015fta olmak \u00fczere, e<strong>lektromekanik, in\u015faat, yenilenebilir enerji, \u0131s\u0131tma ve so\u011futma sistemleri<\/strong>nde T\u00fcrkiye\u2019nin en b\u00fcy\u00fck topluluklar\u0131ndan biriyiz. \u00dc\u00e7ay M\u00fchendislik \u015firketimiz, do\u011falgaz d\u00f6n\u00fc\u015f\u00fcm\u00fcnde T\u00fcrkiye\u2019nin a\u00e7\u0131k ara en \u00e7ok projeye imza atan \u015firketidir. Bug\u00fcne kadar <strong>500 bin <\/strong>evi do\u011falgaz ile tan\u0131\u015ft\u0131rd\u0131k. Gelecek be\u015f y\u0131lda da <strong>en az 150 bin<\/strong> haneyi do\u011falgaz ile bulu\u015fturmay\u0131 planl\u0131yoruz. Bu; 500 bin evden soban\u0131n kalkmas\u0131 ve T\u00fcrkiye\u2019nin hava kalitesinin artmas\u0131 anlam\u0131na geliyor. <strong>D\u00fcnya Sa\u011fl\u0131k \u00d6rg\u00fct\u00fc\u2019n\u00fcn (WHO)<\/strong> a\u00e7\u0131klad\u0131\u011f\u0131 verilere g\u00f6re d\u00fcnya n\u00fcfusunun <strong>% 91\u2019i<\/strong> hava kalitesi s\u0131n\u0131r\u0131n\u0131n a\u015f\u0131ld\u0131\u011f\u0131 yerlerde ya\u015f\u0131yor. Bu da beraberinde sa\u011fl\u0131k sorunlar\u0131n\u0131 getiriyor<strong>. \u00dc\u00e7ay M\u00fchendislik<\/strong> yapt\u0131\u011f\u0131 her d\u00f6n\u00fc\u015f\u00fcm ile T\u00fcrkiye\u2019nin hava kalitesinin y\u00fckselmesine katk\u0131 sa\u011flam\u0131\u015ft\u0131r\u201d<\/em> ifadelerini kulland\u0131.<\/p>\n<h2><strong>\u201cBU YIL HEDEF\u0130M\u0130Z 30 B\u0130N EV\u201d <\/strong><\/h2>\n<p><strong>Pandemi s\u00fcresince<\/strong> insanlar\u0131n zoraki olarak evlere kapand\u0131\u011f\u0131n\u0131 belirten <strong>Turan \u015eakac\u0131, <\/strong>\u201c<em>\u00d6zellikle pandemi etkisiyle insanlarda ev konforu \u00e7ok \u00f6nemli hale geldi. Bu konforun en \u00f6nemli k\u0131sm\u0131 da do\u011falgaz \u0131s\u0131tma sistemleri. Dolay\u0131s\u0131yla sahada talepler art\u0131yor ve biz de bu y\u0131l hedeflerimizi daha da y\u00fckselttik. <strong>2020 y\u0131l\u0131 sonuna kadar<\/strong> toplamda <strong>30 bin<\/strong> haneyi do\u011falgazla bulu\u015fturmay\u0131 hedefliyoruz<\/em>\u201d ifadelerini kulland\u0131.<\/p>\n<h2><strong>\u201c\u0130STANBUL DEPREM\u0130NE G\u00dcVEN\u0130L\u0130R YAPILAR \u0130N\u015eA EDEREK HAZIRLANIYORUZ\u201d<\/strong><\/h2>\n<p><strong>\u00dc\u00c7AY Grup<\/strong>\u2019un di\u011fer i\u015ftiraklerinden <strong>\u00dc\u00e7ay Elektromekanik&#8217;<\/strong>in m\u00fchendislik alan\u0131nda olu\u015fan tecr\u00fcbe ile faaliyetlerini s\u00fcrd\u00fcrd\u00fc\u011f\u00fcn\u00fc belirten <strong>Turan \u015eakac\u0131<\/strong>, T\u00fcrkiye\u2019nin \u00f6nde gelen in\u015faat firmalar\u0131na elektro-mekanik taahh\u00fct hizmetleri verdiklerini dile getirdi. <strong>Sinpa\u015f<\/strong> ve <strong>Tahincio\u011flu<\/strong> gibi firmalar\u0131n <strong>\u00e7\u00f6z\u00fcm orta\u011f\u0131<\/strong> olduklar\u0131n\u0131 s\u00f6yledi. <strong>\u00dc\u00e7ay \u0130n\u015faat<\/strong> ile \u00f6zellikle kentsel d\u00f6n\u00fc\u015f\u00fcm s\u00fcrecine katk\u0131 sa\u011flamak istediklerinin alt\u0131n\u0131 \u00e7izen Turan \u015eakac\u0131 s\u00f6zlerini \u015f\u00f6yle s\u00fcrd\u00fcrd\u00fc; <em>\u201cBilim insanlar\u0131m\u0131z olas\u0131 bir <strong>\u0130stanbul depremine kar\u015f\u0131 haz\u0131rl\u0131kl\u0131 olmam\u0131z<\/strong> gerekti\u011fini s\u00f6yl\u00fcyor. Bu haz\u0131rl\u0131klar\u0131n en \u00f6nemlisi mevcut yap\u0131 stokunun yenilenmesidir. <strong>\u00dc\u00e7ay \u0130n\u015faat<\/strong>, m\u00fchendislik sekt\u00f6r\u00fcndeki tecr\u00fcbesi ile g\u00fcvenilir ve konforlu yap\u0131lar in\u015fa ediyor. <strong>Elektromekanik <\/strong>ve<strong> in\u015faat sekt\u00f6rlerinde<\/strong> \u00f6rnek projelere imza at\u0131yoruz. Yak\u0131n d\u00f6nemde bunlara yenisini ekleyece\u011fiz.\u201d<\/em><\/p>\n<h2><strong>POSTMODERN TEKN\u0130K TOPTANCILIK KAVRAMINI YARATTIK<\/strong><\/h2>\n<p>Grubun son yat\u0131r\u0131m\u0131 <strong>ISOMER Is\u0131tma So\u011futma Merkezi\u2019<\/strong>nin sundu\u011fu hizmetler ve bayilik sistemi ile bir\u00e7ok ilke imza att\u0131\u011f\u0131n\u0131 vurgulayan <strong>\u00dc\u00e7ay Grup CEO\u2019su Turan \u015eakac\u0131<\/strong>,\u00a0<strong>ISOMER<\/strong> \u00e7at\u0131s\u0131 alt\u0131nda <strong>Verimli Enerji \u00c7\u00f6z\u00fcmleri<\/strong> (VE\u00c7) ve <strong>Is\u0131 Pompas\u0131 Global<\/strong> giri\u015fimleri ile s\u00fcrekli <strong>Ar-Ge \u00e7al\u0131\u015fmalar\u0131<\/strong> i\u00e7inde olduklar\u0131n\u0131 belirterek, bin <strong>400\u2019e yak\u0131n bayi a\u011f\u0131na<\/strong> sekt\u00f6rde \u00f6rne\u011fi olmayan kapsay\u0131c\u0131l\u0131kta hizmet verdiklerini s\u00f6yledi ve sistemi \u015fu s\u00f6zlerle anlatt\u0131: \u201c<em>ISOMER Is\u0131tma So\u011futma Merkezi, \u00e7al\u0131\u015ft\u0131\u011f\u0131 bayilere \u00fcr\u00fcn tedarik etmekle kalmay\u0131p <strong>Teknik Hizmetler Departman\u0131<\/strong> arac\u0131l\u0131\u011f\u0131 ile m\u00fchendislik deste\u011fi de sunmaktad\u0131r. Bununla birlikte bayilerimiz ihtiya\u00e7 duyduklar\u0131 <strong>e\u011fitim, sat\u0131\u015f ve pazarlama deste\u011fi hizmetleri de<\/strong> ISOMER Is\u0131tma So\u011futma Merkezi\u2019mizin profesyonel ekipleri taraf\u0131ndan verilmektedir. Sekt\u00f6rde hen\u00fcz b\u00f6yle bir yap\u0131 olmad\u0131\u011f\u0131ndan ISOMER Is\u0131tma So\u011futma Merkezi, \u2018<strong>Postmodern Teknik Toptanc\u0131l\u0131k\u201d <\/strong>sistemini \u00fclkemize kazand\u0131ran ilk ve tek kurulu\u015ftur.\u201d<\/em><\/p>\n<h2><strong>\u201cN\u0130HA\u0130 HEDEF\u0130M\u0130Z: YEN\u0130LENEB\u0130L\u0130R ENERJ\u0130\u201d<\/strong><\/h2>\n<p>Do\u011falgaz ile ba\u015flayan enerji d\u00f6n\u00fc\u015f\u00fcm hik\u00e2yelerinin, yenilenebilir enerji kaynaklar\u0131yla devam edece\u011finin alt\u0131n\u0131 \u00e7izen <strong>\u00dc\u00e7ay Grup CEO\u2019su Turan \u015eakac\u0131 Verimli Enerji \u00c7\u00f6z\u00fcmleri <\/strong>(VE\u00c7) birimindeki \u00e7al\u0131\u015fmalar\u0131n s\u00fcrd\u00fcrd\u00fc\u011f\u00fcn\u00fc belirterek<strong>;<\/strong> <em>\u201c\u00d6n\u00fcm\u00fczdeki <strong>5 y\u0131l<\/strong> i\u00e7erisinde \u2018<strong>fotovoltaik g\u00fcne\u015f enerjisi sistemleri<\/strong>nde\u2019 ve <strong>yenilenebilir enerji kaynaklar\u0131<\/strong> taahh\u00fcd\u00fcnde T\u00fcrkiye\u2019nin <strong>en b\u00fcy\u00fck firmalar\u0131ndan birisi olmak<\/strong> istiyoruz. <strong>Yenilenebilir enerji kaynaklar\u0131<\/strong> alan\u0131nda ciddi bir oyuncu olarak \u00fclkemizin istihdam\u0131na ve g<strong>en\u00e7 m\u00fchendislerimizin<\/strong> yeti\u015ftirilmesine de \u00f6nemli katk\u0131larda bulunaca\u011f\u0131z. \u00d6te yandan yine gelecekte t\u00fcm evlerin ihtiyac\u0131 haline gelecek<strong> elektrikli ara\u00e7 \u015farj istasyonu kurulumu<\/strong> konusunda da \u00e7al\u0131\u015fmalar\u0131m\u0131z devam etmektedir. T\u00fcm bu yenilik\u00e7i hamlelerimizle sadece bug\u00fcn\u00fcn de\u011fil gelece\u011fin en iyi \u015firketi olarak her zaman rakiplerimizin birka\u00e7 ad\u0131m \u00f6n\u00fcnde yer almay\u0131 hedefliyoruz\u201d<\/em> \u015feklinde konu\u015ftu.<\/p>","protected":false},"excerpt":{"rendered":"<p>Sorry, this entry is only available in Turkish. For the sake of viewer convenience, the content is shown below in the alternative language. You may click the link to switch the active language. T\u00fcrkiye\u2019de do\u011falgaz d\u00f6n\u00fc\u015f\u00fcm\u00fcn\u00fcn \u00f6nc\u00fcs\u00fc olan ve 500 bin evi do\u011falgazla bulu\u015fturan \u00dc\u00c7AY Grup, 20 y\u0131l\u0131 a\u015fk\u0131n tecr\u00fcbesi ile elektromekanik, in\u015faat, yenilenebilir enerji, [&hellip;]<\/p>\n","protected":false},"author":1,"featured_media":120021,"comment_status":"open","ping_status":"open","sticky":false,"template":"","format":"standard","meta":[],"categories":[46,51,53,49],"tags":[10180,54036,5070,52259,53157,5902,78980,42355,78976,78983,78982,34977,78977,78979,78975,78978,78981,105,26829],"views":84,"_links":{"self":[{"href":"https:\/\/www.enerjigazetesi.ist\/en\/wp-json\/wp\/v2\/posts\/120018"}],"collection":[{"href":"https:\/\/www.enerjigazetesi.ist\/en\/wp-json\/wp\/v2\/posts"}],"about":[{"href":"https:\/\/www.enerjigazetesi.ist\/en\/wp-json\/wp\/v2\/types\/post"}],"author":[{"embeddable":true,"href":"https:\/\/www.enerjigazetesi.ist\/en\/wp-json\/wp\/v2\/users\/1"}],"replies":[{"embeddable":true,"href":"https:\/\/www.enerjigazetesi.ist\/en\/wp-json\/wp\/v2\/comments?post=120018"}],"version-history":[{"count":0,"href":"https:\/\/www.enerjigazetesi.ist\/en\/wp-json\/wp\/v2\/posts\/120018\/revisions"}],"wp:featuredmedia":[{"embeddable":true,"href":"https:\/\/www.enerjigazetesi.ist\/en\/wp-json\/wp\/v2\/media\/120021"}],"wp:attachment":[{"href":"https:\/\/www.enerjigazetesi.ist\/en\/wp-json\/wp\/v2\/media?parent=120018"}],"wp:term":[{"taxonomy":"category","embeddable":true,"href":"https:\/\/www.enerjigazetesi.ist\/en\/wp-json\/wp\/v2\/categories?post=120018"},{"taxonomy":"post_tag","embeddable":true,"href":"https:\/\/www.enerjigazetesi.ist\/en\/wp-json\/wp\/v2\/tags?post=120018"}],"curies":[{"name":"wp","href":"https:\/\/api.w.org\/{rel}","templated":true}]}}