{"id":119945,"date":"2020-09-09T12:03:41","date_gmt":"2020-09-09T09:03:41","guid":{"rendered":"https:\/\/www.enerjigazetesi.ist\/?p=119945"},"modified":"2020-09-09T12:03:41","modified_gmt":"2020-09-09T09:03:41","slug":"ruzgar-enerjisi-turkiye-de-1000-lerce-kisiye-istihdam-sagliyor","status":"publish","type":"post","link":"https:\/\/www.enerjigazetesi.ist\/en\/ruzgar-enerjisi-turkiye-de-1000-lerce-kisiye-istihdam-sagliyor\/","title":{"rendered":"(Turkish) R\u00fczgar Enerjisi T\u00fcrkiye&#8217;de 1000&#8217;lerce Ki\u015fiye \u0130stihdam Sa\u011fl\u0131yor"},"content":{"rendered":"<p class=\"qtranxs-available-languages-message qtranxs-available-languages-message-en\">Sorry, this entry is only available in <a href=\"https:\/\/www.enerjigazetesi.ist\/tr\/wp-json\/wp\/v2\/posts\/119945\" class=\"qtranxs-available-language-link qtranxs-available-language-link-tr\" title=\"Turkish\">Turkish<\/a>. For the sake of viewer convenience, the content is shown below in the alternative language. You may click the link to switch the active language.<\/p><p><\/p>\n<h1><strong>R\u00fczgar enerji kapasitesinin %90\u2019\u0131n\u0131n\u0131 karadan elde eden Avrupa, 2050 y\u0131l\u0131na kadar 750 GW kurulu kara r\u00fczgar\u0131 g\u00fcc\u00fcn\u00fc hedefliyor. Yerel enerji kayna\u011f\u0131 kara r\u00fczgarlar\u0131nda T\u00fcrkiye\u2019nin de s\u00f6z sahibi olabilece\u011fini aktaran \u00dclke Enerji Genel M\u00fcd\u00fcr\u00fc Ali Ayd\u0131n, \u00fclkemizde yakla\u015f\u0131k 17 bin ki\u015finin istihdam edildi\u011fi r\u00fczgar enerjisine deste\u011fin gerekti\u011fini belirtiyor.<\/strong><\/h1>\n<p>Gelece\u011fin enerjisi olarak g\u00f6r\u00fclen r\u00fczgar, <strong>yeni enerji \u00fcretimleri<\/strong> aras\u0131nda <strong>en ucuz kayna\u011f\u0131<\/strong> <img loading=\"lazy\" class=\"alignright wp-image-119947\" src=\"https:\/\/www.enerjigazetesi.ist\/wp-content\/uploads\/2020\/09\/ruzgar-enerjisi-turkiye-de-1000-lerce-kisiye-istihdam-sagliyor-2.jpg\" alt=\"\" width=\"320\" height=\"206\" srcset=\"https:\/\/www.enerjigazetesi.ist\/wp-content\/uploads\/2020\/09\/ruzgar-enerjisi-turkiye-de-1000-lerce-kisiye-istihdam-sagliyor-2.jpg 757w, https:\/\/www.enerjigazetesi.ist\/wp-content\/uploads\/2020\/09\/ruzgar-enerjisi-turkiye-de-1000-lerce-kisiye-istihdam-sagliyor-2-300x193.jpg 300w, https:\/\/www.enerjigazetesi.ist\/wp-content\/uploads\/2020\/09\/ruzgar-enerjisi-turkiye-de-1000-lerce-kisiye-istihdam-sagliyor-2-500x322.jpg 500w, https:\/\/www.enerjigazetesi.ist\/wp-content\/uploads\/2020\/09\/ruzgar-enerjisi-turkiye-de-1000-lerce-kisiye-istihdam-sagliyor-2-78x50.jpg 78w\" sizes=\"(max-width: 320px) 100vw, 320px\" \/>olu\u015fturuyor. \u00d6zellikle karadan esen yerel kayna\u011f\u0131n <strong>ekonomik buhranlarda<\/strong> bile sa\u011flad\u0131\u011f\u0131 faydalar \u00fclkelere her a\u00e7\u0131dan ciddi avantajlar sa\u011fl\u0131yor. \u00d6yle ki, <strong>kara r\u00fczgar\u0131<\/strong>nda \u00f6nemli paya sahip olan Avrupa, <strong>2050\u2019ye<\/strong> kadar<strong> 750 GW<\/strong> kurulu <strong>kara r\u00fczgar\u0131 enerjisi<\/strong> kapasitesine ula\u015fmay\u0131 hedefliyor. Avrupa\u2019da <strong>r\u00fczgar enerjisi<\/strong>nin yakla\u015f\u0131k <strong>300 bin ki\u015fiye istihdam sa\u011flad\u0131\u011f\u0131<\/strong>n\u0131 ve <strong>r\u00fczgar santralleri<\/strong> yak\u0131n\u0131nda ya\u015fayanlar\u0131n yakla\u015f\u0131k<strong> %80<\/strong>\u2019inin de <strong>r\u00fczgar enerjisini destekledi\u011fi<\/strong>ni belirten <strong>\u00dclke Enerji<\/strong>\u2019nin Genel M\u00fcd\u00fcr\u00fc <strong>Ali Ayd\u0131n<\/strong>\u2019a g\u00f6re, sahip oldu\u011fu <strong>8,3 GW<\/strong> kurulu <strong>r\u00fczgar enerjisi kapasitesi<\/strong>nin tamam\u0131n\u0131 karadan alan T\u00fcrkiye\u2019nin, <strong>yerel enerji kayna\u011f\u0131 r\u00fczgar\u0131n<\/strong> sa\u011flad\u0131\u011f\u0131 faydalara inanarak destek \u00e7\u0131kmas\u0131 gerekiyor.<\/p>\n<h2><strong>R\u00fczgar Enerjisi T\u00fcrkiye\u2019de 17 Bin, Avrupa\u2019da 300 Bin Ki\u015fiye \u0130stihdam Sa\u011fl\u0131yor<\/strong><strong><br \/>\n<\/strong><\/h2>\n<p><strong>Sa\u011flad\u0131\u011f\u0131 istihdam<\/strong> ile gelecekteki meslekler aras\u0131nda kendine yer edinen <strong>r\u00fczgar enerjisi<\/strong> hem <strong>T\u00fcrkiye\u2019de<\/strong> hem de <strong>Avrupa\u2019da<\/strong> \u00f6nemli bir ekonomiye kaynak olu\u015fturuyor. <strong>R\u00fczgar\u0131n enerjiye d\u00f6n\u00fc\u015fmesi<\/strong>ni sa\u011flayan<strong> t\u00fcrbinlerin \u00fcretimi<\/strong>nde,<strong> santrallerin i\u015fletilmesi<\/strong>nde ve <strong>t\u00fcrbinlerin bak\u0131mlar\u0131nda<\/strong> bir\u00e7ok ki\u015fi yer al\u0131rken, Avrupa\u2019da<strong> 300 bin<\/strong>, T\u00fcrkiye\u2019de ise yakla\u015f\u0131k <strong>17 bin ki\u015fi<\/strong> r\u00fczgar enerjisi alan\u0131nda istihdam ediliyor. Avrupa\u2019da r\u00fczgar\u0131n ekonomiye <strong>37 milyar euro destek<\/strong> sa\u011flayabildi\u011fine dikkat \u00e7eken <strong>Ali Ayd\u0131n<\/strong>, \u00fcretiminin <strong>ucuz <\/strong>ve<strong> yerel<\/strong> oldu\u011fu, yaratt\u0131\u011f\u0131 ekonomik alan ile fark yaratan ve <strong>en \u00e7evreci enerji kayna\u011f\u0131<\/strong> olabilen r\u00fczgara \u00fclkemizde de deste\u011fin giderek artmas\u0131n\u0131n gerekti\u011fini belirtiyor.<\/p>\n<h2><strong>\u00c7evreci, S\u00fcrd\u00fcr\u00fclebilir ve Teknolojik Enerji Kayna\u011f\u0131<\/strong><\/h2>\n<p><strong>R\u00fczgar enerjisi<\/strong> \u00fczerindeki tan\u0131mlamalar\u0131 sonuna kadar verebilen bir enerji olarak yoluna devam ediyor. <strong>Sera gaz\u0131 yaymamas\u0131<\/strong>, \u00e7evresindeki <strong>habitat<\/strong> ve <strong>t\u00fcrler<\/strong> \u00fczerindeki <strong>minimum etkisi, suyu kirletmemesi, kara r\u00fczgar\u0131 enerjisinin \u00e7evrecili\u011fi<\/strong>ni ortaya \u00e7\u0131kard\u0131\u011f\u0131n\u0131 belirten <strong>Ali Ayd\u0131n<\/strong>, bir r\u00fczgar t\u00fcrbinin <strong>%85-90<\/strong>\u2019\u0131n\u0131n geri d\u00f6n\u00fc\u015ft\u00fcr\u00fclebilir oldu\u011funu aktar\u0131yor. <strong>R\u00fczgar t\u00fcrbinleri<\/strong>nin standart \u00f6m\u00fcrlerinin <strong>25 y\u0131l<\/strong> oldu\u011funu ve teknolojinin etkisiyle de <strong>daha az t\u00fcrbin<\/strong> ile <strong>daha fazla enerji \u00e7\u0131kt\u0131s\u0131n\u0131n al\u0131nabildi\u011fi<\/strong>ni ifade eden Ayd\u0131n, r\u00fczgar enerjisi sekt\u00f6r\u00fcn\u00fcn gelirinin bir k\u0131sm\u0131n\u0131 <strong>Ar-Ge\u2019ye<\/strong> yat\u0131rd\u0131\u011f\u0131n\u0131 ve <strong>enerji kaynaklar\u0131<\/strong> aras\u0131nda <strong>en teknolojiye a\u00e7\u0131k kaynak oldu\u011funu<\/strong> dile getiriyor.<\/p>\n<h2><strong>Kara R\u00fczgar\u0131nda S\u00f6z Sahibi Olmak \u0130\u00e7in Destek Gerekiyor<\/strong><\/h2>\n<p>\u00dclkemizde \u00f6zellikle <strong>mevcut yenilenebilir enerji santralleri<\/strong>ne<strong> mali destek<\/strong> ve <strong>yeni projelere de<\/strong> <strong>kredi finansman\u0131<\/strong> sa\u011flayan<strong> YEKDEM\u2019e<\/strong> ba\u015fvurular\u0131n <strong>Aral\u0131k ay\u0131nda<\/strong> son bulaca\u011f\u0131na dikkat \u00e7eken <strong>Ali Ayd\u0131n<\/strong>, t\u00fcrbin temininde ya\u015fanan s\u0131k\u0131nt\u0131lar\u0131n <strong>yeni projelerin biti\u015f tarihini etkileyece\u011fi<\/strong>ni ve finansman i\u00e7in <strong>YEKDEM\u2019e<\/strong> yeti\u015fememe durumlar\u0131n\u0131n oldu\u011funu belirtiyor. <strong>R\u00fczgar yat\u0131r\u0131mlar\u0131<\/strong>ndaki bu olumsuzlu\u011fun giderilmesi ad\u0131na <strong>T\u00fcrkiye R\u00fczgar Enerjisi Birli\u011fi\u2019nin (T\u00dcREB)<\/strong> r\u00fczgar enerjisi sekt\u00f6r\u00fc ad\u0131na yetkili kurumlardan talep etti\u011fi<strong> \u201cm\u00fccbir sebep\u201d<\/strong> karar\u0131na destek verdiklerini de belirten Ayd\u0131n, \u00fclkemizin <strong>temiz enerjisinin gerilememesi<\/strong> ve <strong>kara r\u00fczgar\u0131nda s\u00f6z sahibi olabilmesi<\/strong> i\u00e7in buna ihtiya\u00e7 oldu\u011funu ifade ediyor.<\/p>","protected":false},"excerpt":{"rendered":"<p>Sorry, this entry is only available in Turkish. For the sake of viewer convenience, the content is shown below in the alternative language. You may click the link to switch the active language. R\u00fczgar enerji kapasitesinin %90\u2019\u0131n\u0131n\u0131 karadan elde eden Avrupa, 2050 y\u0131l\u0131na kadar 750 GW kurulu kara r\u00fczgar\u0131 g\u00fcc\u00fcn\u00fc hedefliyor. Yerel enerji kayna\u011f\u0131 kara [&hellip;]<\/p>\n","protected":false},"author":1,"featured_media":119948,"comment_status":"open","ping_status":"open","sticky":false,"template":"","format":"standard","meta":[],"categories":[51,53,50],"tags":[45446,5070,52259,78865,35002,53282,6439,71986,45445,42316],"views":79,"_links":{"self":[{"href":"https:\/\/www.enerjigazetesi.ist\/en\/wp-json\/wp\/v2\/posts\/119945"}],"collection":[{"href":"https:\/\/www.enerjigazetesi.ist\/en\/wp-json\/wp\/v2\/posts"}],"about":[{"href":"https:\/\/www.enerjigazetesi.ist\/en\/wp-json\/wp\/v2\/types\/post"}],"author":[{"embeddable":true,"href":"https:\/\/www.enerjigazetesi.ist\/en\/wp-json\/wp\/v2\/users\/1"}],"replies":[{"embeddable":true,"href":"https:\/\/www.enerjigazetesi.ist\/en\/wp-json\/wp\/v2\/comments?post=119945"}],"version-history":[{"count":0,"href":"https:\/\/www.enerjigazetesi.ist\/en\/wp-json\/wp\/v2\/posts\/119945\/revisions"}],"wp:featuredmedia":[{"embeddable":true,"href":"https:\/\/www.enerjigazetesi.ist\/en\/wp-json\/wp\/v2\/media\/119948"}],"wp:attachment":[{"href":"https:\/\/www.enerjigazetesi.ist\/en\/wp-json\/wp\/v2\/media?parent=119945"}],"wp:term":[{"taxonomy":"category","embeddable":true,"href":"https:\/\/www.enerjigazetesi.ist\/en\/wp-json\/wp\/v2\/categories?post=119945"},{"taxonomy":"post_tag","embeddable":true,"href":"https:\/\/www.enerjigazetesi.ist\/en\/wp-json\/wp\/v2\/tags?post=119945"}],"curies":[{"name":"wp","href":"https:\/\/api.w.org\/{rel}","templated":true}]}}