{"id":119910,"date":"2020-09-09T10:04:25","date_gmt":"2020-09-09T07:04:25","guid":{"rendered":"https:\/\/www.enerjigazetesi.ist\/?p=119910"},"modified":"2020-09-09T10:06:21","modified_gmt":"2020-09-09T07:06:21","slug":"aydem-elektrik-dijital-seminer-serisi-duzenliyor","status":"publish","type":"post","link":"https:\/\/www.enerjigazetesi.ist\/en\/aydem-elektrik-dijital-seminer-serisi-duzenliyor\/","title":{"rendered":"(Turkish) &#8217;Aydem Elektrik&#8217;in Dijital Seminerler Serisi 09 Eyl\u00fcl Saat: 16:30&#8217;da Ba\u015fl\u0131yor!"},"content":{"rendered":"<p class=\"qtranxs-available-languages-message qtranxs-available-languages-message-en\">Sorry, this entry is only available in <a href=\"https:\/\/www.enerjigazetesi.ist\/tr\/wp-json\/wp\/v2\/posts\/119910\" class=\"qtranxs-available-language-link qtranxs-available-language-link-tr\" title=\"Turkish\">Turkish<\/a>. For the sake of viewer convenience, the content is shown below in the alternative language. You may click the link to switch the active language.<\/p><p><\/p>\n<h1>Aydem Elektrik Perakende, alan\u0131nda uzman konuklarla yeni tip koronavir\u00fcs d\u00f6neminde \u00f6ne \u00e7\u0131kan konular\u0131n da ele al\u0131naca\u011f\u0131\u00a0&#8220;Enerjik Sohbetler&#8221; dijital seminer serisini ba\u015flatt\u0131.<\/h1>\n<p>\u015eirketten yap\u0131lan a\u00e7\u0131klamaya g\u00f6re, <strong>kobi ve kurumsal m\u00fc\u015fterilerine<\/strong>\u00a0<strong>enerji\u00a0tedarik hizmetleri<\/strong>nde <img loading=\"lazy\" class=\"alignright wp-image-119912\" src=\"https:\/\/www.enerjigazetesi.ist\/wp-content\/uploads\/2020\/09\/aydem-elektrik-dijital-seminer-serisi-duzenliyor.jpg\" alt=\"\" width=\"320\" height=\"213\" srcset=\"https:\/\/www.enerjigazetesi.ist\/wp-content\/uploads\/2020\/09\/aydem-elektrik-dijital-seminer-serisi-duzenliyor.jpg 609w, https:\/\/www.enerjigazetesi.ist\/wp-content\/uploads\/2020\/09\/aydem-elektrik-dijital-seminer-serisi-duzenliyor-300x200.jpg 300w, https:\/\/www.enerjigazetesi.ist\/wp-content\/uploads\/2020\/09\/aydem-elektrik-dijital-seminer-serisi-duzenliyor-500x333.jpg 500w, https:\/\/www.enerjigazetesi.ist\/wp-content\/uploads\/2020\/09\/aydem-elektrik-dijital-seminer-serisi-duzenliyor-75x50.jpg 75w, https:\/\/www.enerjigazetesi.ist\/wp-content\/uploads\/2020\/09\/aydem-elektrik-dijital-seminer-serisi-duzenliyor-450x300.jpg 450w\" sizes=\"(max-width: 320px) 100vw, 320px\" \/>\u00e7\u00f6z\u00fcm orta\u011f\u0131 olarak etkili bir ileti\u015fim\u00a0hedefleyen <strong>Aydem Elektrik Perakende<\/strong>, salg\u0131n d\u00f6neminde \u00f6ne \u00e7\u0131kan konular\u0131n da ele al\u0131naca\u011f\u0131 sohbetler d\u00fczenleyecek.<\/p>\n<p>S\u00f6z konusu sohbetlerde, <strong>finansal piyasalardan<\/strong> <strong>yeni normalde sat\u0131\u015f teknikleri<\/strong>ne,<strong> kriz y\u00f6netiminden i\u015fletme geli\u015fimine<\/strong> kadar pek \u00e7ok konuya yer verilecek.<\/p>\n<p>Serinin ilk yay\u0131n\u0131, <strong>09 Eyl\u00fcl 2020<\/strong> saat <strong>16.30<\/strong>&#8216;da <strong>Ege Sanayicileri ve \u0130\u015fadamlar\u0131\u00a0Derne\u011fi<\/strong> Y\u00f6netim Kurulu Ba\u015fkan\u0131 <strong>Fad\u0131l Sivri<\/strong>&#8216;nin kat\u0131l\u0131m\u0131yla ger\u00e7ekle\u015ftirilecek. Yay\u0131mlanacak <strong>ilk dijital seminerin<\/strong> konusu <strong>&#8220;\u0130zmir ve \u0130zmir&#8217;deki \u0130\u015f Hayat\u0131&#8221;<\/strong> olacak.<\/p>\n<p>Di\u011fer yandan, serinin yay\u0131nlar\u0131 &#8220;<a href=\"http:\/\/yayinda.tv\/enerjiksohbetler\/login\" target=\"_blank\" rel=\"nofollow noopener\">yayinda.tv\/enerjiksohbetler\/login<\/a>&#8221; sayfas\u0131nda ger\u00e7ekle\u015ftirilecek. Yay\u0131n program\u0131 ve detayl\u0131 bilgileri &#8220;<a href=\"http:\/\/www.aydemperakende.com.tr\" target=\"_blank\" rel=\"nofollow noopener\">www.aydemperakende.com.tr<\/a>&#8221; web sitesinden takip edilebilirsiniz.<\/p>","protected":false},"excerpt":{"rendered":"<p>Sorry, this entry is only available in Turkish. For the sake of viewer convenience, the content is shown below in the alternative language. You may click the link to switch the active language. Aydem Elektrik Perakende, alan\u0131nda uzman konuklarla yeni tip koronavir\u00fcs d\u00f6neminde \u00f6ne \u00e7\u0131kan konular\u0131n da ele al\u0131naca\u011f\u0131\u00a0&#8220;Enerjik Sohbetler&#8221; dijital seminer serisini ba\u015flatt\u0131. \u015eirketten [&hellip;]<\/p>\n","protected":false},"author":1,"featured_media":119912,"comment_status":"open","ping_status":"open","sticky":false,"template":"","format":"standard","meta":[],"categories":[51,53],"tags":[74458,78823,78827,78825,53114,52259,78824,78822,78826,78821],"views":113,"_links":{"self":[{"href":"https:\/\/www.enerjigazetesi.ist\/en\/wp-json\/wp\/v2\/posts\/119910"}],"collection":[{"href":"https:\/\/www.enerjigazetesi.ist\/en\/wp-json\/wp\/v2\/posts"}],"about":[{"href":"https:\/\/www.enerjigazetesi.ist\/en\/wp-json\/wp\/v2\/types\/post"}],"author":[{"embeddable":true,"href":"https:\/\/www.enerjigazetesi.ist\/en\/wp-json\/wp\/v2\/users\/1"}],"replies":[{"embeddable":true,"href":"https:\/\/www.enerjigazetesi.ist\/en\/wp-json\/wp\/v2\/comments?post=119910"}],"version-history":[{"count":0,"href":"https:\/\/www.enerjigazetesi.ist\/en\/wp-json\/wp\/v2\/posts\/119910\/revisions"}],"wp:featuredmedia":[{"embeddable":true,"href":"https:\/\/www.enerjigazetesi.ist\/en\/wp-json\/wp\/v2\/media\/119912"}],"wp:attachment":[{"href":"https:\/\/www.enerjigazetesi.ist\/en\/wp-json\/wp\/v2\/media?parent=119910"}],"wp:term":[{"taxonomy":"category","embeddable":true,"href":"https:\/\/www.enerjigazetesi.ist\/en\/wp-json\/wp\/v2\/categories?post=119910"},{"taxonomy":"post_tag","embeddable":true,"href":"https:\/\/www.enerjigazetesi.ist\/en\/wp-json\/wp\/v2\/tags?post=119910"}],"curies":[{"name":"wp","href":"https:\/\/api.w.org\/{rel}","templated":true}]}}