{"id":119847,"date":"2020-09-07T14:43:10","date_gmt":"2020-09-07T11:43:10","guid":{"rendered":"https:\/\/www.enerjigazetesi.ist\/?p=119847"},"modified":"2020-09-07T14:43:59","modified_gmt":"2020-09-07T11:43:59","slug":"demirdokum-turkiyeyi-kaskad-cihazlarda-uretim-ussu-yapiyoruz","status":"publish","type":"post","link":"https:\/\/www.enerjigazetesi.ist\/en\/demirdokum-turkiyeyi-kaskad-cihazlarda-uretim-ussu-yapiyoruz\/","title":{"rendered":"(Turkish) DemirD\u00f6k\u00fcm: &#8220;T\u00fcrkiye&#8217;yi Kaskad Cihazlarda \u00dcretim \u00dcss\u00fc Yap\u0131yoruz&#8221;"},"content":{"rendered":"<p class=\"qtranxs-available-languages-message qtranxs-available-languages-message-en\">Sorry, this entry is only available in <a href=\"https:\/\/www.enerjigazetesi.ist\/tr\/wp-json\/wp\/v2\/posts\/119847\" class=\"qtranxs-available-language-link qtranxs-available-language-link-tr\" title=\"Turkish\">Turkish<\/a>. For the sake of viewer convenience, the content is shown below in the alternative language. You may click the link to switch the active language.<\/p><p><\/p>\n<h1>Boz\u00fcy\u00fck fabrikas\u0131na d\u00fczenli olarak yat\u0131r\u0131m yapan DemirD\u00f6k\u00fcm, bu kez de y\u00fcksek kapasiteli (kaskad) cihazlar\u0131n \u00fcretimi i\u00e7in \u00f6nemli bir yat\u0131r\u0131mda bulundu. Yeni \u00fcretim hatt\u0131, makine park\u0131, altyap\u0131 ile i\u015f g\u00fcc\u00fc yat\u0131r\u0131mlar\u0131n\u0131 kapsayan bu dev proje kapsam\u0131nda DemirD\u00f6k\u00fcm, y\u0131l sonunda 10 bin adetlik bir \u00fcretime imza atacak ve \u00fcretilen cihazlar Avrupa \u00fclkeleri, \u00c7in ve Rusya\u2019n\u0131n da dahil oldu\u011fu geni\u015f bir co\u011frafyada <strong>29 \u00fclkeye ihra\u00e7<\/strong> edilecek. Bu yeni yat\u0131r\u0131mla birlikte T\u00fcrkiye,<strong> kaskad cihazlar\u0131n \u00fcretim \u00fcss\u00fc<\/strong> haline gelecek. DemirD\u00f6k\u00fcm, T\u00fcrkiye\u2019ye bir\u00e7ok a\u00e7\u0131dan katma de\u011fer sa\u011flayacak yeni yat\u0131r\u0131m\u0131yla ilgili detaylar\u0131 DemirD\u00f6k\u00fcm CEO\u2019su <strong>Alper Avdel<\/strong> ve Sat\u0131\u015f Direkt\u00f6r\u00fc <strong>Ufuk Atan<\/strong>\u2019\u0131n kat\u0131ld\u0131\u011f\u0131 toplant\u0131 ile payla\u015ft\u0131.<\/h1>\n<p>DemirD\u00f6k\u00fcm\u2019\u00fcn <strong>son 5 y\u0131lda<\/strong> T\u00fcrkiye\u2019de \u00fcretimini ger\u00e7ekle\u015ftirerek d\u00fcnyan\u0131n d\u00f6rt bir yan\u0131na ihra\u00e7 etti\u011fi \u00fcr\u00fcnleriyle \u00fcst \u00fcste rekora imza att\u0131\u011f\u0131n\u0131 belirten DemirD\u00f6k\u00fcm CEO\u2019su<strong> Alper Avdel<\/strong>; \u201c2 y\u0131l \u00f6nce <img loading=\"lazy\" class=\"alignright wp-image-119850\" src=\"https:\/\/www.enerjigazetesi.ist\/wp-content\/uploads\/2020\/09\/demirdokum-turkiyeyi-kaskad-cihazlarda-uretim-ussu-yapiyoruz-1.jpg\" alt=\"\" width=\"320\" height=\"213\" srcset=\"https:\/\/www.enerjigazetesi.ist\/wp-content\/uploads\/2020\/09\/demirdokum-turkiyeyi-kaskad-cihazlarda-uretim-ussu-yapiyoruz-1.jpg 656w, https:\/\/www.enerjigazetesi.ist\/wp-content\/uploads\/2020\/09\/demirdokum-turkiyeyi-kaskad-cihazlarda-uretim-ussu-yapiyoruz-1-300x200.jpg 300w, https:\/\/www.enerjigazetesi.ist\/wp-content\/uploads\/2020\/09\/demirdokum-turkiyeyi-kaskad-cihazlarda-uretim-ussu-yapiyoruz-1-500x333.jpg 500w, https:\/\/www.enerjigazetesi.ist\/wp-content\/uploads\/2020\/09\/demirdokum-turkiyeyi-kaskad-cihazlarda-uretim-ussu-yapiyoruz-1-75x50.jpg 75w, https:\/\/www.enerjigazetesi.ist\/wp-content\/uploads\/2020\/09\/demirdokum-turkiyeyi-kaskad-cihazlarda-uretim-ussu-yapiyoruz-1-450x300.jpg 450w\" sizes=\"(max-width: 320px) 100vw, 320px\" \/>grubumuzun ihracat \u015firketi <strong>Vaillant International<\/strong>&#8216;\u0131n y\u00f6netim sorumlulu\u011fu ve ihracat faaliyetlerinin y\u00f6netimi bize verilmi\u015fti. Ortado\u011fu\u2019dan ABD\u2019ye kadar d\u00fcnyadaki ihracat sorumlulu\u011funu \u00fcstlendik. T\u00fcrkiye&#8217;den d\u00fcnyaya yerli \u00fcretimimizi ihra\u00e7 etmemiz i\u00e7in sunulan bu f\u0131rsat\u0131 \u00e7ok iyi de\u011ferlendirdik. Bug\u00fcn T\u00fcrkiye\u2019den <strong>52 \u00fclkeye ihracat<\/strong> ger\u00e7ekle\u015ftiriyoruz. Sahip oldu\u011fumuz pazar liderliklerini farkl\u0131 \u00fclkelerde de elde etmek i\u00e7in \u00e7al\u0131\u015f\u0131yoruz. T\u00fcrkiye Cumhuriyetler dahil <strong>5 b\u00f6lgeye<\/strong> odakland\u0131k. \u0130lklerimize, elde etti\u011fimiz ba\u015far\u0131lara \u015fimdi daha b\u00fcy\u00fck bir sorumluluk ekledik\u201d dedi.<\/p>\n<p>Ya\u015fam alanlar\u0131n\u0131n de\u011fi\u015fim g\u00f6sterdi\u011fi g\u00fcn\u00fcm\u00fczde, <strong>merkezi do\u011falgaz sistemi<\/strong> ile <strong>\u0131s\u0131nan apartman, site, plaza gibi mekanlar i\u00e7in kaskad cihazlar\u0131n \u00f6nemi<\/strong>nin giderek artt\u0131\u011f\u0131n\u0131 belirten Avdel; \u201cYat\u0131r\u0131mlar\u0131m\u0131z\u0131 istikrarl\u0131 olarak devam ettiriyoruz. <strong>5 y\u0131lda<\/strong> toplam <strong>200 milyon TL<\/strong>\u2019lik yat\u0131r\u0131m yapt\u0131k. Her y\u0131l ciromuzun <strong>% 1,7<\/strong>\u2019sini <strong>Ar-Ge<\/strong>\u2019ye ay\u0131r\u0131yoruz ve gelece\u011fimize toplamda <strong>40 milyon TL<\/strong>\u2019lik d\u00fczenli yat\u0131r\u0131m ger\u00e7ekle\u015ftiriyoruz. Bu kapsamda ger\u00e7ekle\u015ftirdi\u011fimiz <strong>yeni kaskad yat\u0131r\u0131m\u0131<\/strong> ile grubumuzun kaskad cihazlar\u0131n\u0131n \u00fcretim sorumlulu\u011fu <strong>DemirD\u00f6k\u00fcm<\/strong>\u2019e emanet ediliyor. Bu \u00fcretim sadece T\u00fcrkiye pazar\u0131 i\u00e7in de\u011fil, <strong>t\u00fcm ihracat pazarlar\u0131<\/strong> ve grubumuzun faaliyet g\u00f6sterdi\u011fi t\u00fcm di\u011fer pazarlar i\u00e7in ge\u00e7erli olacak. <strong>Kaskad \u00fcretimi<\/strong>nde verilen bu sorumluluk ile <strong>T\u00fcrkiye\u2019yi grubumuzun kaskad \u00fcretim \u00fcss\u00fc<\/strong> yap\u0131yoruz\u201d a\u00e7\u0131klamas\u0131n\u0131 yapt\u0131.<\/p>\n<p>\u00dclkemizdeki <strong>toplu konut projeleri<\/strong> ve <strong>b\u00f6lge \u00fclkelerde y\u00fcr\u00fct\u00fclen<\/strong> projelerle birlikte <strong>kaskad sistem ihtiyac\u0131<\/strong>n\u0131n \u00f6n\u00fcm\u00fczdeki d\u00f6nemde daha fazla artaca\u011f\u0131n\u0131 \u00f6ng\u00f6rd\u00fcklerini belirten Alper Avdel \u015f\u00f6yle konu\u015ftu; \u201cSeri \u00fcretime ge\u00e7en cihazlar i\u00e7in bu s\u00fcre\u00e7te bir\u00e7ok \u00fclke ile g\u00f6r\u00fc\u015fme ger\u00e7ekle\u015ftirdik. Y\u0131l sonuna kadar <strong>10 bin<\/strong> adet <strong>kaskad cihaz\u0131 \u00fcretmeyi<\/strong> hedefliyoruz. Y\u00fcksek kapasiteli \u00fcr\u00fcnlerimiz i\u00e7in ilk sipari\u015fleri <strong>Avusturya, Bel\u00e7ika, \u00c7in, Almanya, \u0130spanya, Fransa, \u0130talya, Rusya\u2019dan<\/strong> ald\u0131k. DemirD\u00f6k\u00fcm \u00fcretimi olan cihazlar\u0131 T\u00fcrkiye\u2019den<strong> 29 \u00fclkeye<\/strong> ihra\u00e7 edece\u011fiz. <strong>Makina, \u00fcretim hatt\u0131, alt yap\u0131 ve yeni i\u015f g\u00fcc\u00fc<\/strong>n\u00fcn yan\u0131 s\u0131ra toplam gelirlerimiz i\u00e7erisinde <strong>%50<\/strong>&#8216;lik paya ula\u015fmas\u0131n\u0131 hedefledi\u011fimiz <strong>ihracat hedefi<\/strong>mize destek verecek bu<strong> giri\u015fim<\/strong> ile \u00fclkemize daha fazla katma de\u011fer yarataca\u011f\u0131z.\u201d<\/p>\n<p>Toplant\u0131da <strong>koronavir\u00fcs pandemisi s\u00fcresi<\/strong>nce y\u00fcr\u00fct\u00fclen \u00e7al\u0131\u015fmalarla ilgili bilgi payla\u015fan DemirD\u00f6k\u00fcm Sat\u0131\u015f Direkt\u00f6r\u00fc <span style=\"text-decoration: underline;\">Ufuk Atan;<\/span> \u201cBu s\u00fcre\u00e7te &#8216;Her ko\u015fulda DemirD\u00f6k\u00fcm yan\u0131nda&#8217; s\u00f6ylemiyle hareket ederek ilk g\u00fcnden itibaren \u00fcst d\u00fczey \u00f6nlemlerle \u00e7al\u0131\u015fanlar\u0131m\u0131z\u0131n, yetkili sat\u0131c\u0131m\u0131z\u0131n, servisimizin, m\u00fc\u015fterilerimizin yan\u0131nda olduk. Payda\u015flar\u0131m\u0131za y\u00f6nelik hayata ge\u00e7irdi\u011fimiz <strong>DemirD\u00f6k\u00fcm Akademi Program\u0131<\/strong>m\u0131zda t\u00fcm e\u011fitimlerimizi <strong>h\u0131zl\u0131ca online s\u0131n\u0131flara<\/strong> ta\u015f\u0131d\u0131k. Toplamda <strong>27 sanal s\u0131n\u0131f<\/strong> ve <strong>20 online e\u011fitim videosu<\/strong>nu k\u0131sa s\u00fcrede hayata ge\u00e7irdik. M\u00fc\u015fterilerimizin \u00fcr\u00fcnlerimize daha kolay ula\u015fabilmeleri ve hizmet alabilmeleri i\u00e7in h\u0131zl\u0131 bir <strong>dijital d\u00f6n\u00fc\u015f\u00fcm \u00e7al\u0131\u015fmas\u0131<\/strong>n\u0131 hayata ge\u00e7irdik, yeni bir m\u00fc\u015fteri deneyimi a\u011f\u0131 \u00f6rd\u00fck. M\u00fc\u015fterilerimiz, pandemi s\u00fcrecinde de 7 g\u00fcn 24 saat boyunca <strong>DemirD\u00f6k\u00fcm M\u00fc\u015fteri \u0130leti\u015fim Merkezi<\/strong>&#8216;nden ve i\u00e7eri\u011fini geli\u015ftirmeye devam etti\u011fimiz Whatsapp Destek Hatt\u0131\u2019ndan bize kesintisiz bir \u015fekilde ula\u015ft\u0131. Bu s\u00fcre\u00e7te Whatsapp Destek Hatt\u0131m\u0131za ek olarak yeni uygulamam\u0131z <strong>G\u00f6r\u00fcnt\u00fcl\u00fc Ke\u015fif Hizmeti<\/strong> ile t\u00fcketicilere bilgisayarlar\u0131 ya da ak\u0131l\u0131 telefonlar\u0131 arac\u0131l\u0131\u011f\u0131yla kombi ke\u015ffi i\u00e7in talep olu\u015fturma imk\u00e2n\u0131 sunduk. Yetkili sat\u0131c\u0131lar\u0131m\u0131z, <strong>24 saat i\u00e7erisinde<\/strong> gelen taleplere yan\u0131t verip video konferans \u00fczerinden dan\u0131\u015fmanl\u0131k hizmeti vererek en ge\u00e7 <strong>48 saat i\u00e7inde<\/strong> m\u00fc\u015fteri talebine ve mek\u00e2na uygun se\u00e7imleri sundu\u201d dedi.<\/p>\n<p>Haziran ay\u0131 itibar\u0131yla ba\u015flayan normalle\u015fme s\u00fcrecinin sat\u0131\u015flar\u0131 olumlu etkiledi\u011fini belirten Ufuk Atan, DemirD\u00f6k\u00fcm\u2019\u00fcn <strong>8 ayl\u0131k sat\u0131\u015f gelirleri<\/strong>ni de\u011ferlendirdi. <strong>Koronavir\u00fcs pandemisi<\/strong>nin iklimlendirme sekt\u00f6r\u00fcnde de derinden hissedildi\u011fini dile getiren Ufuk Atan; &#8220;Y\u0131l\u0131n ilk \u00e7eyre\u011finde \u00e7ok h\u0131zl\u0131 bir b\u00fcy\u00fcme yakalad\u0131k.<strong> 2&#8217;inci \u00e7eyre\u011fin<\/strong> ba\u015flang\u0131c\u0131nda ise k\u00fcresel \u00f6l\u00e7ekte \u00f6ng\u00f6r\u00fclemeyen bir s\u00fcrece girdik. Koronavir\u00fcs pandemisinin olumsuz etkilerini <strong>iklimlendirme sekt\u00f6r\u00fc<\/strong>nde de hissettik. Normalle\u015fmeyle beraber <strong>sosyal hayata kontroll\u00fc<\/strong> geri d\u00f6n\u00fc\u015f, gayrimenkul sekt\u00f6r\u00fc i\u00e7in ba\u015flat\u0131lan <strong>konut kredisi kampanyas\u0131<\/strong> ve <strong>kredi faizleri<\/strong>ndeki <strong>d\u00fc\u015f\u00fc\u015f<\/strong>, sekt\u00f6r\u00fcm\u00fcze olumlu yans\u0131d\u0131. <strong>Sat\u0131n alma, \u00f6deme ve sat\u0131\u015f sonras\u0131 hizmetler<\/strong>de hayata ge\u00e7irdi\u011fimiz \u00f6nc\u00fc i\u015fler, sundu\u011fumuz \u00f6deme f\u0131rsatlar\u0131 ve t\u00fcketicilerimiz ile kurdu\u011fumuz <strong>66 y\u0131ll\u0131k<\/strong> ba\u011f ile y\u0131l\u0131n ilk <strong>8 ay\u0131n\u0131<\/strong> sekt\u00f6r\u00fcn \u00fczerinde bir b\u00fcy\u00fcmeyle tamamlad\u0131k. <strong>Eyl\u00fcl ay\u0131<\/strong> itibar\u0131yla kombi sezonuna giri\u015f yapt\u0131k. Bu ivmeyi \u00f6n\u00fcm\u00fczdeki d\u00f6nemde de devam ettirerek y\u0131l\u0131 sekt\u00f6r\u00fcn \u00fczerinde b\u00fcy\u00fcme rakamlar\u0131yla tamamlamay\u0131 hedefliyoruz. <strong>DemirD\u00f6k\u00fcm<\/strong> olarak t\u00fcketicilerimize sundu\u011fumuz <strong>sat\u0131\u015f \u00f6ncesi<\/strong>,<strong> s\u0131ras\u0131<\/strong> ve <strong>sonras\u0131<\/strong> benzersiz hizmetlerimizin yan\u0131 s\u0131ra <strong>avantajl\u0131 \u00f6deme se\u00e7enekleri<\/strong> ile y\u0131l sonu hedefimiz pazar pay\u0131m\u0131z\u0131 art\u0131rarak liderli\u011fimizi peki\u015ftirmek\u201d a\u00e7\u0131klamalar\u0131nda bulundu.<\/p>","protected":false},"excerpt":{"rendered":"<p>Sorry, this entry is only available in Turkish. For the sake of viewer convenience, the content is shown below in the alternative language. You may click the link to switch the active language. Boz\u00fcy\u00fck fabrikas\u0131na d\u00fczenli olarak yat\u0131r\u0131m yapan DemirD\u00f6k\u00fcm, bu kez de y\u00fcksek kapasiteli (kaskad) cihazlar\u0131n \u00fcretimi i\u00e7in \u00f6nemli bir yat\u0131r\u0131mda bulundu. Yeni \u00fcretim [&hellip;]<\/p>\n","protected":false},"author":1,"featured_media":119850,"comment_status":"open","ping_status":"open","sticky":false,"template":"","format":"standard","meta":[],"categories":[46,53],"tags":[36997,11683,6535,39222,886,78751,78746,75533,54036,52259,71178,53499,78752,78749,78750,78745,78748,885,41701,78747,78744,78743],"views":76,"_links":{"self":[{"href":"https:\/\/www.enerjigazetesi.ist\/en\/wp-json\/wp\/v2\/posts\/119847"}],"collection":[{"href":"https:\/\/www.enerjigazetesi.ist\/en\/wp-json\/wp\/v2\/posts"}],"about":[{"href":"https:\/\/www.enerjigazetesi.ist\/en\/wp-json\/wp\/v2\/types\/post"}],"author":[{"embeddable":true,"href":"https:\/\/www.enerjigazetesi.ist\/en\/wp-json\/wp\/v2\/users\/1"}],"replies":[{"embeddable":true,"href":"https:\/\/www.enerjigazetesi.ist\/en\/wp-json\/wp\/v2\/comments?post=119847"}],"version-history":[{"count":0,"href":"https:\/\/www.enerjigazetesi.ist\/en\/wp-json\/wp\/v2\/posts\/119847\/revisions"}],"wp:featuredmedia":[{"embeddable":true,"href":"https:\/\/www.enerjigazetesi.ist\/en\/wp-json\/wp\/v2\/media\/119850"}],"wp:attachment":[{"href":"https:\/\/www.enerjigazetesi.ist\/en\/wp-json\/wp\/v2\/media?parent=119847"}],"wp:term":[{"taxonomy":"category","embeddable":true,"href":"https:\/\/www.enerjigazetesi.ist\/en\/wp-json\/wp\/v2\/categories?post=119847"},{"taxonomy":"post_tag","embeddable":true,"href":"https:\/\/www.enerjigazetesi.ist\/en\/wp-json\/wp\/v2\/tags?post=119847"}],"curies":[{"name":"wp","href":"https:\/\/api.w.org\/{rel}","templated":true}]}}