{"id":119723,"date":"2020-09-04T16:38:46","date_gmt":"2020-09-04T13:38:46","guid":{"rendered":"https:\/\/www.enerjigazetesi.ist\/?p=119723"},"modified":"2020-09-05T21:53:04","modified_gmt":"2020-09-05T18:53:04","slug":"dogal-varliklar-tarim-alanlari-ve-icme-suyu-havzalarimiz-zarar-gormesin","status":"publish","type":"post","link":"https:\/\/www.enerjigazetesi.ist\/en\/dogal-varliklar-tarim-alanlari-ve-icme-suyu-havzalarimiz-zarar-gormesin\/","title":{"rendered":"(Turkish) Do\u011fal Varl\u0131klar, Tar\u0131m Alanlar\u0131 ve \u0130\u00e7me Suyu Havzalar\u0131 Zarar G\u00f6rmesin!"},"content":{"rendered":"<p class=\"qtranxs-available-languages-message qtranxs-available-languages-message-en\">Sorry, this entry is only available in <a href=\"https:\/\/www.enerjigazetesi.ist\/tr\/wp-json\/wp\/v2\/posts\/119723\" class=\"qtranxs-available-language-link qtranxs-available-language-link-tr\" title=\"Turkish\">Turkish<\/a>. For the sake of viewer convenience, the content is shown below in the alternative language. You may click the link to switch the active language.<\/p><p><\/p>\n<h1><strong>TEMA Vakf\u0131, Maden ve Petrol Arama \u0130\u015fleri Genel M\u00fcd\u00fcrl\u00fc\u011f\u00fc (MAPEG) taraf\u0131ndan T\u00fcrkiye genelinde \u00e7\u0131k\u0131lan maden ihalelerine dikkat \u00e7ekti. 2019 Temmuz&#8217;undan g\u00fcn\u00fcm\u00fcze 2 bin 685 noktaya maden ihalesine \u00e7\u0131k\u0131ld\u0131\u011f\u0131n\u0131 ve ihaleye \u00e7\u0131kar\u0131lan alanlar\u0131n toplam\u0131n\u0131n Kayseri ilinden daha b\u00fcy\u00fck bir alana* denk geldi\u011fini belirten TEMA Vakf\u0131 Y\u00f6netim Kurulu Ba\u015fkan\u0131 Deniz Ata\u00e7; \u201cMadencilik faaliyetlerinden kanunlarla korunan tek bir do\u011fa koruma alan\u0131n\u0131n olmad\u0131\u011f\u0131 \u00fclkemizde, ihaleler, do\u011fa, tar\u0131m ve ya\u015fam alanlar\u0131n\u0131 tehlike alt\u0131na at\u0131yor\u201d dedi.<img loading=\"lazy\" class=\"alignright wp-image-119728\" src=\"https:\/\/www.enerjigazetesi.ist\/wp-content\/uploads\/2020\/09\/dogal-varliklar-tarim-alanlari-ve-icme-suyu-havzalarimiz-zarar-gormesin-1.jpg\" alt=\"\" width=\"320\" height=\"213\" srcset=\"https:\/\/www.enerjigazetesi.ist\/wp-content\/uploads\/2020\/09\/dogal-varliklar-tarim-alanlari-ve-icme-suyu-havzalarimiz-zarar-gormesin-1.jpg 732w, https:\/\/www.enerjigazetesi.ist\/wp-content\/uploads\/2020\/09\/dogal-varliklar-tarim-alanlari-ve-icme-suyu-havzalarimiz-zarar-gormesin-1-300x200.jpg 300w, https:\/\/www.enerjigazetesi.ist\/wp-content\/uploads\/2020\/09\/dogal-varliklar-tarim-alanlari-ve-icme-suyu-havzalarimiz-zarar-gormesin-1-500x333.jpg 500w, https:\/\/www.enerjigazetesi.ist\/wp-content\/uploads\/2020\/09\/dogal-varliklar-tarim-alanlari-ve-icme-suyu-havzalarimiz-zarar-gormesin-1-75x50.jpg 75w, https:\/\/www.enerjigazetesi.ist\/wp-content\/uploads\/2020\/09\/dogal-varliklar-tarim-alanlari-ve-icme-suyu-havzalarimiz-zarar-gormesin-1-450x300.jpg 450w\" sizes=\"(max-width: 320px) 100vw, 320px\" \/> <\/strong><\/h1>\n<p><strong>Maden ve Petrol \u0130\u015fleri Genel M\u00fcd\u00fcrl\u00fc\u011f\u00fc (MAPEG)<\/strong> 2019 y\u0131l\u0131n\u0131n Temmuz ay\u0131ndan g\u00fcn\u00fcm\u00fcze <strong>2 bin 685 noktada<\/strong> <em>maden ruhsat\u0131 ihalesi<\/em>ne \u00e7\u0131kt\u0131. <strong>TEMA Vakf\u0131<\/strong> ise ihale alanlar\u0131n\u0131n b\u00fcy\u00fck b\u00f6l\u00fcm\u00fcn\u00fcn korunan alan**, <strong>1&#8217;inci s\u0131n\u0131f<\/strong> tar\u0131m alan\u0131, b\u00fcy\u00fck <strong>ova, mera<\/strong> ve\u00a0<strong>i\u00e7me suyu havzas\u0131<\/strong> gibi T\u00fcrkiye\u2019nin bug\u00fcn\u00fc ve gelece\u011fi i\u00e7in c<strong>anl\u0131 t\u00fcr \u00e7e\u015fitlili\u011fi<\/strong>nin, <strong>tar\u0131msal \u00fcretim<\/strong>in ve <strong>i\u00e7me suyu ihtiyac\u0131<\/strong>n\u0131n teminat\u0131 olan alanlarda olmas\u0131na dikkat \u00e7ekiyor. Vak\u0131f, ihale edilen bu alanlarda <strong>madencilik faaliyetleri<\/strong>nin ba\u015flamas\u0131 halinde <strong>pek \u00e7ok b\u00f6lgede do\u011fal ya\u015fam\u0131n<\/strong>, <strong>insan ya\u015fam\u0131n\u0131n<\/strong> ve<strong> tar\u0131msal \u00fcretimin devaml\u0131l\u0131\u011f\u0131n\u0131n<\/strong> m\u00fcmk\u00fcn olmayaca\u011f\u0131n\u0131 vurguluyor.<\/p>\n<h2><strong>\u201cBug\u00fcn \u00fclkemizde, madencilik faaliyetlerine kar\u015f\u0131 kanunlarla korunan tek bir do\u011fa koruma alan\u0131 dahi bulunmuyor\u201d <\/strong><\/h2>\n<p><strong>\u0130haleye \u00e7\u0131kar\u0131lan alanlar\u0131n<\/strong> toplam\u0131n\u0131n <strong>Kayseri\u2019den<\/strong> daha b\u00fcy\u00fck bir alan\u0131 kaplad\u0131\u011f\u0131n\u0131 ifade eden <strong>TEMA Vakf\u0131<\/strong>, ihalelerin belli alanlarda <strong>yo\u011funla\u015fmas\u0131n\u0131n do\u011fal varl\u0131klar, tar\u0131m alanlar\u0131<\/strong> ve <strong>i\u00e7me suyu havzalar\u0131yla<\/strong> ilgili kayg\u0131lar\u0131 art\u0131rd\u0131\u011f\u0131n\u0131 belirtti. \u00d6yle ki <strong>tespit edilebilen rakamlara g\u00f6re<\/strong> sadece ge\u00e7en bir y\u0131lda Sivas\u2019ta <strong>135<\/strong>, K\u00fctahya\u2019da <strong>106<\/strong>, Mara\u015f ve Antalya\u2019da <strong>86<\/strong>, Afyon\u2019da <strong>69<\/strong>, Mu\u011fla\u2019da <strong>64<\/strong>, Elaz\u0131\u011f ve U\u015fak\u2019ta ise <strong>56<\/strong> alanda maden ihalesine \u00e7\u0131k\u0131ld\u0131.<\/p>\n<p><strong>MAPEG ihaleleri<\/strong>nin b\u00fcy\u00fck b\u00f6l\u00fcm\u00fcn\u00fc <strong>k\u00f6m\u00fcr ve metalik madencili\u011fi<\/strong>n yap\u0131ld\u0131\u011f\u0131<strong> IV&#8217;\u00fcnc\u00fc Grup madencilik ruhsatlar\u0131<\/strong> olu\u015fturuyor. Her 2 t\u00fcr <strong>madencilik faaliyeti<\/strong> de geni\u015f alanlarda <strong>do\u011fal alan, toprak<\/strong> ve <strong>su y\u0131k\u0131m\u0131na<\/strong> neden olan ve kontrol\u00fc zor olup kirlilik yaratan uygulamalar\u0131 i\u00e7eriyor.<strong> \u0130haleler<\/strong> <strong>T\u00fcrkiye\u2019nin k\u00f6m\u00fcr odakl\u0131 enerji politikalar\u0131<\/strong>n\u0131n yan\u0131 s\u0131ra <strong>yeni d\u00f6nem madencilik politikalar\u0131<\/strong>n\u0131n y\u00f6n\u00fcn\u00fc de i\u015faret ediyor.<\/p>\n<p><strong>Maden Kanunu<\/strong>\u2019nun <strong>2001 y\u0131l\u0131ndan<\/strong> bu yana <strong>21 kez de\u011fi\u015ftirildi\u011fini<\/strong> vurgulayan <strong>TEMA Vakf\u0131<\/strong> Y\u00f6netim Kurulu Ba\u015fkan\u0131 <strong>Deniz Ata\u00e7<\/strong> konuyla ilgili olarak; \u201cYa\u015fanan de\u011fi\u015fikliklerle her defas\u0131nda daha fazla <strong>do\u011fa<\/strong> ve <strong>tar\u0131m alan\u0131<\/strong>, <strong>su varl\u0131\u011f\u0131<\/strong> ve <strong>k\u00fclt\u00fcr miras\u0131<\/strong> <strong>madencilik faaliyetleri<\/strong>ne a\u00e7\u0131k hale getirildi. Bug\u00fcn maalesef \u00fclkemizde <strong>kanunlarla madencilik faaliyetleri<\/strong>nden korunan tek bir do\u011fa koruma alan\u0131, tar\u0131m alan\u0131 ya da<strong> i\u00e7me suyu havzas\u0131<\/strong> bulunmuyor.<\/p>\n<p><span style=\"text-decoration: underline;\">Mevcut maden mevzuat\u0131;<\/span> t\u00fcm <strong>do\u011fal ya\u015fam alanlar\u0131<\/strong>n\u0131,<strong> g\u0131da g\u00fcvencemiz<\/strong> olan <strong>tar\u0131m<\/strong> ve <strong>mera alanlar\u0131<\/strong>n\u0131, anayasa ile koruma alt\u0131na al\u0131nan ve <strong>temel bir insan hakk\u0131<\/strong> olan sa\u011fl\u0131kl\u0131 bir \u00e7evrede ya\u015fama ve <strong>temiz suya<\/strong> ula\u015fma hakk\u0131n\u0131 tehdit ediyor. <strong>Do\u011fal varl\u0131klar\u0131n<\/strong>, <strong>tar\u0131m alanlar\u0131n\u0131n<\/strong> ve<strong> i\u00e7me suyu havzalar\u0131n\u0131n<\/strong> kanunlarla madencilik faaliyetlerinden tamamen <span style=\"text-decoration: underline;\">korunmas\u0131 sa\u011flanmal\u0131yken;<\/span> \u00e7\u0131k\u0131lan ihalelerle daha fazla alan\u0131 <strong>madencilik faaliyetlerine<\/strong> a\u00e7mak<strong> \u00fclkemizin topra\u011f\u0131n\u0131<\/strong>,<strong> suyunu<\/strong> ve <strong>do\u011fal varl\u0131klar\u0131n\u0131 korumak<\/strong> i\u00e7in faaliyet g\u00f6steren bizleri endi\u015felendiriyor. <strong>Do\u011faya, insana<\/strong> ve <strong>tar\u0131msal \u00fcretime<\/strong> dost bir <strong>kamu yarar\u0131<\/strong> anla\u015f\u0131yla bu uygulamalardan d\u00f6n\u00fclmesi,<strong> do\u011fa koruma alanlar\u0131<\/strong>n\u0131n, <strong>tar\u0131m alanlar\u0131<\/strong> ve i<strong>\u00e7me suyu havzalar\u0131n\u0131n<\/strong> kanunlarla <strong>maden faaliyetleri<\/strong>nden tamamen korunmas\u0131,<strong> arazi kullan\u0131m planlar\u0131n\u0131n yap\u0131lmas\u0131<\/strong> konusunda gerekli ad\u0131mlar\u0131n at\u0131lmas\u0131 i\u00e7in yetkilileri hareket ge\u00e7meye davet ediyoruz\u201d ifadelerini kulland\u0131.<\/p>\n<p><em>* 1<strong> milyon 759 bin 125<\/strong> hektar alan<\/em><\/p>\n<p><em>** En az bir <strong>koruma stat\u00fcs\u00fc<\/strong> ile <strong>koruma alt\u0131na al\u0131nm\u0131\u015f<\/strong> do\u011fa koruma alan\u0131<\/em><\/p>","protected":false},"excerpt":{"rendered":"<p>Sorry, this entry is only available in Turkish. For the sake of viewer convenience, the content is shown below in the alternative language. You may click the link to switch the active language. TEMA Vakf\u0131, Maden ve Petrol Arama \u0130\u015fleri Genel M\u00fcd\u00fcrl\u00fc\u011f\u00fc (MAPEG) taraf\u0131ndan T\u00fcrkiye genelinde \u00e7\u0131k\u0131lan maden ihalelerine dikkat \u00e7ekti. 2019 Temmuz&#8217;undan g\u00fcn\u00fcm\u00fcze 2 [&hellip;]<\/p>\n","protected":false},"author":1,"featured_media":119729,"comment_status":"open","ping_status":"open","sticky":false,"template":"","format":"standard","meta":[],"categories":[53,24649],"tags":[33895,24900,7447,1039,78594,78589,78590,78592,78588,16908,53315,78593,5296,9309,78596,78591,78595],"views":263,"_links":{"self":[{"href":"https:\/\/www.enerjigazetesi.ist\/en\/wp-json\/wp\/v2\/posts\/119723"}],"collection":[{"href":"https:\/\/www.enerjigazetesi.ist\/en\/wp-json\/wp\/v2\/posts"}],"about":[{"href":"https:\/\/www.enerjigazetesi.ist\/en\/wp-json\/wp\/v2\/types\/post"}],"author":[{"embeddable":true,"href":"https:\/\/www.enerjigazetesi.ist\/en\/wp-json\/wp\/v2\/users\/1"}],"replies":[{"embeddable":true,"href":"https:\/\/www.enerjigazetesi.ist\/en\/wp-json\/wp\/v2\/comments?post=119723"}],"version-history":[{"count":0,"href":"https:\/\/www.enerjigazetesi.ist\/en\/wp-json\/wp\/v2\/posts\/119723\/revisions"}],"wp:featuredmedia":[{"embeddable":true,"href":"https:\/\/www.enerjigazetesi.ist\/en\/wp-json\/wp\/v2\/media\/119729"}],"wp:attachment":[{"href":"https:\/\/www.enerjigazetesi.ist\/en\/wp-json\/wp\/v2\/media?parent=119723"}],"wp:term":[{"taxonomy":"category","embeddable":true,"href":"https:\/\/www.enerjigazetesi.ist\/en\/wp-json\/wp\/v2\/categories?post=119723"},{"taxonomy":"post_tag","embeddable":true,"href":"https:\/\/www.enerjigazetesi.ist\/en\/wp-json\/wp\/v2\/tags?post=119723"}],"curies":[{"name":"wp","href":"https:\/\/api.w.org\/{rel}","templated":true}]}}