{"id":119680,"date":"2020-09-04T12:01:45","date_gmt":"2020-09-04T09:01:45","guid":{"rendered":"https:\/\/www.enerjigazetesi.ist\/?p=119680"},"modified":"2020-09-04T12:17:49","modified_gmt":"2020-09-04T09:17:49","slug":"turkiye-de-altin-ve-gumus-madeni-nden-alinan-devlet-hakki-yuzde-25-artirildi","status":"publish","type":"post","link":"https:\/\/www.enerjigazetesi.ist\/en\/turkiye-de-altin-ve-gumus-madeni-nden-alinan-devlet-hakki-yuzde-25-artirildi\/","title":{"rendered":"(Turkish) T\u00fcrkiye&#8217;de Alt\u0131n ve G\u00fcm\u00fc\u015f Madeninden Al\u0131nan Devlet Hakk\u0131 % 25 Art\u0131r\u0131ld\u0131"},"content":{"rendered":"<p class=\"qtranxs-available-languages-message qtranxs-available-languages-message-en\">Sorry, this entry is only available in <a href=\"https:\/\/www.enerjigazetesi.ist\/tr\/wp-json\/wp\/v2\/posts\/119680\" class=\"qtranxs-available-language-link qtranxs-available-language-link-tr\" title=\"Turkish\">Turkish<\/a>. For the sake of viewer convenience, the content is shown below in the alternative language. You may click the link to switch the active language.<\/p><p><\/p>\n<h1 class=\"subtitle\">Resmi Gazete&#8217;de 04 Eyl\u00fcl 2020&#8217;de yay\u0131mlanan karar kapsam\u0131nda alt\u0131n ve g\u00fcm\u00fc\u015f madenlerinden, ocak ba\u015f\u0131nda belirlenmi\u015f oranda al\u0131nan devlet hakk\u0131, % 25 oran\u0131nda art\u0131r\u0131ld\u0131.<\/h1>\n<p><strong>Cumhurba\u015fkan\u0131 Karar\u0131&#8217;<\/strong>yla<strong> alt\u0131n ve g\u00fcm\u00fc\u015f madenleri<\/strong>nden, <strong>Ocak ba\u015f\u0131nda<\/strong> belirlenmi\u015f olan fiyat \u00fczerinden<strong> nakit<\/strong> olarak tahsil edilen <strong>devlet hakk\u0131<\/strong>, art\u0131k <strong>% 25<\/strong> art\u0131r\u0131ml\u0131 olarak al\u0131nacak. Bu kapsamda daha \u00f6nce <strong>alt\u0131nda<\/strong> <strong>800 $\/oz<\/strong>&#8216;dan, <strong>g\u00fcm\u00fc\u015fte<\/strong> ise <strong>10 $\/oz<\/strong>&#8216;dan k\u00fc\u00e7\u00fck miktarlarda <strong>% 1<\/strong> olan devlet hakk\u0131 <strong>% 1.25<\/strong>&#8216;e y\u00fckselirken. En Y\u00fcksek Seviyede al\u0131nan <strong>devlet hakk\u0131 oran\u0131<\/strong> ise<strong> 2101 $\/oz<\/strong> alt\u0131nda ve <strong>37 $\/oz<\/strong> g\u00fcm\u00fc\u015fte <strong>% 15<\/strong>&#8216;ten <strong>% 18.75&#8217;e<\/strong>\u00a0y\u00fckseldi.<\/p>\n<h2><strong>ESK\u0130 VE YEN\u0130 ORANLARDA ALTIN VE G\u00dcM\u00dc\u015eTEN ALINAN DEVLET HAKKI ORANLARI<\/strong><\/h2>\n<p style=\"text-align: center;\"><img loading=\"lazy\" class=\"aligncenter size-full wp-image-119684\" src=\"https:\/\/www.enerjigazetesi.ist\/wp-content\/uploads\/2020\/09\/2020-09-04_121957.jpg\" alt=\"\" width=\"594\" height=\"331\" srcset=\"https:\/\/www.enerjigazetesi.ist\/wp-content\/uploads\/2020\/09\/2020-09-04_121957.jpg 594w, https:\/\/www.enerjigazetesi.ist\/wp-content\/uploads\/2020\/09\/2020-09-04_121957-300x167.jpg 300w, https:\/\/www.enerjigazetesi.ist\/wp-content\/uploads\/2020\/09\/2020-09-04_121957-500x279.jpg 500w, https:\/\/www.enerjigazetesi.ist\/wp-content\/uploads\/2020\/09\/2020-09-04_121957-80x45.jpg 80w\" sizes=\"(max-width: 594px) 100vw, 594px\" \/><\/p>\n<h2><strong>PEK\u0130 DEVLET HAKKI NED\u0130R?<\/strong><\/h2>\n<p><strong>T\u00fcrkiye&#8217;de \u00fcretilen madenlerin<\/strong> belirli \u00f6zelliklere sahip olanlar\u0131ndan<strong> belirli orandaki<\/strong> miktar\u0131 <strong>devlet hakk\u0131<\/strong> olarak al\u0131nmaktad\u0131r.<\/p>\n<p><strong>\u00dcretilen<\/strong> madenin <strong>hammadde<\/strong> olarak <strong>kullan\u0131lmas\u0131<\/strong> veya <strong>sat\u0131lmas\u0131<\/strong> halinde, ayn\u0131 pazar ortam\u0131nda madenin i\u015fletmelerdeki <strong>t\u00fcvenan<\/strong> olarak<strong> ocak ba\u015f\u0131 sat\u0131\u015f\u0131nda<\/strong> uygulanan <strong>fiyat<\/strong>, ocak ba\u015f\u0131 sat\u0131\u015f fiyat\u0131 olarak kabul ediliyor. <strong>Madenlerden al\u0131nan devlet hakk\u0131na<\/strong> esas olan emsal <strong>ocak ba\u015f\u0131 sat\u0131\u015f fiyat\u0131<\/strong>, b\u00f6lgeler de dikkate al\u0131narak <strong>her madene<\/strong> ait ayr\u0131 ayr\u0131 ve uyguland\u0131\u011f\u0131 y\u0131l i\u00e7in belirlenerek <strong>Genel M\u00fcd\u00fcrl\u00fck\u00e7e<\/strong> ilan ediliyor. <strong>Ruhsat sahipleri<\/strong> taraf\u0131ndan <strong>devlet haklar\u0131n\u0131n beyan\u0131nda<\/strong> kullan\u0131lan <strong>ocak ba\u015f\u0131 sat\u0131\u015f fiyat\u0131<\/strong>, Genel M\u00fcd\u00fcrl\u00fck taraf\u0131ndan ilan edilen <strong>ocak ba\u015f\u0131 sat\u0131\u015f fiyat\u0131<\/strong>ndan daha d\u00fc\u015f\u00fck olam\u0131yor. <strong>Bu f\u0131kran\u0131n uygulanmas\u0131<\/strong>na ili\u015fkin <strong>usul<\/strong> ve <strong>esaslar<\/strong> y\u00f6netmeliklerce belirleniyor.<\/p>","protected":false},"excerpt":{"rendered":"<p>Sorry, this entry is only available in Turkish. For the sake of viewer convenience, the content is shown below in the alternative language. You may click the link to switch the active language. Resmi Gazete&#8217;de 04 Eyl\u00fcl 2020&#8217;de yay\u0131mlanan karar kapsam\u0131nda alt\u0131n ve g\u00fcm\u00fc\u015f madenlerinden, ocak ba\u015f\u0131nda belirlenmi\u015f oranda al\u0131nan devlet hakk\u0131, % 25 oran\u0131nda [&hellip;]<\/p>\n","protected":false},"author":1,"featured_media":119682,"comment_status":"open","ping_status":"open","sticky":false,"template":"","format":"standard","meta":[],"categories":[53,24649],"tags":[78527,78525,78533,78528,78537,59223,78529,78538,78524,78531,52259,69075,53315,78530,78526,78536,78534,78535,78532,1388],"views":274,"_links":{"self":[{"href":"https:\/\/www.enerjigazetesi.ist\/en\/wp-json\/wp\/v2\/posts\/119680"}],"collection":[{"href":"https:\/\/www.enerjigazetesi.ist\/en\/wp-json\/wp\/v2\/posts"}],"about":[{"href":"https:\/\/www.enerjigazetesi.ist\/en\/wp-json\/wp\/v2\/types\/post"}],"author":[{"embeddable":true,"href":"https:\/\/www.enerjigazetesi.ist\/en\/wp-json\/wp\/v2\/users\/1"}],"replies":[{"embeddable":true,"href":"https:\/\/www.enerjigazetesi.ist\/en\/wp-json\/wp\/v2\/comments?post=119680"}],"version-history":[{"count":0,"href":"https:\/\/www.enerjigazetesi.ist\/en\/wp-json\/wp\/v2\/posts\/119680\/revisions"}],"wp:featuredmedia":[{"embeddable":true,"href":"https:\/\/www.enerjigazetesi.ist\/en\/wp-json\/wp\/v2\/media\/119682"}],"wp:attachment":[{"href":"https:\/\/www.enerjigazetesi.ist\/en\/wp-json\/wp\/v2\/media?parent=119680"}],"wp:term":[{"taxonomy":"category","embeddable":true,"href":"https:\/\/www.enerjigazetesi.ist\/en\/wp-json\/wp\/v2\/categories?post=119680"},{"taxonomy":"post_tag","embeddable":true,"href":"https:\/\/www.enerjigazetesi.ist\/en\/wp-json\/wp\/v2\/tags?post=119680"}],"curies":[{"name":"wp","href":"https:\/\/api.w.org\/{rel}","templated":true}]}}