{"id":119640,"date":"2020-09-03T13:10:28","date_gmt":"2020-09-03T10:10:28","guid":{"rendered":"https:\/\/www.enerjigazetesi.ist\/?p=119640"},"modified":"2020-09-03T13:55:47","modified_gmt":"2020-09-03T10:55:47","slug":"mersinin-yenisehir-belediyesi-iklim-ve-enerjiye-yonelik-sozlesme-imzaladi","status":"publish","type":"post","link":"https:\/\/www.enerjigazetesi.ist\/en\/mersinin-yenisehir-belediyesi-iklim-ve-enerjiye-yonelik-sozlesme-imzaladi\/","title":{"rendered":"(Turkish) &#8217;Yeni\u015fehir Belediyesi&#8217; \u0130klim ve Enerji&#8217;ye Y\u00f6nelik S\u00f6zle\u015fme \u0130mzalad\u0131"},"content":{"rendered":"<p class=\"qtranxs-available-languages-message qtranxs-available-languages-message-en\">Sorry, this entry is only available in <a href=\"https:\/\/www.enerjigazetesi.ist\/tr\/wp-json\/wp\/v2\/posts\/119640\" class=\"qtranxs-available-language-link qtranxs-available-language-link-tr\" title=\"Turkish\">Turkish<\/a>. For the sake of viewer convenience, the content is shown below in the alternative language. You may click the link to switch the active language.<\/p><p><\/p>\n<h1><strong>Mersin&#8217;in Yeni\u015fehir Belediyesi taraf\u0131ndan s\u00fcrd\u00fcr\u00fclebilir enerji politikalar\u0131n\u0131 destekleyen \u0130klim ve Enerji i\u00e7in Avrupa Belediye Ba\u015fkanlar\u0131 S\u00f6zle\u015fmesi (Covenant of Mayors for Climate &amp;Energy) imzaland\u0131<\/strong><em><strong>.<\/strong><\/em><\/h1>\n<p><strong>Yeni\u015fehir Belediyesi<\/strong>\u2019nin <strong>A\u011fustos 2020<\/strong> ola\u011fan meclis toplant\u0131s\u0131n\u0131n <strong>1&#8217;inci birle\u015fimi<\/strong>, Belediye Ba\u015fkan\u0131 <strong>Abdullah \u00d6zyi\u011fit<\/strong> ba\u015fkanl\u0131\u011f\u0131nda <strong>Yeni\u015fehir Belediyesi Atat\u00fcrk K\u00fclt\u00fcr Merkezi<\/strong>\u2019nde <img loading=\"lazy\" class=\"alignright wp-image-119642\" src=\"https:\/\/www.enerjigazetesi.ist\/wp-content\/uploads\/2020\/09\/mersin-in-yenisehir-belediyesi-iklim-ve-enerjiye-yonelik-sozlesme-imzaladi.jpg\" alt=\"\" width=\"340\" height=\"213\" srcset=\"https:\/\/www.enerjigazetesi.ist\/wp-content\/uploads\/2020\/09\/mersin-in-yenisehir-belediyesi-iklim-ve-enerjiye-yonelik-sozlesme-imzaladi.jpg 542w, https:\/\/www.enerjigazetesi.ist\/wp-content\/uploads\/2020\/09\/mersin-in-yenisehir-belediyesi-iklim-ve-enerjiye-yonelik-sozlesme-imzaladi-300x188.jpg 300w, https:\/\/www.enerjigazetesi.ist\/wp-content\/uploads\/2020\/09\/mersin-in-yenisehir-belediyesi-iklim-ve-enerjiye-yonelik-sozlesme-imzaladi-500x314.jpg 500w, https:\/\/www.enerjigazetesi.ist\/wp-content\/uploads\/2020\/09\/mersin-in-yenisehir-belediyesi-iklim-ve-enerjiye-yonelik-sozlesme-imzaladi-80x50.jpg 80w\" sizes=\"(max-width: 340px) 100vw, 340px\" \/>ger\u00e7ekle\u015ftirildi. Ba\u015fkan \u00d6zyi\u011fit, meclis toplant\u0131s\u0131n\u0131n a\u00e7\u0131l\u0131\u015f\u0131nda<strong> \u0130klim ve Enerji<\/strong> i\u00e7in <strong>Avrupa Belediye Ba\u015fkanlar\u0131 S\u00f6zle\u015fmesi<\/strong>\u2019ni imzalad\u0131.<\/p>\n<p>Yeni\u015fehir Belediyesi s\u00f6zle\u015fme ile <strong>2030 y\u0131l\u0131na<\/strong> kadar sorumlu oldu\u011fu b\u00f6lgede <strong>karbondioksit<\/strong> ve di\u011fer <strong>sera gaz\u0131 emisyonlar\u0131n\u0131<\/strong> en az <strong>% 40<\/strong> oran\u0131nda <strong>azaltacak<\/strong> ve <strong>iyile\u015ftirilmi\u015f enerji verimlili\u011fi<\/strong> ve <strong>yenilenebilir enerji kaynaklar\u0131<\/strong>n\u0131n daha fazla kullan\u0131lmas\u0131n\u0131 sa\u011flayacak. <strong>Ba\u015fkanlar S\u00f6zle\u015fmesi<\/strong>\u2019ni imzalayan Yeni\u015fehir Belediyesi, T\u00fcrkiye\u2019de s\u00f6zle\u015fmeye imza atan<strong> 23 belediye<\/strong> aras\u0131na girerken <strong>Mersin\u2019de<\/strong> ise ilk belediye oldu. Yeni\u015fehir Belediyesi ayr\u0131ca <strong>Ba\u015fkanlar S\u00f6zle\u015fmesi<\/strong>\u2019nin <strong>2020- 2030 d\u00f6nemi<\/strong> kriterlerine uyaca\u011f\u0131n\u0131 taahh\u00fct eden ilk belediye de oldu. Belediyelerin <strong>Avrupa Birli\u011fi<\/strong>\u2019nin <strong>iklim ve enerji<\/strong> ile ilgili <strong>hibe programlar\u0131<\/strong>na ba\u015fvurmak i\u00e7in <strong>Ba\u015fkanlar S\u00f6zle\u015fmesi<\/strong>\u2019ni imzalam\u0131\u015f olmas\u0131 gerekiyor. S\u00f6zle\u015fmeyi imzalayan <strong>Yeni\u015fehir Belediyesi<\/strong>, <strong>Avrupa Komisyonu ve D\u00fcnya Bankas\u0131<\/strong> gibi kurumlar taraf\u0131ndan yay\u0131mlanan <strong>hibe programlar\u0131<\/strong>ndan yararlanmaya y\u00f6nelik projeler haz\u0131rlayacak.<\/p>","protected":false},"excerpt":{"rendered":"<p>Sorry, this entry is only available in Turkish. For the sake of viewer convenience, the content is shown below in the alternative language. You may click the link to switch the active language. Mersin&#8217;in Yeni\u015fehir Belediyesi taraf\u0131ndan s\u00fcrd\u00fcr\u00fclebilir enerji politikalar\u0131n\u0131 destekleyen \u0130klim ve Enerji i\u00e7in Avrupa Belediye Ba\u015fkanlar\u0131 S\u00f6zle\u015fmesi (Covenant of Mayors for Climate &amp;Energy) [&hellip;]<\/p>\n","protected":false},"author":1,"featured_media":119642,"comment_status":"open","ping_status":"open","sticky":false,"template":"","format":"standard","meta":[],"categories":[51,53,52],"tags":[68336,78492,78495,78493,78494,78491,78490,10368,26877,57125,37032,508,54659,54656],"views":76,"_links":{"self":[{"href":"https:\/\/www.enerjigazetesi.ist\/en\/wp-json\/wp\/v2\/posts\/119640"}],"collection":[{"href":"https:\/\/www.enerjigazetesi.ist\/en\/wp-json\/wp\/v2\/posts"}],"about":[{"href":"https:\/\/www.enerjigazetesi.ist\/en\/wp-json\/wp\/v2\/types\/post"}],"author":[{"embeddable":true,"href":"https:\/\/www.enerjigazetesi.ist\/en\/wp-json\/wp\/v2\/users\/1"}],"replies":[{"embeddable":true,"href":"https:\/\/www.enerjigazetesi.ist\/en\/wp-json\/wp\/v2\/comments?post=119640"}],"version-history":[{"count":0,"href":"https:\/\/www.enerjigazetesi.ist\/en\/wp-json\/wp\/v2\/posts\/119640\/revisions"}],"wp:featuredmedia":[{"embeddable":true,"href":"https:\/\/www.enerjigazetesi.ist\/en\/wp-json\/wp\/v2\/media\/119642"}],"wp:attachment":[{"href":"https:\/\/www.enerjigazetesi.ist\/en\/wp-json\/wp\/v2\/media?parent=119640"}],"wp:term":[{"taxonomy":"category","embeddable":true,"href":"https:\/\/www.enerjigazetesi.ist\/en\/wp-json\/wp\/v2\/categories?post=119640"},{"taxonomy":"post_tag","embeddable":true,"href":"https:\/\/www.enerjigazetesi.ist\/en\/wp-json\/wp\/v2\/tags?post=119640"}],"curies":[{"name":"wp","href":"https:\/\/api.w.org\/{rel}","templated":true}]}}