{"id":119631,"date":"2020-09-03T12:17:09","date_gmt":"2020-09-03T09:17:09","guid":{"rendered":"https:\/\/www.enerjigazetesi.ist\/?p=119631"},"modified":"2020-09-03T12:17:09","modified_gmt":"2020-09-03T09:17:09","slug":"ge-yenilenebilir-enerji-iki-ruzgar-santralini-daha-faaliyete-geciriyor","status":"publish","type":"post","link":"https:\/\/www.enerjigazetesi.ist\/en\/ge-yenilenebilir-enerji-iki-ruzgar-santralini-daha-faaliyete-geciriyor\/","title":{"rendered":"(Turkish) &#8217;GE Yenilenebilir Enerji&#8217; \u0130ki R\u00fczgar Santralini Daha Faaliyete Ge\u00e7iriyor"},"content":{"rendered":"<p class=\"qtranxs-available-languages-message qtranxs-available-languages-message-en\">Sorry, this entry is only available in <a href=\"https:\/\/www.enerjigazetesi.ist\/tr\/wp-json\/wp\/v2\/posts\/119631\" class=\"qtranxs-available-language-link qtranxs-available-language-link-tr\" title=\"Turkish\">Turkish<\/a>. For the sake of viewer convenience, the content is shown below in the alternative language. You may click the link to switch the active language.<\/p><p><\/p>\n<h1>GE Yenilenebilir Enerji, T\u00fcrkiye\u2019de 53 MW \u00fcretim kapasiteli Kirazl\u0131 ve 32 MW \u00fcretim kapasiteli Meryem r\u00fczgar \u00e7iftliklerinin kurulum ve devreye alma s\u00fcre\u00e7lerini tamamlad\u0131\u011f\u0131n\u0131 duyurdu. Bu 2 r\u00fczg\u00e2r santrali, T\u00fcrkerler \u0130n\u015faat ve RT Enerji taraf\u0131ndan bir y\u0131l \u00f6nce verilen daha kapsaml\u0131 sipari\u015fin bir b\u00f6l\u00fcm\u00fcn\u00fc olu\u015fturuyor. Sipari\u015f, Kirazl\u0131, Meryem, \u015eile, Pamukova ve Mahmut \u015eevket karasal r\u00fczgar santralleri olmak \u00fczere toplam 5 tesisi i\u00e7eriyor. Bu tesislerde GE\u2019nin 3 MW\u2019l\u0131k karasal r\u00fczgar t\u00fcrbinlerinden 49 adet kullan\u0131lacak ve toplam 158 MW\u2019l\u0131k enerji \u00fcretimi ger\u00e7ekle\u015fecek. Bu sayede b\u00f6lgeye 183.000 hanenin enerji ihtiyac\u0131na denk kapasitede yenilenebilir enerji \u00fcretilecek.<\/h1>\n<p><strong>Kirazl\u0131 R\u00fczg\u00e2r Santrali<\/strong>\u2019nin kurulumu, bulundu\u011fu alan\u0131n, <strong>\u00e7iftlik<\/strong> ve <strong>k\u00f6ylerin<\/strong> i\u00e7inden ge\u00e7en <strong>20 kilometrelik<\/strong> k\u00fc\u00e7\u00fck ve zahmetli bir yolun sonundaki tepenin \u00fczerinde yer almas\u0131 sebebiyle, teknik a\u00e7\u0131dan \u00f6nemli bir ba\u015far\u0131y\u0131 temsil ediyor.<\/p>\n<p><strong><img loading=\"lazy\" class=\"alignright wp-image-119633\" src=\"https:\/\/www.enerjigazetesi.ist\/wp-content\/uploads\/2020\/09\/ge-yenilenebilir-enerji-iki-ruzgar-santralini-daha-faaliyete-geciriyor.jpg\" alt=\"\" width=\"340\" height=\"223\" srcset=\"https:\/\/www.enerjigazetesi.ist\/wp-content\/uploads\/2020\/09\/ge-yenilenebilir-enerji-iki-ruzgar-santralini-daha-faaliyete-geciriyor.jpg 745w, https:\/\/www.enerjigazetesi.ist\/wp-content\/uploads\/2020\/09\/ge-yenilenebilir-enerji-iki-ruzgar-santralini-daha-faaliyete-geciriyor-300x197.jpg 300w, https:\/\/www.enerjigazetesi.ist\/wp-content\/uploads\/2020\/09\/ge-yenilenebilir-enerji-iki-ruzgar-santralini-daha-faaliyete-geciriyor-500x328.jpg 500w, https:\/\/www.enerjigazetesi.ist\/wp-content\/uploads\/2020\/09\/ge-yenilenebilir-enerji-iki-ruzgar-santralini-daha-faaliyete-geciriyor-76x50.jpg 76w\" sizes=\"(max-width: 340px) 100vw, 340px\" \/>RT Enerji<\/strong> Y\u00f6netim Kurulu Ba\u015fkan\u0131 <strong>Ramazan Ta\u015f<\/strong> ve T\u00fcrkerler \u0130n\u015faat Y\u00f6netim Kurulu Ba\u015fkan\u0131 <strong>Kaz\u0131m T\u00fcrker<\/strong> birlikte yapt\u0131klar\u0131 ortak a\u00e7\u0131klamada: \u201c<strong>RT-T\u00fcrkerler ortak giri\u015fimi<\/strong> olarak GE\u2019nin genel merkezi ve T\u00fcrkiye ekibiyle birlikte y\u00fcr\u00fctt\u00fc\u011f\u00fcm\u00fcz \u00e7al\u0131\u015fmalar\u0131n sonucunda ortaya \u00e7\u0131kan sinerjiden \u015firketlerimiz ad\u0131na mutluluk duyuyoruz. Bu sinerji sayesinde, <strong>Meryem<\/strong> ve <strong>Kirazl\u0131 r\u00fczgar enerjisi santralleri<\/strong>ni devreye al\u0131yoruz. Di\u011fer yandan, bu iki projeyi de i\u00e7eren <strong>158 MW<\/strong>\u2019l\u0131k portf\u00f6y\u00fcm\u00fczde tarife garantisine ek olarak <strong>yerli katk\u0131 te\u015fvi\u011fi<\/strong>nden yararland\u0131k. <strong>GE<\/strong> bizim i\u00e7in bu anlaml\u0131 yolculukta sadece bir tedarik\u00e7i de\u011fil ayn\u0131 zamanda bir \u00e7\u00f6z\u00fcm orta\u011f\u0131d\u0131r\u201d dedi.<\/p>\n<p>GE, <strong>t\u00fcrbin kanatlar\u0131n\u0131n \u00fcretimi<\/strong>ni <strong>LM Wind Power<\/strong>\u2019\u0131n \u0130zmir, Bergama\u2019daki t\u00fcrbin kanad\u0131 \u00fcretim tesislerinde yerel olarak ger\u00e7ekle\u015ftirdi. GE, bu tesislerde \u015fu anda <strong>450\u2019nin<\/strong> \u00fczerinde personel istihdam ediyor. GE ekibi t\u00fcm t\u00fcrbin montajlar\u0131n\u0131<strong> 2020<\/strong> y\u0131l\u0131 <strong>Haziran ay\u0131<\/strong> sonunda tamamlad\u0131.<\/p>\n<p><strong>GE Yenilenebilir Enerji Karasal R\u00fczg\u00e2r T\u00fcrbini Grubu<\/strong> <em>Orta Do\u011fu, Kuzey Afrika<\/em> ve<em> T\u00fcrkiye<\/em> Ba\u015fkan\u0131 ve CEO\u2019su <strong>Manar Al-Moneef<\/strong> ise konuyla ilgili \u015funlar\u0131 s\u00f6yledi: \u201cHalihaz\u0131rda <strong>1.2 GW<\/strong>\u2019yi a\u015fk\u0131n kurulu g\u00fc\u00e7 ve <strong>500<\/strong> r\u00fczgar t\u00fcrbinimizin bulundu\u011fu T\u00fcrkiye\u2019de yeni <strong>enerji projeleri<\/strong>ni hayata ge\u00e7iriyor olman\u0131n ve \u00fclkeye daha fazla<strong> yenilenebilir enerji sa\u011flaman\u0131n<\/strong> heyecan\u0131n\u0131 ya\u015f\u0131yoruz. \u00dclkede y\u00fcr\u00fcrl\u00fc\u011fe giren <strong>YEKDEM<\/strong> ile birlikte 2020, <strong>T\u00fcrkiye r\u00fczgar enerjisi sekt\u00f6r\u00fc<\/strong> i\u00e7in \u00e7ok \u00f6nemli bir y\u0131l oldu. Biz de <strong>T\u00fcrkerler<\/strong> ve<strong> RT Enerji<\/strong> ile birlikte <strong>bu momentumun bir par\u00e7as\u0131<\/strong> olmaktan gurur duyuyoruz.\u201d<\/p>","protected":false},"excerpt":{"rendered":"<p>Sorry, this entry is only available in Turkish. For the sake of viewer convenience, the content is shown below in the alternative language. You may click the link to switch the active language. GE Yenilenebilir Enerji, T\u00fcrkiye\u2019de 53 MW \u00fcretim kapasiteli Kirazl\u0131 ve 32 MW \u00fcretim kapasiteli Meryem r\u00fczgar \u00e7iftliklerinin kurulum ve devreye alma s\u00fcre\u00e7lerini [&hellip;]<\/p>\n","protected":false},"author":1,"featured_media":119633,"comment_status":"open","ping_status":"open","sticky":false,"template":"","format":"standard","meta":[],"categories":[51,53,50],"tags":[52259,19897,72218,78475,78479,8638,78476,78473,31843,68392,78478,35002,53818,53282,54979,78477,78474,846,42316],"views":116,"_links":{"self":[{"href":"https:\/\/www.enerjigazetesi.ist\/en\/wp-json\/wp\/v2\/posts\/119631"}],"collection":[{"href":"https:\/\/www.enerjigazetesi.ist\/en\/wp-json\/wp\/v2\/posts"}],"about":[{"href":"https:\/\/www.enerjigazetesi.ist\/en\/wp-json\/wp\/v2\/types\/post"}],"author":[{"embeddable":true,"href":"https:\/\/www.enerjigazetesi.ist\/en\/wp-json\/wp\/v2\/users\/1"}],"replies":[{"embeddable":true,"href":"https:\/\/www.enerjigazetesi.ist\/en\/wp-json\/wp\/v2\/comments?post=119631"}],"version-history":[{"count":0,"href":"https:\/\/www.enerjigazetesi.ist\/en\/wp-json\/wp\/v2\/posts\/119631\/revisions"}],"wp:featuredmedia":[{"embeddable":true,"href":"https:\/\/www.enerjigazetesi.ist\/en\/wp-json\/wp\/v2\/media\/119633"}],"wp:attachment":[{"href":"https:\/\/www.enerjigazetesi.ist\/en\/wp-json\/wp\/v2\/media?parent=119631"}],"wp:term":[{"taxonomy":"category","embeddable":true,"href":"https:\/\/www.enerjigazetesi.ist\/en\/wp-json\/wp\/v2\/categories?post=119631"},{"taxonomy":"post_tag","embeddable":true,"href":"https:\/\/www.enerjigazetesi.ist\/en\/wp-json\/wp\/v2\/tags?post=119631"}],"curies":[{"name":"wp","href":"https:\/\/api.w.org\/{rel}","templated":true}]}}