{"id":119502,"date":"2020-09-01T12:58:06","date_gmt":"2020-09-01T09:58:06","guid":{"rendered":"https:\/\/www.enerjigazetesi.ist\/?p=119502"},"modified":"2020-09-01T12:58:06","modified_gmt":"2020-09-01T09:58:06","slug":"alpet-in-ardahan-merkez-ve-golede-2-yeni-istasyonu-daha-hizmete-girdi","status":"publish","type":"post","link":"https:\/\/www.enerjigazetesi.ist\/en\/alpet-in-ardahan-merkez-ve-golede-2-yeni-istasyonu-daha-hizmete-girdi\/","title":{"rendered":"(Turkish) &#8217;ALPET&#8217;in Ardahan Merkez ve G\u00f6le\u2019de 2 Yeni \u0130stasyonu Daha Hizmete Girdi"},"content":{"rendered":"<p class=\"qtranxs-available-languages-message qtranxs-available-languages-message-en\">Sorry, this entry is only available in <a href=\"https:\/\/www.enerjigazetesi.ist\/tr\/wp-json\/wp\/v2\/posts\/119502\" class=\"qtranxs-available-language-link qtranxs-available-language-link-tr\" title=\"Turkish\">Turkish<\/a>. For the sake of viewer convenience, the content is shown below in the alternative language. You may click the link to switch the active language.<\/p><p><\/p>\n<h1><strong>ALPET, T\u00fcrkiye\u2019nin t\u00fcm b\u00f6lgelerine yay\u0131lan bayilerinin say\u0131s\u0131n\u0131 artt\u0131rmay\u0131 s\u00fcrd\u00fcr\u00fcyor. Akaryak\u0131t sekt\u00f6r\u00fcn\u00fcn % 100 yerli sermayeli kurulu\u015flar\u0131ndan ALPET, ayn\u0131 g\u00fcnde yapt\u0131\u011f\u0131 iki t\u00f6renle Ardahan Merkez ve G\u00f6le\u2019de yer alan istasyonlar\u0131n\u0131n a\u00e7\u0131l\u0131\u015flar\u0131n\u0131 ger\u00e7ekle\u015ftirdi.<\/strong><\/h1>\n<p>2020 y\u0131l\u0131 <strong>b\u00fcy\u00fcme hedeflerine ula\u015fmak<\/strong> ad\u0131na \u00e7al\u0131\u015fmalar\u0131n\u0131 h\u0131z kesmeden s\u00fcrd\u00fcren ALPET taraf\u0131ndan yeni bayi yat\u0131r\u0131mlar\u0131 Ardahan\u2019da hayata ge\u00e7irildi. <strong>Ardahan Merkez<\/strong>\u2019de bulunan \u201cBinali G\u00fcndo\u011fdu Akaryak\u0131t\u201d ve <strong>G\u00f6le<\/strong> il\u00e7esindeki <strong>\u201cKarakoyun Akaryak\u0131t\u201d istasyonlar\u0131<\/strong>; ALPET Genel M\u00fcd\u00fcr\u00fc <strong>Halil Do\u011fan<\/strong>, <em>Y\u00f6neticiler, B\u00f6lge ve Saha M\u00fcd\u00fcrleri<\/em>nin kat\u0131l\u0131m\u0131yla d\u00fczenlenen t\u00f6ren ile <img loading=\"lazy\" class=\"alignright wp-image-119505\" src=\"https:\/\/www.enerjigazetesi.ist\/wp-content\/uploads\/2020\/09\/alpet-in-ardahan-merkez-ve-golede-2-yeni-istasyonu-daha-hizmete-girdi-2.jpg\" alt=\"\" width=\"320\" height=\"207\" srcset=\"https:\/\/www.enerjigazetesi.ist\/wp-content\/uploads\/2020\/09\/alpet-in-ardahan-merkez-ve-golede-2-yeni-istasyonu-daha-hizmete-girdi-2.jpg 702w, https:\/\/www.enerjigazetesi.ist\/wp-content\/uploads\/2020\/09\/alpet-in-ardahan-merkez-ve-golede-2-yeni-istasyonu-daha-hizmete-girdi-2-300x194.jpg 300w, https:\/\/www.enerjigazetesi.ist\/wp-content\/uploads\/2020\/09\/alpet-in-ardahan-merkez-ve-golede-2-yeni-istasyonu-daha-hizmete-girdi-2-500x323.jpg 500w, https:\/\/www.enerjigazetesi.ist\/wp-content\/uploads\/2020\/09\/alpet-in-ardahan-merkez-ve-golede-2-yeni-istasyonu-daha-hizmete-girdi-2-77x50.jpg 77w\" sizes=\"(max-width: 320px) 100vw, 320px\" \/>hizmete a\u00e7\u0131ld\u0131.<\/p>\n<p>\u0130lk a\u00e7\u0131l\u0131\u015f <strong>Ardahan Merkez<\/strong>\u2019de <strong>\u0130n\u00f6n\u00fc Mahallesi Kongre Caddesi<\/strong> \u00fczerinde yer alan <strong>ALPET istasyonu<\/strong>nda ger\u00e7ekle\u015ftirildi. <strong>Binali G\u00fcndo\u011fdu Akaryak\u0131t<\/strong> ad\u0131na, <strong>Sebahattin<\/strong> ve <strong>Do\u011fan Can G\u00fcndo\u011fdu<\/strong> ev sahipli\u011finde d\u00fczenlenen t\u00f6renle, <strong>ALPET<\/strong>\u2019in bayi zincirine daha \u00f6nce eklenen istasyonun resmi a\u00e7\u0131l\u0131\u015f\u0131 yap\u0131ld\u0131.<\/p>\n<p>ALPET\u2019in <strong>2&#8217;inci istasyonu<\/strong><em> Karakoyun Akaryak\u0131t<\/em>\u2019\u0131n a\u00e7\u0131l\u0131\u015f\u0131 ise <strong>Ardahan G\u00f6le\u2019de<\/strong> d\u00fczenlendi. <strong>Kader <\/strong>ve<strong> \u00dcnal Karakoyun<\/strong> \u00e7iftinin ev sahipli\u011finde d\u00fczenlenen t\u00f6ren ile Fevzi \u00c7akmak Mahallesi Oltu Caddesi \u00fczerinde yer alan <strong>yeni istasyon<\/strong> hizmete a\u00e7\u0131ld\u0131. A\u00e7\u0131l\u0131\u015fa <strong>G\u00f6le Belediye<\/strong> Ba\u015fkan\u0131<strong> \u0130lhan G\u00fcltekin<\/strong> de kat\u0131ld\u0131.<\/p>\n<p>Bug\u00fcne kadar kazan\u0131lan t\u00fcm ba\u015far\u0131lar\u0131n arkas\u0131nda, bayilerin \u00f6zveriyle sergiledi\u011fi b\u00fcy\u00fck bir eme\u011fin var oldu\u011funu belirten <strong>ALPET<\/strong> Genel M\u00fcd\u00fcr\u00fc <strong>Halil Do\u011fan<\/strong> \u201cB\u00f6lgenin <strong>etkin, g\u00fc\u00e7l\u00fc<\/strong> ve s<strong>ayg\u0131de\u011fer giri\u015fimcileri<\/strong> ile beraber \u00e7al\u0131\u015fmaktan b\u00fcy\u00fck mutluluk duyuyoruz. T\u00fcrkiye\u2019nin <strong>yerli<\/strong> ve <strong>milli<\/strong> markas\u0131y\u0131z, <strong>4 tanesi<\/strong> liman olmak \u00fczere toplam <strong>6 dolum tesisi<\/strong>miz ile \u00fclkemizde <strong>en b\u00fcy\u00fck depolama kapasitesi<\/strong>ne sahip ilk <strong>5 akaryak\u0131t firmas\u0131<\/strong> aras\u0131nda yer al\u0131yoruz. <strong>\u0130zmir Karaburun<\/strong>\u2019dan<strong> Ardahan\u2019a<\/strong> T\u00fcrkiye\u2019nin bir ucundan di\u011fer ucuna halk\u0131m\u0131za kaliteli hizmet g\u00f6t\u00fcrmekten gurur duyuyoruz. <strong>ALPET istasyon a\u011f\u0131<\/strong>n\u0131 geni\u015fletmeye y\u00f6nelik \u00e7al\u0131\u015fmalar\u0131m\u0131z\u0131 s\u00fcrd\u00fcrece\u011fiz.\u201d ifadelerini kulland\u0131.<\/p>\n<p>T\u00fcrkiye\u2019nin <strong>en y\u00fcksek akaryak\u0131t depolama kapasitesi<\/strong>ne sahip <strong>da\u011f\u0131t\u0131m \u015firketleri<\/strong>nden biri olan <strong>ALPET<\/strong>\u2019in <strong>Kocaeli\/K\u00f6rfez, \u0130zmir\/Alia\u011fa, Mersin, K\u0131r\u0131kkale, Samsun, Batman&#8217;da<\/strong> dolum tesisleri, <strong>Antalya Akdeniz Akaryak\u0131t Terminali<\/strong>nde ortakl\u0131\u011f\u0131 yer al\u0131yor.<\/p>","protected":false},"excerpt":{"rendered":"<p>Sorry, this entry is only available in Turkish. For the sake of viewer convenience, the content is shown below in the alternative language. You may click the link to switch the active language. ALPET, T\u00fcrkiye\u2019nin t\u00fcm b\u00f6lgelerine yay\u0131lan bayilerinin say\u0131s\u0131n\u0131 artt\u0131rmay\u0131 s\u00fcrd\u00fcr\u00fcyor. Akaryak\u0131t sekt\u00f6r\u00fcn\u00fcn % 100 yerli sermayeli kurulu\u015flar\u0131ndan ALPET, ayn\u0131 g\u00fcnde yapt\u0131\u011f\u0131 iki t\u00f6renle [&hellip;]<\/p>\n","protected":false},"author":1,"featured_media":119506,"comment_status":"open","ping_status":"open","sticky":false,"template":"","format":"standard","meta":[],"categories":[53,44],"tags":[30337,38478,52407,73938,78335,78331,78333,52259,78332,78336,78334,53153,78337],"views":387,"_links":{"self":[{"href":"https:\/\/www.enerjigazetesi.ist\/en\/wp-json\/wp\/v2\/posts\/119502"}],"collection":[{"href":"https:\/\/www.enerjigazetesi.ist\/en\/wp-json\/wp\/v2\/posts"}],"about":[{"href":"https:\/\/www.enerjigazetesi.ist\/en\/wp-json\/wp\/v2\/types\/post"}],"author":[{"embeddable":true,"href":"https:\/\/www.enerjigazetesi.ist\/en\/wp-json\/wp\/v2\/users\/1"}],"replies":[{"embeddable":true,"href":"https:\/\/www.enerjigazetesi.ist\/en\/wp-json\/wp\/v2\/comments?post=119502"}],"version-history":[{"count":0,"href":"https:\/\/www.enerjigazetesi.ist\/en\/wp-json\/wp\/v2\/posts\/119502\/revisions"}],"wp:featuredmedia":[{"embeddable":true,"href":"https:\/\/www.enerjigazetesi.ist\/en\/wp-json\/wp\/v2\/media\/119506"}],"wp:attachment":[{"href":"https:\/\/www.enerjigazetesi.ist\/en\/wp-json\/wp\/v2\/media?parent=119502"}],"wp:term":[{"taxonomy":"category","embeddable":true,"href":"https:\/\/www.enerjigazetesi.ist\/en\/wp-json\/wp\/v2\/categories?post=119502"},{"taxonomy":"post_tag","embeddable":true,"href":"https:\/\/www.enerjigazetesi.ist\/en\/wp-json\/wp\/v2\/tags?post=119502"}],"curies":[{"name":"wp","href":"https:\/\/api.w.org\/{rel}","templated":true}]}}