{"id":119341,"date":"2020-08-29T12:30:45","date_gmt":"2020-08-29T09:30:45","guid":{"rendered":"https:\/\/www.enerjigazetesi.ist\/?p=119341"},"modified":"2020-08-29T12:56:13","modified_gmt":"2020-08-29T09:56:13","slug":"gunumuzde-cift-yuzlu-bifacial-fotovoltaik-gunes-paneller-ve-kullanimi","status":"publish","type":"post","link":"https:\/\/www.enerjigazetesi.ist\/en\/gunumuzde-cift-yuzlu-bifacial-fotovoltaik-gunes-paneller-ve-kullanimi\/","title":{"rendered":"(Turkish) G\u00fcn\u00fcm\u00fczde \u00c7ift Y\u00fczl\u00fc (Bifacial) Fotovoltaik G\u00fcne\u015f Panelleri ve Kullan\u0131m\u0131"},"content":{"rendered":"<p class=\"qtranxs-available-languages-message qtranxs-available-languages-message-en\">Sorry, this entry is only available in <a href=\"https:\/\/www.enerjigazetesi.ist\/tr\/wp-json\/wp\/v2\/posts\/119341\" class=\"qtranxs-available-language-link qtranxs-available-language-link-tr\" title=\"Turkish\">Turkish<\/a>. For the sake of viewer convenience, the content is shown below in the alternative language. You may click the link to switch the active language.<\/p><p><\/p>\n<h1>Fotovoltaik g\u00fcne\u015f panellerinin geli\u015fen teknolojiyle birlikte verimlilik de\u011ferleri artarken \u00fcretilen birim maliyetleri ise azalmaktad\u0131r. Solar G\u00fcne\u015f panelleri \u00e7e\u015fitlerine <span style=\"text-decoration: underline;\">g\u00f6re;<\/span> monokristal %18+, Polikristal %15-17, \u0130nce-Film %11-15 verimlilik de\u011ferlerinde ilerlerken \u00e7ift y\u00fczeyli (bifacial) g\u00fcne\u015f panelleri klasik panellere g\u00f6re %30&#8217;a varan oranlarda daha fazla \u00fcretim yapabilirken %20+ bir verimlili\u011fe sahiptir. I\u015f\u0131\u011f\u0131 \u00f6n ve arka k\u0131s\u0131mdan alan g\u00fcne\u015f h\u00fccrelerine sahiptir. Bu ise panelin \u00f6n\u00fcnden g\u00fcne\u015f \u0131\u015f\u0131\u011f\u0131n\u0131 yakalaman\u0131n yan\u0131 s\u0131ra, arkas\u0131ndaki transparan y\u00fczeyi ile yerden yans\u0131yan t\u00fcm geri \u0131\u015f\u0131n\u0131m\u0131 ve g\u00fcne\u015f h\u00fccrelerinin arkas\u0131na \u00e7arpan da\u011f\u0131n\u0131k \u0131\u015f\u0131n\u0131m\u0131 da yakalayabilir. B\u00f6ylece daha fazla g\u00fcne\u015f \u0131\u015f\u0131\u011f\u0131n\u0131 absorbe etme imkan\u0131 ve tek y\u00fczl\u00fc panellere g\u00f6re % 8 &#8211; 30 aras\u0131nda de\u011fi\u015fen oranlarda \u00fcretim art\u0131\u015f\u0131 sa\u011flarlar.<\/h1>\n<p><strong>\u00c7ift y\u00fczeyli panellerde<\/strong> ba\u015fl\u0131ca dikkat edilen \u00f6zellik panellerin <strong>arka<\/strong> ve<strong> \u00f6n<\/strong> y\u00fczeylerinde<strong> maksimum seviyede \u0131\u015f\u0131may\u0131<\/strong> alacak \u015fekilde g\u00f6lgelenmeleri azaltmakt\u0131r. Bunun i\u00e7in arka y\u00fczeyde bulunan<strong> <img loading=\"lazy\" class=\"alignright wp-image-119345\" src=\"https:\/\/www.enerjigazetesi.ist\/wp-content\/uploads\/2020\/08\/01-3.jpg\" alt=\"\" width=\"340\" height=\"195\" srcset=\"https:\/\/www.enerjigazetesi.ist\/wp-content\/uploads\/2020\/08\/01-3.jpg 713w, https:\/\/www.enerjigazetesi.ist\/wp-content\/uploads\/2020\/08\/01-3-300x172.jpg 300w, https:\/\/www.enerjigazetesi.ist\/wp-content\/uploads\/2020\/08\/01-3-500x287.jpg 500w, https:\/\/www.enerjigazetesi.ist\/wp-content\/uploads\/2020\/08\/01-3-80x46.jpg 80w\" sizes=\"(max-width: 340px) 100vw, 340px\" \/>junction box<\/strong>lar\u0131n boyutu <strong>k\u00fc\u00e7\u00fck<\/strong> ve konumu \u00e7er\u00e7evenin alt\u0131ndad\u0131r. <strong>Y\u00fczeyden geri yans\u0131yan \u0131\u015f\u0131ma<\/strong>ya, y\u00fczeylerin yans\u0131tma g\u00fcc\u00fcn\u00fc ise\u00a0<strong>albedo etkisi<\/strong> denir. Enerji \u00fcretimene etki eden bir di\u011fer etkende panelin <strong>yerden y\u00fcksekli\u011fi<\/strong>dir. G\u00fcne\u015f paneli<strong>\u00a0yere<\/strong> veya \u00e7at\u0131 y<strong>\u00fczeyine<\/strong> ne kadar yak\u0131n olursa <strong>yans\u0131yan \u0131\u015f\u0131nlardan<\/strong> o kadar az panel y\u00fczeyine d\u00fc\u015fecek olup, bunun i\u00e7in <strong>sistem tasar\u0131mlar\u0131nda panellerin montaj y\u00fcksekli\u011fi<\/strong>ni y\u00fckselterek bir <strong>enerji<\/strong>\u00a0<strong>\u00fcretimi art\u0131\u015f\u0131 sa\u011flamak<\/strong> m\u00fcmk\u00fcn olmaktad\u0131r. Belirlenecek zemin y\u00fczeyine g\u00f6re de <strong>albedo etkisi<\/strong> ve <strong>\u00e7ift y\u00fczey kazan\u0131m\u0131<\/strong> de\u011fi\u015fiklik g\u00f6stermektedir. <strong>\u00c7amur-\u00c7im<\/strong> y\u00fczeyde <strong>%5,5<\/strong>, <em>Toprak, \u00c7ak\u0131l Ta\u015f\u0131<\/em> <strong>%10,2<\/strong>, <em>Kum<\/em> <strong>%16.5<\/strong>, <em>Kar<\/em> <strong>%23.3<\/strong> ve<em> Beyaz Film<\/em> <strong>%26<\/strong> <em>geri kazan\u0131m imkan\u0131<\/em> sa\u011flar.<\/p>\n<p style=\"text-align: center;\"><img loading=\"lazy\" class=\"aligncenter wp-image-119346\" src=\"https:\/\/www.enerjigazetesi.ist\/wp-content\/uploads\/2020\/08\/02-3.jpg\" alt=\"\" width=\"650\" height=\"252\" srcset=\"https:\/\/www.enerjigazetesi.ist\/wp-content\/uploads\/2020\/08\/02-3.jpg 887w, https:\/\/www.enerjigazetesi.ist\/wp-content\/uploads\/2020\/08\/02-3-300x116.jpg 300w, https:\/\/www.enerjigazetesi.ist\/wp-content\/uploads\/2020\/08\/02-3-768x298.jpg 768w, https:\/\/www.enerjigazetesi.ist\/wp-content\/uploads\/2020\/08\/02-3-500x194.jpg 500w, https:\/\/www.enerjigazetesi.ist\/wp-content\/uploads\/2020\/08\/02-3-80x31.jpg 80w\" sizes=\"(max-width: 650px) 100vw, 650px\" \/><\/p>\n<p><strong>\u00c7ift y\u00fczeyli (bifacial) paneller<\/strong> hen\u00fcz yeni geli\u015fmekte olmalar\u0131na ra\u011fmen <strong>klasik panellere g\u00f6re<\/strong> k\u0131s\u0131tl\u0131 <img loading=\"lazy\" class=\"alignleft wp-image-119347\" src=\"https:\/\/www.enerjigazetesi.ist\/wp-content\/uploads\/2020\/08\/03.jpg\" alt=\"\" width=\"320\" height=\"224\" srcset=\"https:\/\/www.enerjigazetesi.ist\/wp-content\/uploads\/2020\/08\/03.jpg 700w, https:\/\/www.enerjigazetesi.ist\/wp-content\/uploads\/2020\/08\/03-300x210.jpg 300w, https:\/\/www.enerjigazetesi.ist\/wp-content\/uploads\/2020\/08\/03-500x350.jpg 500w, https:\/\/www.enerjigazetesi.ist\/wp-content\/uploads\/2020\/08\/03-71x50.jpg 71w\" sizes=\"(max-width: 320px) 100vw, 320px\" \/>alanda <strong>daha fazla enerji \u00fcretimi<\/strong> sa\u011flamaktad\u0131r. Bununla birlikte \u00fcretilen <strong>birim enerji ba\u015f\u0131na d\u00fc\u015fen maliyetleri<\/strong>ni azaltmaktad\u0131r. <strong>\u00c7at\u0131 \u00fcst\u00fc uygulamalar\u0131<\/strong>nda kullan\u0131lmas\u0131 mant\u0131kl\u0131 de\u011fildir. Bunun nedeni, <strong>\u00e7ift y\u00fczeyli g\u00fcne\u015f panelleri<\/strong>nin <strong>\u00e7at\u0131lara monte edildi\u011fi<\/strong>nde iyi \u00e7al\u0131\u015fmamas\u0131d\u0131r. <strong>\u00c7at\u0131 \u00fcst\u00fc g\u00fcne\u015f panelleri<\/strong>, <em>panel<\/em> ile <em>\u00e7at\u0131<\/em> y\u00fczeyi aras\u0131nda <strong>\u00e7ok az bo\u015fluk b\u0131rakacak<\/strong> \u015fekilde monte edilir. Bu ise <strong>\u00e7ok az yans\u0131yan<\/strong> g\u00fcne\u015f \u0131\u015f\u0131\u011f\u0131n\u0131n <strong>arka panel y\u00fcz\u00fcne<\/strong> ula\u015farak<strong> 2 y\u00fczeyli<\/strong> g\u00fcne\u015f \u00fcretimini k\u0131s\u0131tlad\u0131\u011f\u0131 anlam\u0131na gelir. <strong>Bodrum Havaliman\u0131<\/strong>\u2019na otopark\u0131nda kurulu olan sistem, \u00fclkemizin <strong>ilk \u00e7ift y\u00fczey kullan\u0131lan projelerinden biri<\/strong>dir. <strong>1.19 MW<\/strong> kapasiteli bu g\u00fcne\u015f santrali,<strong> ara\u00e7 <\/strong>ve <strong>zeminden yans\u0131yan<\/strong> g\u00fcne\u015f \u0131\u015f\u0131\u011f\u0131n\u0131 da enerjiye \u00e7evirerek <strong>standart panellere g\u00f6re<\/strong> en az <strong>% 9<\/strong> daha fazla enerji \u00fcretebilmektedir.<\/p>\n<p><strong>KAYNAK\u00c7A<\/strong><\/p>\n<p><strong>First Solar:<\/strong>\u00a0<a href=\"http:\/\/www.firstsolar.com\/en-Emea\/-\/media\/First-Solar\/Technical-Documents\/Bifacial-Documents\/Bifacial-Modules-2-Sides-To-Every-Solar-Panel-white-paper-burns-mcdonnell-09120.ashx\" target=\"_blank\" rel=\"nofollow noopener\">http:\/\/www.firstsolar.com\/en-Emea\/-\/media\/First-Solar\/Technical-Documents\/Bifacial-Documents\/Bifacial-Modules-2-Sides-To-Every-Solar-Panel-white-paper-burns-mcdonnell-09120.ashx<\/a><\/p>\n<p><strong>LG:<\/strong>\u00a0<a href=\"https:\/\/www.lg.com\/global\/business\/download\/resources\/solar\/Bifacial_design_guide_Full_ver.pdf\" target=\"_blank\" rel=\"nofollow noopener\">https:\/\/www.lg.com\/global\/business\/download\/resources\/solar\/Bifacial_design_guide_Full_ver.pdf<\/a><\/p>\n<p><strong>Solar Magazine:<\/strong>\u00a0<a href=\"https:\/\/solarmagazine.com\/solar-panels\/bifacial-solar-panels\/\" target=\"_blank\" rel=\"nofollow noopener\">https:\/\/solarmagazine.com\/solar-panels\/bifacial-solar-panels\/<\/a><\/p>\n<p><a href=\"https:\/\/news.energysage.com\/bifacial-solar-panels-what-you-need-to-know\/\" target=\"_blank\" rel=\"nofollow noopener\">https:\/\/news.energysage.com\/bifacial-solar-panels-what-you-need-to-know\/<\/a><\/p>\n<p><strong>Haz\u0131rlayan:<\/strong> Kaan Murat \u00c7EL\u0130KCAN &#8211; Enerji Sistemleri M\u00fch. \/ Enerji Edit\u00f6r\u00fc &#8211;\u00a0<a href=\"mailto:kmcelikcan@gmail.com\" target=\"_blank\" rel=\"nofollow noopener\">kmcelikcan@gmail.com<\/a><\/p>\n<p><strong>Yay\u0131na Alan:<\/strong>\u00a0Abdullah ZORLU \u2013 Enerji Sistemleri M\u00fch. \/ Enerji Edit\u00f6r\u00fc \u2013\u00a0<a href=\"mailto:azorluu@outlook.com\" target=\"_blank\" rel=\"nofollow noopener\">azorluu@outlook.com<\/a><\/p>","protected":false},"excerpt":{"rendered":"<p>Sorry, this entry is only available in Turkish. For the sake of viewer convenience, the content is shown below in the alternative language. You may click the link to switch the active language. Fotovoltaik g\u00fcne\u015f panellerinin geli\u015fen teknolojiyle birlikte verimlilik de\u011ferleri artarken \u00fcretilen birim maliyetleri ise azalmaktad\u0131r. Solar G\u00fcne\u015f panelleri \u00e7e\u015fitlerine g\u00f6re; monokristal %18+, Polikristal [&hellip;]<\/p>\n","protected":false},"author":1,"featured_media":119358,"comment_status":"open","ping_status":"open","sticky":false,"template":"","format":"standard","meta":[],"categories":[51,53,49],"tags":[70994,78226,78224,78223,27743,78217,78222,78216,52259,12235,2384,78221,11179,78225,53157,78227,78219,78220,78218],"views":1031,"_links":{"self":[{"href":"https:\/\/www.enerjigazetesi.ist\/en\/wp-json\/wp\/v2\/posts\/119341"}],"collection":[{"href":"https:\/\/www.enerjigazetesi.ist\/en\/wp-json\/wp\/v2\/posts"}],"about":[{"href":"https:\/\/www.enerjigazetesi.ist\/en\/wp-json\/wp\/v2\/types\/post"}],"author":[{"embeddable":true,"href":"https:\/\/www.enerjigazetesi.ist\/en\/wp-json\/wp\/v2\/users\/1"}],"replies":[{"embeddable":true,"href":"https:\/\/www.enerjigazetesi.ist\/en\/wp-json\/wp\/v2\/comments?post=119341"}],"version-history":[{"count":0,"href":"https:\/\/www.enerjigazetesi.ist\/en\/wp-json\/wp\/v2\/posts\/119341\/revisions"}],"wp:featuredmedia":[{"embeddable":true,"href":"https:\/\/www.enerjigazetesi.ist\/en\/wp-json\/wp\/v2\/media\/119358"}],"wp:attachment":[{"href":"https:\/\/www.enerjigazetesi.ist\/en\/wp-json\/wp\/v2\/media?parent=119341"}],"wp:term":[{"taxonomy":"category","embeddable":true,"href":"https:\/\/www.enerjigazetesi.ist\/en\/wp-json\/wp\/v2\/categories?post=119341"},{"taxonomy":"post_tag","embeddable":true,"href":"https:\/\/www.enerjigazetesi.ist\/en\/wp-json\/wp\/v2\/tags?post=119341"}],"curies":[{"name":"wp","href":"https:\/\/api.w.org\/{rel}","templated":true}]}}