{"id":11928,"date":"2013-06-14T17:50:19","date_gmt":"2013-06-14T14:50:19","guid":{"rendered":"https:\/\/www.enerjigazetesi.ist\/?p=11928"},"modified":"2013-06-14T17:54:01","modified_gmt":"2013-06-14T14:54:01","slug":"nukleerde-hedef-guney-koreden-daha-hizli-yol-almak","status":"publish","type":"post","link":"https:\/\/www.enerjigazetesi.ist\/en\/nukleerde-hedef-guney-koreden-daha-hizli-yol-almak\/","title":{"rendered":"(Turkish) N\u00fckleerde Hedef G\u00fcney Kore`den Daha H\u0131zl\u0131 Yol Almak"},"content":{"rendered":"<p class=\"qtranxs-available-languages-message qtranxs-available-languages-message-en\">Sorry, this entry is only available in <a href=\"https:\/\/www.enerjigazetesi.ist\/tr\/wp-json\/wp\/v2\/posts\/11928\" class=\"qtranxs-available-language-link qtranxs-available-language-link-tr\" title=\"Turkish\">Turkish<\/a>. For the sake of viewer convenience, the content is shown below in the alternative language. You may click the link to switch the active language.<\/p><p><strong>Enerji ve Tabii Kaynaklar Bakan\u0131 Taner Y\u0131ld\u0131z, T\u00fcrkiye`nin n\u00fckleer santraller alan\u0131nda G\u00fcney Kore`nin 40 y\u0131lda ald\u0131\u011f\u0131 yolu 15 y\u0131lda alabilece\u011fini s\u00f6yledi.<\/strong><\/p>\n<p>Taner Y\u0131ld\u0131z, Gaz&amp;Power taraf\u0131ndan Trabzon`da d\u00fczenlenen 4. T\u00fcrkiye Enerji Zirvesi`nde kat\u0131ld\u0131\u011f\u0131 bir oturumda, Vatan Yazar\u0131 Ufuk \u015eanl\u0131 ve Gaz&amp;Power An<a href=\"https:\/\/www.enerjigazetesi.ist\/wp-content\/uploads\/2013\/06\/Nukleer-Santraller-Turkiye.jpg\"><img loading=\"lazy\" class=\"size-medium wp-image-11929 alignright\" title=\"Nukleer-Santraller-Turkiye\" src=\"https:\/\/www.enerjigazetesi.ist\/wp-content\/uploads\/2013\/06\/Nukleer-Santraller-Turkiye-300x204.jpg\" alt=\"\" width=\"300\" height=\"204\" srcset=\"https:\/\/www.enerjigazetesi.ist\/wp-content\/uploads\/2013\/06\/Nukleer-Santraller-Turkiye-300x204.jpg 300w, https:\/\/www.enerjigazetesi.ist\/wp-content\/uploads\/2013\/06\/Nukleer-Santraller-Turkiye-500x340.jpg 500w, https:\/\/www.enerjigazetesi.ist\/wp-content\/uploads\/2013\/06\/Nukleer-Santraller-Turkiye-73x50.jpg 73w, https:\/\/www.enerjigazetesi.ist\/wp-content\/uploads\/2013\/06\/Nukleer-Santraller-Turkiye.jpg 562w\" sizes=\"(max-width: 300px) 100vw, 300px\" \/><\/a>kara Temsilcisi Aylin Bilekli`nin sorular\u0131n\u0131 cevaplarken, T\u00fcrkiye`nin n\u00fckleerdeki hedefleriin anlatt\u0131. Y\u0131ld\u0131z, NGS\u2019lerin yaln\u0131zca elektrik \u00fcretimi merkezleri olmay\u0131p, ayn\u0131 zamanda sanayile\u015fmenin odak noktas\u0131 oldu\u011funu vurgularken, sanayile\u015fmeyle alakal\u0131 geli\u015fmenin yak\u0131n zamanda anla\u015f\u0131laca\u011f\u0131n\u0131 ifade etti.<\/p>\n<p>T\u00fcrkiye\u2019nin her t\u00fcrl\u00fc m\u00fczakereyi yapabilecek bir ekip olu\u015fturdu\u011funun alt\u0131n\u0131 \u00e7izen Y\u0131ld\u0131z, \u015f\u00f6yle devam etti:<br \/>\n&#8220;30 y\u0131ldan beri n\u00fckleerin bir\u00e7ok dal\u0131yla u\u011fra\u015fan hocalar\u0131m\u0131z\u0131n bir\u00e7o\u011funun n\u00fckleerden uzak olduklar\u0131n\u0131 g\u00f6r\u00fcyoruz. Bizim amac\u0131m\u0131z; t\u00fcm bunlar\u0131n her birisini olu\u015fturmak, \u00fcniversitelerimizi, bilim merkezlerini, AR-GE merkezleriyle ilgili \u00e7al\u0131\u015fmalar\u0131m\u0131z\u0131 yap\u0131yoruz. NGS yapabilen bir organizasyonun bir\u00e7ok \u015feyin \u00fcstesinden gelebilece\u011fini hep beraber g\u00f6r\u00fcr\u00fcz.&#8221;<\/p>\n<p><strong>G\u00dcNEY KORE`DEN DAHA HIZLI YOL ALIRIZ<\/strong><\/p>\n<p>T\u00fcrkiye`nin 2023 y\u0131l\u0131nda ilk n\u00fckleer santrali devreye almay\u0131 planlad\u0131\u011f\u0131n\u0131, ikinci ve \u00fc\u00e7\u00fcnc\u00fc n\u00fckleer santral \u00e7al\u0131\u015fmalar\u0131n\u0131n devam etti\u011fini kaydeden Y\u0131ld\u0131z, &#8220;G\u00fcney Kore, 1970\u2019li y\u0131llarda i\u011fneden ipli\u011fe kadar hepsini yurtd\u0131\u015f\u0131ndan al\u0131yordu. \u015eu nda hepsini kendisi yap\u0131yor. O 40 y\u0131lda yapm\u0131\u015f, bizde belki 15 y\u0131lda yapar\u0131z. D\u00fcnyadaki t\u00fcm pazarlar\u0131n \u00f6rnekleri, t\u00fcketimden \u00fcretime do\u011frudur&#8221; dedi. Konu\u015fmas\u0131na &#8220;Paran\u0131 bul, yat\u0131r\u0131m\u0131n\u0131 yap, riskine katlan, biz senin yan\u0131nday\u0131z diyoruz&#8221; \u015feklinde devam eden Y\u0131ld\u0131z, b\u00fcy\u00fcyen T\u00fcrkiye\u2019nin avantajlar\u0131n\u0131 kullanman\u0131n gerekti\u011fini s\u00f6yledi.<\/p>\n<p>Kaynak: <a href=\"http:\/\/enerjigunlugu.net\/nukleerde-hedef-guney-koreden-daha-hizli-yol-almak_3833.html\" target=\"_blank\">Enerji G\u00fcnl\u00fc\u011f\u00fc<\/a><\/p>","protected":false},"excerpt":{"rendered":"<p>Sorry, this entry is only available in Turkish. For the sake of viewer convenience, the content is shown below in the alternative language. You may click the link to switch the active language.Enerji ve Tabii Kaynaklar Bakan\u0131 Taner Y\u0131ld\u0131z, T\u00fcrkiye`nin n\u00fckleer santraller alan\u0131nda G\u00fcney Kore`nin 40 y\u0131lda ald\u0131\u011f\u0131 yolu 15 y\u0131lda alabilece\u011fini s\u00f6yledi. Taner Y\u0131ld\u0131z, [&hellip;]<\/p>\n","protected":false},"author":1,"featured_media":11929,"comment_status":"open","ping_status":"open","sticky":false,"template":"","format":"standard","meta":[],"categories":[53,43],"tags":[5981,710,19,63,67,165,5363,1133,71,21,88,667],"views":786,"_links":{"self":[{"href":"https:\/\/www.enerjigazetesi.ist\/en\/wp-json\/wp\/v2\/posts\/11928"}],"collection":[{"href":"https:\/\/www.enerjigazetesi.ist\/en\/wp-json\/wp\/v2\/posts"}],"about":[{"href":"https:\/\/www.enerjigazetesi.ist\/en\/wp-json\/wp\/v2\/types\/post"}],"author":[{"embeddable":true,"href":"https:\/\/www.enerjigazetesi.ist\/en\/wp-json\/wp\/v2\/users\/1"}],"replies":[{"embeddable":true,"href":"https:\/\/www.enerjigazetesi.ist\/en\/wp-json\/wp\/v2\/comments?post=11928"}],"version-history":[{"count":4,"href":"https:\/\/www.enerjigazetesi.ist\/en\/wp-json\/wp\/v2\/posts\/11928\/revisions"}],"predecessor-version":[{"id":11933,"href":"https:\/\/www.enerjigazetesi.ist\/en\/wp-json\/wp\/v2\/posts\/11928\/revisions\/11933"}],"wp:featuredmedia":[{"embeddable":true,"href":"https:\/\/www.enerjigazetesi.ist\/en\/wp-json\/wp\/v2\/media\/11929"}],"wp:attachment":[{"href":"https:\/\/www.enerjigazetesi.ist\/en\/wp-json\/wp\/v2\/media?parent=11928"}],"wp:term":[{"taxonomy":"category","embeddable":true,"href":"https:\/\/www.enerjigazetesi.ist\/en\/wp-json\/wp\/v2\/categories?post=11928"},{"taxonomy":"post_tag","embeddable":true,"href":"https:\/\/www.enerjigazetesi.ist\/en\/wp-json\/wp\/v2\/tags?post=11928"}],"curies":[{"name":"wp","href":"https:\/\/api.w.org\/{rel}","templated":true}]}}