{"id":119227,"date":"2020-08-27T13:39:15","date_gmt":"2020-08-27T10:39:15","guid":{"rendered":"https:\/\/www.enerjigazetesi.ist\/?p=119227"},"modified":"2020-08-27T13:39:24","modified_gmt":"2020-08-27T10:39:24","slug":"aselsan-daki-yerli-uretim-eviriciler-de-calismalar-son-asamaya-geldi","status":"publish","type":"post","link":"https:\/\/www.enerjigazetesi.ist\/en\/aselsan-daki-yerli-uretim-eviriciler-de-calismalar-son-asamaya-geldi\/","title":{"rendered":"(Turkish) ASELSAN\u2019daki Yerli \u00dcretim Eviricilerde \u00c7al\u0131\u015fmalar Son A\u015famaya Geldi"},"content":{"rendered":"<p class=\"qtranxs-available-languages-message qtranxs-available-languages-message-en\">Sorry, this entry is only available in <a href=\"https:\/\/www.enerjigazetesi.ist\/tr\/wp-json\/wp\/v2\/posts\/119227\" class=\"qtranxs-available-language-link qtranxs-available-language-link-tr\" title=\"Turkish\">Turkish<\/a>. For the sake of viewer convenience, the content is shown below in the alternative language. You may click the link to switch the active language.<\/p><p><\/p>\n<h1>Fotovoltaik evirici yerli \u00fcretimine y\u00f6nelik ASELSAN\u2019daki \u00e7al\u0131\u015fmalar son a\u015famaya geldi.<\/h1>\n<h1><strong><img loading=\"lazy\" class=\"alignright wp-image-119230\" src=\"https:\/\/www.enerjigazetesi.ist\/wp-content\/uploads\/2020\/08\/aselsan-daki-yerli-uretim-eviriciler-de-calismalar-son-asamaya-geldi.jpg\" alt=\"\" width=\"320\" height=\"198\" srcset=\"https:\/\/www.enerjigazetesi.ist\/wp-content\/uploads\/2020\/08\/aselsan-daki-yerli-uretim-eviriciler-de-calismalar-son-asamaya-geldi.jpg 790w, https:\/\/www.enerjigazetesi.ist\/wp-content\/uploads\/2020\/08\/aselsan-daki-yerli-uretim-eviriciler-de-calismalar-son-asamaya-geldi-300x185.jpg 300w, https:\/\/www.enerjigazetesi.ist\/wp-content\/uploads\/2020\/08\/aselsan-daki-yerli-uretim-eviriciler-de-calismalar-son-asamaya-geldi-768x474.jpg 768w, https:\/\/www.enerjigazetesi.ist\/wp-content\/uploads\/2020\/08\/aselsan-daki-yerli-uretim-eviriciler-de-calismalar-son-asamaya-geldi-500x309.jpg 500w, https:\/\/www.enerjigazetesi.ist\/wp-content\/uploads\/2020\/08\/aselsan-daki-yerli-uretim-eviriciler-de-calismalar-son-asamaya-geldi-80x50.jpg 80w\" sizes=\"(max-width: 320px) 100vw, 320px\" \/><\/strong><\/h1>\n<p><strong>ASELSAN<\/strong>, \u00e7al\u0131\u015fmalar\u0131n\u0131 s\u00fcrd\u00fcrd\u00fc\u011f\u00fc <strong>250 kilovat g\u00fcc\u00fc<\/strong>nde <strong>dizi tip \u00fcr\u00fcnle inverter ( evirici ) tedarik\u00e7isi<\/strong> olarak h\u0131zla b\u00fcy\u00fcyen g\u00fcne\u015f enerjisi sekt\u00f6r\u00fcnde yerini almay\u0131 hedeflerken <strong>1500 volt DC gerilim seviyesi<\/strong>nde \u00e7al\u0131\u015fabilecek cihazla <strong>modern teknoloji gereklilikleri<\/strong> sa\u011flanarak <strong>enerji \u00fcretiminde verimlilik de<\/strong> art\u0131r\u0131lacak.<\/p>\n<p><strong>Mod\u00fcler merkezi<\/strong> \u015fekilde ba\u011flanabilme \u00f6zelli\u011fine sahip <strong>inverterler ( \u00e7eviriciler)<\/strong>, yat\u0131r\u0131mc\u0131lar\u0131n tercihleri do\u011frultusunda kabin i\u00e7i uygulamas\u0131 ile merkezi evirici yap\u0131s\u0131nda da santrallerde yer alabilecek. Ayr\u0131ca, <strong>RS485<\/strong> ve <strong>PLC (opsiyonel) haberle\u015fme altyap\u0131lar\u0131<\/strong> kullan\u0131m\u0131 ile yat\u0131r\u0131mc\u0131lara y\u00f6nelik <strong>m\u00fchendislik, tedarik ve kurulum firmalar\u0131<\/strong>nca\u00a0<strong>hem evirici cihaz\u0131<\/strong> hem de <strong>santral baz\u0131nda uzaktan izleme<\/strong> ve <strong>takip sistemleri<\/strong> kullan\u0131labilecek.<\/p>","protected":false},"excerpt":{"rendered":"<p>Sorry, this entry is only available in Turkish. For the sake of viewer convenience, the content is shown below in the alternative language. You may click the link to switch the active language. Fotovoltaik evirici yerli \u00fcretimine y\u00f6nelik ASELSAN\u2019daki \u00e7al\u0131\u015fmalar son a\u015famaya geldi. ASELSAN, \u00e7al\u0131\u015fmalar\u0131n\u0131 s\u00fcrd\u00fcrd\u00fc\u011f\u00fc 250 kilovat g\u00fcc\u00fcnde dizi tip \u00fcr\u00fcnle inverter ( evirici [&hellip;]<\/p>\n","protected":false},"author":1,"featured_media":119230,"comment_status":"open","ping_status":"open","sticky":false,"template":"","format":"standard","meta":[],"categories":[51,53,49],"tags":[21546,78112,5070,52259,78107,78111,78110,78113,78114,53157,78109,78108,39935],"views":388,"_links":{"self":[{"href":"https:\/\/www.enerjigazetesi.ist\/en\/wp-json\/wp\/v2\/posts\/119227"}],"collection":[{"href":"https:\/\/www.enerjigazetesi.ist\/en\/wp-json\/wp\/v2\/posts"}],"about":[{"href":"https:\/\/www.enerjigazetesi.ist\/en\/wp-json\/wp\/v2\/types\/post"}],"author":[{"embeddable":true,"href":"https:\/\/www.enerjigazetesi.ist\/en\/wp-json\/wp\/v2\/users\/1"}],"replies":[{"embeddable":true,"href":"https:\/\/www.enerjigazetesi.ist\/en\/wp-json\/wp\/v2\/comments?post=119227"}],"version-history":[{"count":0,"href":"https:\/\/www.enerjigazetesi.ist\/en\/wp-json\/wp\/v2\/posts\/119227\/revisions"}],"wp:featuredmedia":[{"embeddable":true,"href":"https:\/\/www.enerjigazetesi.ist\/en\/wp-json\/wp\/v2\/media\/119230"}],"wp:attachment":[{"href":"https:\/\/www.enerjigazetesi.ist\/en\/wp-json\/wp\/v2\/media?parent=119227"}],"wp:term":[{"taxonomy":"category","embeddable":true,"href":"https:\/\/www.enerjigazetesi.ist\/en\/wp-json\/wp\/v2\/categories?post=119227"},{"taxonomy":"post_tag","embeddable":true,"href":"https:\/\/www.enerjigazetesi.ist\/en\/wp-json\/wp\/v2\/tags?post=119227"}],"curies":[{"name":"wp","href":"https:\/\/api.w.org\/{rel}","templated":true}]}}