{"id":119183,"date":"2020-08-26T14:28:08","date_gmt":"2020-08-26T11:28:08","guid":{"rendered":"https:\/\/www.enerjigazetesi.ist\/?p=119183"},"modified":"2020-08-26T14:28:08","modified_gmt":"2020-08-26T11:28:08","slug":"teknoloji-sirketleri-nin-ruzgar-ve-gunes-enerjisine-talebi-artiyor","status":"publish","type":"post","link":"https:\/\/www.enerjigazetesi.ist\/en\/teknoloji-sirketleri-nin-ruzgar-ve-gunes-enerjisine-talebi-artiyor\/","title":{"rendered":"(Turkish) Teknoloji \u015eirketlerinin R\u00fczgar ve G\u00fcne\u015f Enerjisine Talebi Art\u0131yor!"},"content":{"rendered":"<p class=\"qtranxs-available-languages-message qtranxs-available-languages-message-en\">Sorry, this entry is only available in <a href=\"https:\/\/www.enerjigazetesi.ist\/tr\/wp-json\/wp\/v2\/posts\/119183\" class=\"qtranxs-available-language-link qtranxs-available-language-link-tr\" title=\"Turkish\">Turkish<\/a>. For the sake of viewer convenience, the content is shown below in the alternative language. You may click the link to switch the active language.<\/p><p><\/p>\n<h1><strong>\u015eirketler, y\u0131llar ge\u00e7tik\u00e7e g\u00f6zlerini temiz enerjiye \u00e7eviriyor. Yap\u0131lan son bir ara\u015ft\u0131rmaya g\u00f6re kurumsal temiz enerji i\u00e7in \u015firketler, 2019 y\u0131l\u0131nda 19,5 GW enerji al\u0131m\u0131 ger\u00e7ekle\u015ftirdi. R\u00fczgar ve g\u00fcne\u015f enerjilerinin \u015firketlerin enerji kaynaklar\u0131 i\u00e7in \u00f6nem arz etmeye ba\u015flad\u0131\u011f\u0131n\u0131 aktaran \u00dclke Enerji Genel M\u00fcd\u00fcr\u00fc Ali Ayd\u0131n\u2019a g\u00f6re, T\u00fcrkiye\u2019deki bir\u00e7ok end\u00fcstri i\u00e7in de enerji al\u0131mlar\u0131n\u0131n ba\u015fta r\u00fczgar santralleri olmak \u00fczere yenilenebilir enerjiden kar\u015f\u0131lanmas\u0131 <img loading=\"lazy\" class=\"alignright wp-image-119185\" src=\"https:\/\/www.enerjigazetesi.ist\/wp-content\/uploads\/2020\/08\/teknoloji-sirketleri-nin-ruzgar-ve-gunes-enerjisine-talebi-artiyor-2.jpg\" alt=\"\" width=\"320\" height=\"254\" srcset=\"https:\/\/www.enerjigazetesi.ist\/wp-content\/uploads\/2020\/08\/teknoloji-sirketleri-nin-ruzgar-ve-gunes-enerjisine-talebi-artiyor-2.jpg 616w, https:\/\/www.enerjigazetesi.ist\/wp-content\/uploads\/2020\/08\/teknoloji-sirketleri-nin-ruzgar-ve-gunes-enerjisine-talebi-artiyor-2-300x238.jpg 300w, https:\/\/www.enerjigazetesi.ist\/wp-content\/uploads\/2020\/08\/teknoloji-sirketleri-nin-ruzgar-ve-gunes-enerjisine-talebi-artiyor-2-500x396.jpg 500w, https:\/\/www.enerjigazetesi.ist\/wp-content\/uploads\/2020\/08\/teknoloji-sirketleri-nin-ruzgar-ve-gunes-enerjisine-talebi-artiyor-2-63x50.jpg 63w\" sizes=\"(max-width: 320px) 100vw, 320px\" \/>gerekiyor.<\/strong><\/h1>\n<p><strong>BloombergNEF (BNEF)<\/strong> taraf\u0131ndan yay\u0131nlanan <strong>2020 Kurumsal Enerji Piyasas\u0131 G\u00f6r\u00fcn\u00fcm raporu<\/strong>na g\u00f6re 23 farkl\u0131 \u00fclkede 100\u2019den fazla \u015firket,<strong> 2019<\/strong>\u2019da <strong>19,5 GW<\/strong> <strong>temiz enerji al\u0131m\u0131<\/strong> ger\u00e7ekle\u015ftirdi. Temiz enerji i\u00e7in \u015firketlerin ba\u015fl\u0131ca kaynaklar\u0131 <strong>r\u00fczgar ve g\u00fcne\u015f enerjisi<\/strong> olurken, teknoloji \u015firketleri en b\u00fcy\u00fck m\u00fc\u015fteri gruplar\u0131n\u0131 olu\u015fturdu. Yurti\u00e7i ve yurtd\u0131\u015f\u0131ndaki <strong>r\u00fczgar enerjisi santralleri<\/strong>ne servis hizmetleri sunan <strong>\u00dclke Enerji<\/strong>\u2019nin Genel M\u00fcd\u00fcr\u00fc <strong>Ali Ayd\u0131n<\/strong>, \u015firketlerdeki yenilenebilir <strong>PPA al\u0131mlar\u0131<\/strong>n\u0131n daha da artaca\u011f\u0131na dikkat \u00e7ekerek T\u00fcrkiye\u2019nin de bu s\u00fcre\u00e7te eylem planlar\u0131n\u0131 haz\u0131rlamas\u0131 gerekti\u011fini belirtiyor.<\/p>\n<h2><strong>Google Yenilenebilir Enerji Sat\u0131n Al\u0131m\u0131nda Ba\u015f\u0131 \u00c7ekiyor<\/strong><\/h2>\n<p>R\u00fczgar enerjisi ba\u015fta olmak \u00fczere <strong>yenilenebilir enerjiye y\u00f6nelik<\/strong> \u015firketlerin talepleri art\u0131yor. En \u00e7ok talebi g\u00f6steren ise teknoloji \u015firketleri oluyor. <strong>2019<\/strong>\u2019da <strong>2,7 GW<\/strong> yenilenebilir enerji al\u0131m\u0131 ger\u00e7ekle\u015ftiren <strong>Google<\/strong>, <strong>temiz enerji<\/strong> i\u00e7in <strong>en b\u00fcy\u00fck al\u0131mlar\u0131<\/strong> ger\u00e7ekle\u015ftiriyor. Hem ekonomi hem de gelecek ad\u0131na <strong>yenilenebilir enerjiden yana<\/strong> taraflar\u0131n\u0131 belirten \u015firketlerin ilerleyen d\u00f6nemlerde daha da kazan\u00e7l\u0131 duruma ge\u00e7eceklerini aktaran Ali Ayd\u0131n, gelecek d\u00f6nemde bu oranlar\u0131n daha da artaca\u011f\u0131n\u0131, ba\u015fta <strong>r\u00fczgar enerjisi sekt\u00f6r\u00fc<\/strong> olmak \u00fczere <strong>yenilenebilir enerjinin<\/strong> bir\u00e7ok alan\u0131nda <strong>kurumsal enerji al\u0131mlar\u0131n\u0131n y\u00fckselece\u011fi<\/strong>ni belirtiyor. Ayr\u0131ca, <strong>end\u00fcstriyel ve ticari t\u00fcketicilerin<\/strong>, Avrupa&#8217;n\u0131n <strong>enerji t\u00fcketiminin yar\u0131s\u0131ndan fazlas\u0131n\u0131<\/strong> olu\u015fturdu\u011funa da dikkat \u00e7eken Ayd\u0131n, kurumsal t\u00fcketicileri <strong>yenilenebilir enerji<\/strong> ile g\u00fc\u00e7lendirmenin, <strong>CO2 emisyonlar\u0131<\/strong>ndaki \u00f6nemli d\u00fc\u015f\u00fc\u015fleri beraberinde getirebilece\u011fini belirtiyor.<\/p>\n<h2><strong>Kurumsal Enerji Sat\u0131n Al\u0131mlar\u0131 T\u00fcrkiye\u2019deki R\u00fczgar\u0131n Seyrini De\u011fi\u015ftirebilir<\/strong><strong><br \/>\n<\/strong><\/h2>\n<p>T\u00fcrkiye\u2019nin r\u00fczgar enerjisine y\u00f6nelik \u00e7al\u0131\u015fmalar\u0131 <strong>son 10 y\u0131lda<\/strong> b\u00fcy\u00fck bir art\u0131\u015f g\u00f6sterirken, <strong>r\u00fczgar\u0131n \u00fclkenin enerji ihtiyac\u0131na<\/strong> y\u00f6nelik katk\u0131lar\u0131 da g\u00f6zle g\u00f6r\u00fcl\u00fcr boyutlara ula\u015f\u0131yor. Elektrik ihtiyac\u0131n\u0131n <strong>%8<\/strong>\u2019inin r\u00fczgar enerjisinden sa\u011fland\u0131\u011f\u0131 T\u00fcrkiye\u2019de, yat\u0131r\u0131mlar\u0131n devaml\u0131l\u0131\u011f\u0131 hem <strong>ekonomiye<\/strong> hem de <strong>enerji alan\u0131na<\/strong> b\u00fcy\u00fck destek sa\u011fl\u0131yor. <strong>Yurti\u00e7i ve yurtd\u0131\u015f\u0131nda r\u00fczgar enerjisi santralleri<\/strong>ne <strong>bak\u0131m <\/strong>ve<strong> onar\u0131m hizmetleri<\/strong> veren <strong>\u00dclke Enerji<\/strong> Genel M\u00fcd\u00fcr\u00fc <strong>Ali Ayd\u0131n<\/strong>, \u00fclkemizdeki <strong>r\u00fczgar enerjisinin<\/strong> sa\u011flayaca\u011f\u0131 katk\u0131lar\u0131n <strong>ileri boyutlara ta\u015f\u0131nmas\u0131nda<\/strong> kurumsal <strong>enerji sat\u0131n al\u0131mlar\u0131<\/strong>n\u0131n da b\u00fcy\u00fck katk\u0131s\u0131 olaca\u011f\u0131n\u0131 d\u00fc\u015f\u00fcn\u00fcyor.<\/p>","protected":false},"excerpt":{"rendered":"<p>Sorry, this entry is only available in Turkish. For the sake of viewer convenience, the content is shown below in the alternative language. You may click the link to switch the active language. \u015eirketler, y\u0131llar ge\u00e7tik\u00e7e g\u00f6zlerini temiz enerjiye \u00e7eviriyor. Yap\u0131lan son bir ara\u015ft\u0131rmaya g\u00f6re kurumsal temiz enerji i\u00e7in \u015firketler, 2019 y\u0131l\u0131nda 19,5 GW enerji [&hellip;]<\/p>\n","protected":false},"author":1,"featured_media":119186,"comment_status":"open","ping_status":"open","sticky":false,"template":"","format":"standard","meta":[],"categories":[51,53,49,50],"tags":[78080,45446,78078,5818,78077,52259,35038,54876,35002,78076,78079,54979,45445],"views":138,"_links":{"self":[{"href":"https:\/\/www.enerjigazetesi.ist\/en\/wp-json\/wp\/v2\/posts\/119183"}],"collection":[{"href":"https:\/\/www.enerjigazetesi.ist\/en\/wp-json\/wp\/v2\/posts"}],"about":[{"href":"https:\/\/www.enerjigazetesi.ist\/en\/wp-json\/wp\/v2\/types\/post"}],"author":[{"embeddable":true,"href":"https:\/\/www.enerjigazetesi.ist\/en\/wp-json\/wp\/v2\/users\/1"}],"replies":[{"embeddable":true,"href":"https:\/\/www.enerjigazetesi.ist\/en\/wp-json\/wp\/v2\/comments?post=119183"}],"version-history":[{"count":0,"href":"https:\/\/www.enerjigazetesi.ist\/en\/wp-json\/wp\/v2\/posts\/119183\/revisions"}],"wp:featuredmedia":[{"embeddable":true,"href":"https:\/\/www.enerjigazetesi.ist\/en\/wp-json\/wp\/v2\/media\/119186"}],"wp:attachment":[{"href":"https:\/\/www.enerjigazetesi.ist\/en\/wp-json\/wp\/v2\/media?parent=119183"}],"wp:term":[{"taxonomy":"category","embeddable":true,"href":"https:\/\/www.enerjigazetesi.ist\/en\/wp-json\/wp\/v2\/categories?post=119183"},{"taxonomy":"post_tag","embeddable":true,"href":"https:\/\/www.enerjigazetesi.ist\/en\/wp-json\/wp\/v2\/tags?post=119183"}],"curies":[{"name":"wp","href":"https:\/\/api.w.org\/{rel}","templated":true}]}}