{"id":118938,"date":"2020-08-21T13:11:54","date_gmt":"2020-08-21T10:11:54","guid":{"rendered":"https:\/\/www.enerjigazetesi.ist\/?p=118938"},"modified":"2020-08-21T13:12:19","modified_gmt":"2020-08-21T10:12:19","slug":"elazig-ve-malatyada-depremzedelerin-fatura-tahsilatlari-3-ay-ertelendi","status":"publish","type":"post","link":"https:\/\/www.enerjigazetesi.ist\/en\/elazig-ve-malatyada-depremzedelerin-fatura-tahsilatlari-3-ay-ertelendi\/","title":{"rendered":"(Turkish) Elaz\u0131\u011f ve Malatya\u2019da Depremzedelerin Fatura Tahsilatlar\u0131 3 Ay Ertelendi"},"content":{"rendered":"<p class=\"qtranxs-available-languages-message qtranxs-available-languages-message-en\">Sorry, this entry is only available in <a href=\"https:\/\/www.enerjigazetesi.ist\/tr\/wp-json\/wp\/v2\/posts\/118938\" class=\"qtranxs-available-language-link qtranxs-available-language-link-tr\" title=\"Turkish\">Turkish<\/a>. For the sake of viewer convenience, the content is shown below in the alternative language. You may click the link to switch the active language.<\/p><p><\/p>\n<h1>Konuya y\u00f6nelik Cumhurba\u015fkan\u0131 karar\u0131, Resmi Gazete&#8217;nin ilgili say\u0131s\u0131nda yay\u0131mland\u0131. Buna g\u00f6re, 24 Ocak 2020&#8217;de merkez \u00fcss\u00fc Elaz\u0131\u011f&#8217;\u0131n Sivrice il\u00e7esi olan depremde zarar g\u00f6renlerin Temmuz, A\u011fustos ve Eyl\u00fcl d\u00f6nemlerindeki elektrik ve do\u011falgaz t\u00fcketimlerine y\u00f6nelik tahsilatlar\u0131 gerekli <img loading=\"lazy\" class=\"alignright wp-image-118941\" src=\"https:\/\/www.enerjigazetesi.ist\/wp-content\/uploads\/2020\/08\/elazig-ve-malatyada-depremzedelerin-fatura-tahsilatlari-3-ay-ertelendi.jpg\" alt=\"\" width=\"320\" height=\"209\" srcset=\"https:\/\/www.enerjigazetesi.ist\/wp-content\/uploads\/2020\/08\/elazig-ve-malatyada-depremzedelerin-fatura-tahsilatlari-3-ay-ertelendi.jpg 552w, https:\/\/www.enerjigazetesi.ist\/wp-content\/uploads\/2020\/08\/elazig-ve-malatyada-depremzedelerin-fatura-tahsilatlari-3-ay-ertelendi-300x196.jpg 300w, https:\/\/www.enerjigazetesi.ist\/wp-content\/uploads\/2020\/08\/elazig-ve-malatyada-depremzedelerin-fatura-tahsilatlari-3-ay-ertelendi-500x326.jpg 500w, https:\/\/www.enerjigazetesi.ist\/wp-content\/uploads\/2020\/08\/elazig-ve-malatyada-depremzedelerin-fatura-tahsilatlari-3-ay-ertelendi-77x50.jpg 77w\" sizes=\"(max-width: 320px) 100vw, 320px\" \/>belgelerle ba\u015fvurulmas\u0131 halinde 3 ay ertelenebilecek.<\/h1>\n<p>Karar ile <strong>deprem<\/strong> dolay\u0131s\u0131yla <strong>konutu<\/strong> veya<strong> i\u015fyeri<\/strong> y\u0131k\u0131lan, <strong>orta hasarl\u0131<\/strong> veya <strong>a\u011f\u0131r hasarl\u0131<\/strong> hale gelen ve yaln\u0131zca <strong>g\u00f6revli tedarik \u015firketi<\/strong> ile ilgili b\u00f6lgelerin <strong>do\u011falgaz da\u011f\u0131t\u0131m faaliyeti<\/strong>ni y\u00fcr\u00fcten da\u011f\u0131t\u0131m \u015firketinden <strong>elektrik<\/strong> veya <strong>do\u011falgaz<\/strong> temin eden <strong>mesken<\/strong> ve <strong>ticarethane abone grubu<\/strong>ndaki t\u00fcketicilerin <strong>elektrik<\/strong> ve<strong> do\u011falgaz<\/strong> t\u00fcketimlerine ili\u015fkin tahsilatlar\u0131 kapsayacak.<\/p>\n<p>Di\u011fer yandan, <strong>mesken<\/strong> ve<strong> ticarethane<\/strong> abone grubunda olmakla birlikte<strong> kamu kurum<\/strong> ve <strong>kurulu\u015flar\u0131na<\/strong> veya <strong>dernek<\/strong> ve <strong>vak\u0131f<\/strong> gibi<strong> sivil toplum kurulu\u015flar\u0131<\/strong>na ait yerlerin t\u00fcketimleri bu karar\u0131n d\u0131\u015f\u0131ndad\u0131r.<\/p>","protected":false},"excerpt":{"rendered":"<p>Sorry, this entry is only available in Turkish. For the sake of viewer convenience, the content is shown below in the alternative language. You may click the link to switch the active language. Konuya y\u00f6nelik Cumhurba\u015fkan\u0131 karar\u0131, Resmi Gazete&#8217;nin ilgili say\u0131s\u0131nda yay\u0131mland\u0131. Buna g\u00f6re, 24 Ocak 2020&#8217;de merkez \u00fcss\u00fc Elaz\u0131\u011f&#8217;\u0131n Sivrice il\u00e7esi olan depremde zarar [&hellip;]<\/p>\n","protected":false},"author":1,"featured_media":118941,"comment_status":"open","ping_status":"open","sticky":false,"template":"","format":"standard","meta":[],"categories":[46,51,53],"tags":[59223,77853,54036,4249,77854,53114,77851,77850,52259,3489,77852,1388],"views":146,"_links":{"self":[{"href":"https:\/\/www.enerjigazetesi.ist\/en\/wp-json\/wp\/v2\/posts\/118938"}],"collection":[{"href":"https:\/\/www.enerjigazetesi.ist\/en\/wp-json\/wp\/v2\/posts"}],"about":[{"href":"https:\/\/www.enerjigazetesi.ist\/en\/wp-json\/wp\/v2\/types\/post"}],"author":[{"embeddable":true,"href":"https:\/\/www.enerjigazetesi.ist\/en\/wp-json\/wp\/v2\/users\/1"}],"replies":[{"embeddable":true,"href":"https:\/\/www.enerjigazetesi.ist\/en\/wp-json\/wp\/v2\/comments?post=118938"}],"version-history":[{"count":0,"href":"https:\/\/www.enerjigazetesi.ist\/en\/wp-json\/wp\/v2\/posts\/118938\/revisions"}],"wp:featuredmedia":[{"embeddable":true,"href":"https:\/\/www.enerjigazetesi.ist\/en\/wp-json\/wp\/v2\/media\/118941"}],"wp:attachment":[{"href":"https:\/\/www.enerjigazetesi.ist\/en\/wp-json\/wp\/v2\/media?parent=118938"}],"wp:term":[{"taxonomy":"category","embeddable":true,"href":"https:\/\/www.enerjigazetesi.ist\/en\/wp-json\/wp\/v2\/categories?post=118938"},{"taxonomy":"post_tag","embeddable":true,"href":"https:\/\/www.enerjigazetesi.ist\/en\/wp-json\/wp\/v2\/tags?post=118938"}],"curies":[{"name":"wp","href":"https:\/\/api.w.org\/{rel}","templated":true}]}}