{"id":118876,"date":"2020-08-19T18:46:40","date_gmt":"2020-08-19T15:46:40","guid":{"rendered":"https:\/\/www.enerjigazetesi.ist\/?p=118876"},"modified":"2020-08-19T18:46:49","modified_gmt":"2020-08-19T15:46:49","slug":"made-in-turkiye-damgali-gunes-panelleri-uretim-bandindan-artik-iniyor","status":"publish","type":"post","link":"https:\/\/www.enerjigazetesi.ist\/en\/made-in-turkiye-damgali-gunes-panelleri-uretim-bandindan-artik-iniyor\/","title":{"rendered":"(Turkish) &#8217;Made in T\u00fcrkiye&#8217; Damgal\u0131 G\u00fcne\u015f Panelleri \u00dcretim Band\u0131ndan Art\u0131k \u0130niyor!"},"content":{"rendered":"<p class=\"qtranxs-available-languages-message qtranxs-available-languages-message-en\">Sorry, this entry is only available in <a href=\"https:\/\/www.enerjigazetesi.ist\/tr\/wp-json\/wp\/v2\/posts\/118876\" class=\"qtranxs-available-language-link qtranxs-available-language-link-tr\" title=\"Turkish\">Turkish<\/a>. For the sake of viewer convenience, the content is shown below in the alternative language. You may click the link to switch the active language.<\/p><p><\/p>\n<h1>Enerji ve Tabii Kaynaklar Bakan\u0131 Fatih D\u00f6nmez taraf\u0131ndan yenilenebilir enerji teknolojilerinin yerlile\u015ftirilmesi i\u00e7in \u00f6nemli bir ad\u0131m olan\u00a0&#8216;Made in T\u00fcrkiye&#8217; damgal\u0131 g\u00fcne\u015f panellerinin bug\u00fcn \u00fcretim band\u0131ndan <img loading=\"lazy\" class=\"alignright wp-image-118878\" src=\"https:\/\/www.enerjigazetesi.ist\/wp-content\/uploads\/2020\/08\/made-in-turkiye-damgali-gunes-panelleri-uretim-bandindan-artik-iniyor.jpg\" alt=\"\" width=\"320\" height=\"220\" srcset=\"https:\/\/www.enerjigazetesi.ist\/wp-content\/uploads\/2020\/08\/made-in-turkiye-damgali-gunes-panelleri-uretim-bandindan-artik-iniyor.jpg 635w, https:\/\/www.enerjigazetesi.ist\/wp-content\/uploads\/2020\/08\/made-in-turkiye-damgali-gunes-panelleri-uretim-bandindan-artik-iniyor-300x206.jpg 300w, https:\/\/www.enerjigazetesi.ist\/wp-content\/uploads\/2020\/08\/made-in-turkiye-damgali-gunes-panelleri-uretim-bandindan-artik-iniyor-500x344.jpg 500w, https:\/\/www.enerjigazetesi.ist\/wp-content\/uploads\/2020\/08\/made-in-turkiye-damgali-gunes-panelleri-uretim-bandindan-artik-iniyor-73x50.jpg 73w\" sizes=\"(max-width: 320px) 100vw, 320px\" \/>indirilece\u011fini bildirdi.<\/h1>\n<p>Fatih D\u00f6nmez, Twitter hesab\u0131ndan Cumhurba\u015fkan\u0131 <strong>Recep Tayyip Erdo\u011fan<\/strong>&#8216;\u0131n kat\u0131l\u0131m\u0131yla a\u00e7\u0131lacak\u00a0T\u00fcrkiye&#8217;nin ilk ve tek tam entegre g\u00fcne\u015f paneli \u00fcretim fabrikas\u0131na\u00a0ili\u015fkin payla\u015f\u0131m yapt\u0131.<\/p>\n<p>T\u00fcrkiye&#8217;de <strong>yenilenebilir enerji teknolojileri<\/strong>nin yerlile\u015ftirilmesi kapsam\u0131nda \u00f6nemli bir ad\u0131m at\u0131laca\u011f\u0131na dikkati \u00e7eken D\u00f6nmez, <strong>&#8216;Made in T\u00fcrkiye&#8217;<\/strong> damgal\u0131 g\u00fcne\u015f panelleri <strong>d\u00fcnyan\u0131n g\u00fcne\u015fini elektri\u011fe \u00e7evirmek<\/strong> i\u00e7in \u00fcretim band\u0131ndan iniyor. Yerli kaynak, yerli teknoloji, ba\u011f\u0131ms\u0131z enerji ve G\u00fc\u00e7l\u00fc T\u00fcrkiye.&#8221; ifadelerini kulland\u0131.<\/p>\n<p><strong>Ba\u015fkent Organize Sanayi B\u00f6lgesi<\/strong>&#8216;nde\u00a0<strong>1,4 milyar dolarl\u0131k<\/strong> yat\u0131r\u0131mla kurulan ve y\u0131ll\u0131k <strong>500 megavat<\/strong> g\u00fcne\u015f paneli \u00fcretim kapasitesine sahip olan <strong>Kalyon G\u00fcne\u015f Teknolojileri Fabrikas\u0131<\/strong>, <strong>1400 ki\u015fiye istihdam<\/strong> sa\u011flayacak.<\/p>\n<p>S\u00f6z konusu fabrika, <strong>Avrupa<\/strong> ve <strong>Orta Do\u011fu&#8217;nun<\/strong> tek <strong>tam entegre g\u00fcne\u015f paneli \u00fcretim fabrikas\u0131<\/strong> olma \u00f6zelli\u011fine de sahiptir.<\/p>","protected":false},"excerpt":{"rendered":"<p>Sorry, this entry is only available in Turkish. For the sake of viewer convenience, the content is shown below in the alternative language. You may click the link to switch the active language. Enerji ve Tabii Kaynaklar Bakan\u0131 Fatih D\u00f6nmez taraf\u0131ndan yenilenebilir enerji teknolojilerinin yerlile\u015ftirilmesi i\u00e7in \u00f6nemli bir ad\u0131m olan\u00a0&#8216;Made in T\u00fcrkiye&#8217; damgal\u0131 g\u00fcne\u015f panellerinin [&hellip;]<\/p>\n","protected":false},"author":1,"featured_media":118878,"comment_status":"open","ping_status":"open","sticky":false,"template":"","format":"standard","meta":[],"categories":[51,53,49],"tags":[2674,40879,75092,52259,40432,53157,75569,8255,77809,2063,54979,76680,8307,25182],"views":128,"_links":{"self":[{"href":"https:\/\/www.enerjigazetesi.ist\/en\/wp-json\/wp\/v2\/posts\/118876"}],"collection":[{"href":"https:\/\/www.enerjigazetesi.ist\/en\/wp-json\/wp\/v2\/posts"}],"about":[{"href":"https:\/\/www.enerjigazetesi.ist\/en\/wp-json\/wp\/v2\/types\/post"}],"author":[{"embeddable":true,"href":"https:\/\/www.enerjigazetesi.ist\/en\/wp-json\/wp\/v2\/users\/1"}],"replies":[{"embeddable":true,"href":"https:\/\/www.enerjigazetesi.ist\/en\/wp-json\/wp\/v2\/comments?post=118876"}],"version-history":[{"count":0,"href":"https:\/\/www.enerjigazetesi.ist\/en\/wp-json\/wp\/v2\/posts\/118876\/revisions"}],"wp:featuredmedia":[{"embeddable":true,"href":"https:\/\/www.enerjigazetesi.ist\/en\/wp-json\/wp\/v2\/media\/118878"}],"wp:attachment":[{"href":"https:\/\/www.enerjigazetesi.ist\/en\/wp-json\/wp\/v2\/media?parent=118876"}],"wp:term":[{"taxonomy":"category","embeddable":true,"href":"https:\/\/www.enerjigazetesi.ist\/en\/wp-json\/wp\/v2\/categories?post=118876"},{"taxonomy":"post_tag","embeddable":true,"href":"https:\/\/www.enerjigazetesi.ist\/en\/wp-json\/wp\/v2\/tags?post=118876"}],"curies":[{"name":"wp","href":"https:\/\/api.w.org\/{rel}","templated":true}]}}