{"id":118787,"date":"2020-08-18T08:14:42","date_gmt":"2020-08-18T05:14:42","guid":{"rendered":"https:\/\/www.enerjigazetesi.ist\/?p=118787"},"modified":"2020-08-18T08:14:42","modified_gmt":"2020-08-18T05:14:42","slug":"su-yalitiminda-dogru-malzeme-secimi-hayat-kurtariyor","status":"publish","type":"post","link":"https:\/\/www.enerjigazetesi.ist\/en\/su-yalitiminda-dogru-malzeme-secimi-hayat-kurtariyor\/","title":{"rendered":"(Turkish) Su Yal\u0131t\u0131m\u0131nda Do\u011fru Malzeme Se\u00e7imi Hayat Kurtar\u0131yor"},"content":{"rendered":"<p class=\"qtranxs-available-languages-message qtranxs-available-languages-message-en\">Sorry, this entry is only available in <a href=\"https:\/\/www.enerjigazetesi.ist\/tr\/wp-json\/wp\/v2\/posts\/118787\" class=\"qtranxs-available-language-link qtranxs-available-language-link-tr\" title=\"Turkish\">Turkish<\/a>. For the sake of viewer convenience, the content is shown below in the alternative language. You may click the link to switch the active language.<\/p><p><\/p>\n<h1><strong>T\u00fcrkiye\u2019nin yak\u0131n tarihte ya\u015fad\u0131\u011f\u0131 en b\u00fcy\u00fck felaketlerden biri olan 17 A\u011fustos 1999 depreminin y\u0131l d\u00f6n\u00fcm\u00fc, binalarda su yal\u0131t\u0131m\u0131n\u0131n \u00f6nemini bir kez daha hat\u0131rlatt\u0131.\u00a0 Su yal\u0131t\u0131m\u0131n\u0131n binalar\u0131n dayan\u0131kl\u0131l\u0131\u011f\u0131n\u0131 art\u0131rd\u0131\u011f\u0131na ve bu sayede hayat kurtard\u0131\u011f\u0131na dikkat \u00e7eken ODE Yal\u0131t\u0131m Sat\u0131\u015f ve Pazarlama Genel M\u00fcd\u00fcr Yard\u0131mc\u0131s\u0131 Erhan \u00d6zdemir, \u201c\u00dclkemizdeki yakla\u015f\u0131k 22 milyon civar\u0131nda konutun y\u00fczde 80\u2019inde halen yal\u0131t\u0131m yok veya \u00e7ok zay\u0131f bir yal\u0131t\u0131m uygulamas\u0131 bulunuyor. Bu b\u00fcy\u00fck ac\u0131n\u0131n bir kez daha ya\u015fanmamas\u0131 i\u00e7in binalar\u0131n \u00f6mr\u00fcn\u00fc uzatan ve sa\u011flaml\u0131\u011f\u0131n\u0131 art\u0131ran su yal\u0131t\u0131m\u0131 uygulamas\u0131n\u0131n bir an \u00f6nce yap\u0131lmas\u0131 gerekiyor\u201d dedi.<\/strong><\/h1>\n<p><img loading=\"lazy\" class=\"alignright wp-image-118789\" src=\"https:\/\/www.enerjigazetesi.ist\/wp-content\/uploads\/2020\/08\/su-yalitiminda-dogru-malzeme-secimi-hayat-kurtariyor.jpg\" alt=\"\" width=\"320\" height=\"278\" srcset=\"https:\/\/www.enerjigazetesi.ist\/wp-content\/uploads\/2020\/08\/su-yalitiminda-dogru-malzeme-secimi-hayat-kurtariyor.jpg 562w, https:\/\/www.enerjigazetesi.ist\/wp-content\/uploads\/2020\/08\/su-yalitiminda-dogru-malzeme-secimi-hayat-kurtariyor-300x260.jpg 300w, https:\/\/www.enerjigazetesi.ist\/wp-content\/uploads\/2020\/08\/su-yalitiminda-dogru-malzeme-secimi-hayat-kurtariyor-461x400.jpg 461w, https:\/\/www.enerjigazetesi.ist\/wp-content\/uploads\/2020\/08\/su-yalitiminda-dogru-malzeme-secimi-hayat-kurtariyor-58x50.jpg 58w\" sizes=\"(max-width: 320px) 100vw, 320px\" \/>T\u00fcrkiye\u2019nin deprem ger\u00e7e\u011fini en ac\u0131 \u015fekilde hat\u0131rlatan <strong>17 A\u011fustos depremi<\/strong>nin \u00fczerinden<strong> 21 y\u0131l<\/strong> ge\u00e7ti. <strong>18 bin 373<\/strong> ki\u015finin hayat\u0131n\u0131 kaybetti\u011fi, <strong>48 bin 901<\/strong> ki\u015finin yaraland\u0131\u011f\u0131 bu depremde, <strong>112 bin 735<\/strong>\u2019i y\u0131k\u0131k-a\u011f\u0131r hasarl\u0131 olmak \u00fczere <strong>365 bine<\/strong> yak\u0131n konut ve i\u015f yeri de hasar g\u00f6rd\u00fc. <strong>17 A\u011fustos depremi<\/strong> bu y\u00f6n\u00fcyle binalar\u0131n dayan\u0131kl\u0131l\u0131\u011f\u0131 ve uzun \u00f6m\u00fcrl\u00fc olmas\u0131nda <strong>su yal\u0131t\u0131m\u0131n\u0131n \u00f6nemi<\/strong>ni de bir kez daha ortaya koydu. T\u00fcrkiye\u2019de yal\u0131t\u0131m sekt\u00f6r\u00fcn\u00fcn \u00f6nde gelen firmalar\u0131ndan <strong>ODE Yal\u0131t\u0131m\u2019\u0131n<\/strong> <strong>Sat\u0131\u015f ve Pazarlama Genel M\u00fcd\u00fcr Yard\u0131mc\u0131s\u0131 Erhan \u00d6zdemir<\/strong>, b\u00fcy\u00fck depremin y\u0131l d\u00f6n\u00fcm\u00fcnde su yal\u0131t\u0131m\u0131n\u0131n \u00f6nemine dikkat \u00e7ekti.<\/p>\n<h2><strong>Erhan \u00d6zdemir: \u201cBinan\u0131n iskeletini su yal\u0131t\u0131m\u0131 koruyor\u201d<\/strong><\/h2>\n<p><strong>Su yal\u0131t\u0131m\u0131<\/strong>n\u0131n <strong>binalar\u0131n dayan\u0131kl\u0131l\u0131\u011f\u0131n\u0131 art\u0131rd\u0131\u011f\u0131<\/strong>n\u0131 ve bu sayede hayat kurtard\u0131\u011f\u0131n\u0131 s\u00f6yleyen <strong>Erhan \u00d6zdemir, \u201c<\/strong>Deprem b\u00f6lgelerinde koruyucu etkisi olan su yal\u0131t\u0131m\u0131, y\u00fcz\u00f6l\u00e7\u00fcm\u00fc olarak <strong>% 92<\/strong>\u2019si, n\u00fcfus yo\u011funlu\u011fu olarak ise <strong>% 95<\/strong>\u2019i deprem ku\u015fa\u011f\u0131nda bulunan \u00fclkemiz i\u00e7in hayati \u00f6neme sahip. Ancak maalesef deprem ger\u00e7e\u011fimize ve aradan ge\u00e7en zamana ra\u011fmen T\u00fcrkiye genelindeki yakla\u015f\u0131k <strong>22 milyon<\/strong> civar\u0131nda konutun <strong>% 80<\/strong>\u2019inde halen yal\u0131t\u0131m yok veya \u00e7ok zay\u0131f bir <strong>yal\u0131t\u0131m uygulamas\u0131<\/strong> bulunuyor. Oysaki bir binan\u0131n anatomisini inceledi\u011fimizde, iskelet ne kadar g\u00fc\u00e7l\u00fc ve sa\u011flamsa binan\u0131n da ayn\u0131 derecede g\u00fc\u00e7l\u00fc ve sa\u011flam oldu\u011funu g\u00f6r\u00fcr\u00fcz. \u00d6zellikle binan\u0131n iskeletini olu\u015fturan <strong>ta\u015f\u0131y\u0131c\u0131<\/strong> kolonlardaki <strong>demir, korozyondan<\/strong> ne kadar etkin korunursa yap\u0131 da o kadar etkin korunur ve \u00f6mr\u00fc uzar. Bu nedenle<strong> su yal\u0131t\u0131m\u0131 uygularken<\/strong> yap\u0131lan i\u015fin hayat kurtarabilece\u011fi her zaman g\u00f6z \u00f6n\u00fcnde bulundurmal\u0131\u201d dedi.<\/p>\n<h2><strong>\u201cSu yal\u0131t\u0131m\u0131nda en uygun malzeme se\u00e7imini kolayla\u015ft\u0131ran hizmetimiz T\u00fcrkiye\u2019de bir ilk\u201d<\/strong><\/h2>\n<p>Yap\u0131larda <strong>uzun \u00f6m\u00fcrl\u00fc<\/strong> ve<strong> g\u00fcvenli su yal\u0131t\u0131m\u0131 uygulamalar\u0131<\/strong> i\u00e7in \u00f6ncelikle d<strong>o\u011fru \u00fcr\u00fcn ve do\u011fru sistem se\u00e7imi<\/strong> yap\u0131lmas\u0131 gerekti\u011fini vurgulayan <strong>\u00d6zdemir<\/strong>, s\u00f6zlerini \u015f\u00f6yle s\u00fcrd\u00fcrd\u00fc; \u201cDeprem kar\u015f\u0131s\u0131nda binan\u0131n dayan\u0131kl\u0131l\u0131\u011f\u0131n\u0131 art\u0131racak en uygun ve g\u00fcvenilir malzemenin <strong>bit\u00fcml\u00fc membran \u00f6rt\u00fcleri<\/strong> oldu\u011funu biliyoruz. Bununla birlikte, konutumuzun veya i\u015f yerimizin yal\u0131t\u0131m\u0131n\u0131 yapt\u0131rmak istedi\u011fimizde pek \u00e7ok se\u00e7enekle kar\u015f\u0131la\u015f\u0131yoruz. Bu noktada projenin bulundu\u011fu b\u00f6lgeden \u00e7at\u0131n\u0131n e\u011fimine kadar pek \u00e7ok kriter devreye giriyor ve bu da en <strong>do\u011fru malzeme se\u00e7imi<\/strong>ni zorla\u015ft\u0131rabiliyor. Biz de <strong>ODE Yal\u0131t\u0131m<\/strong> olarak buradan yola \u00e7\u0131kt\u0131k ve yenilik\u00e7i bir hizmet olan <strong>ODE Select<\/strong>\u2019i geli\u015ftirdik. T\u00fcrkiye\u2019de ilk, d\u00fcnyada da say\u0131l\u0131 \u00f6rneklerden biri olan online sistem se\u00e7im arac\u0131 ODE Select, <strong>in\u015faat projeleri<\/strong> i\u00e7in en uygun \u00e7\u00f6z\u00fcmleri ve teknik dok\u00fcmanlar\u0131 dakikalar i\u00e7inde bir araya getiriyor. Uygulama ile <strong>\u00e7at\u0131lar, temel ve perdeler i\u00e7in yal\u0131t\u0131m \u00e7\u00f6z\u00fcmleri<\/strong>, proje kriterlerine uygun sistemler, <strong>2D detaylar, \u015fartnameler<\/strong> ve <strong>teknik dok\u00fcmanlar<\/strong> tek bir dosya halinde ve tamamen \u00fccretsiz olarak bilgisayara indirilebiliyor. Sistem ayr\u0131ca, ihtiya\u00e7 duyuldu\u011fu takdirde sat\u0131\u015f temsilcilerimizden teklif veya uzmanlar\u0131m\u0131zdan teknik destek almaya da olanak tan\u0131yor. Bu sayede proje yap\u0131c\u0131lar ile \u00fcretici uzmanl\u0131\u011f\u0131 aras\u0131nda g\u00fc\u00e7l\u00fc bir bilgi a\u011f\u0131 kurarken<strong> sekt\u00f6rdeki bilgi kirlili\u011finin de \u00f6n\u00fcne ge\u00e7meyi<\/strong> hedefliyoruz.\u201d<\/p>\n<h2><strong>Payda\u015flara deprem e\u011fitimi <\/strong><\/h2>\n<p>Payda\u015flar\u0131na y\u00f6nelik t\u00fcm e\u011fitim ve seminerde de deprem ger\u00e7e\u011fine dikkat \u00e7ektiklerini ifade eden <strong>Erhan \u00d6zdemir<\/strong>, \u201cSeminerlerimiz arac\u0131l\u0131\u011f\u0131yla bu zamana kadar t\u00fcm b\u00f6lgelerden toplamda <strong>660 uygulamac\u0131ya<\/strong> ve y\u00fczlerce sekt\u00f6r uzman\u0131na ula\u015ft\u0131k. <strong>Uygulamal\u0131 ve teknik seminerler<\/strong> ile <strong>yal\u0131t\u0131m ve enerjinin do\u011fru kullan\u0131m\u0131<\/strong>n\u0131 payda\u015flar\u0131m\u0131za aktar\u0131rken bu sayede t\u00fcketicilerin bu konularda do\u011fru bilgiye ula\u015fmalar\u0131na da katk\u0131 sunuyoruz. Deprem ger\u00e7e\u011fini her zaman g\u00f6z \u00f6n\u00fcnde bulundurarak fark\u0131ndal\u0131k yaratan<strong> yenilik\u00e7i \u00fcr\u00fcn, uygulama ve hizmetler geli\u015ftirmeye<\/strong> bundan sonra da devam edece\u011fiz\u201d diye konu\u015ftu.<\/p>","protected":false},"excerpt":{"rendered":"<p>Sorry, this entry is only available in Turkish. For the sake of viewer convenience, the content is shown below in the alternative language. You may click the link to switch the active language. T\u00fcrkiye\u2019nin yak\u0131n tarihte ya\u015fad\u0131\u011f\u0131 en b\u00fcy\u00fck felaketlerden biri olan 17 A\u011fustos 1999 depreminin y\u0131l d\u00f6n\u00fcm\u00fc, binalarda su yal\u0131t\u0131m\u0131n\u0131n \u00f6nemini bir kez daha [&hellip;]<\/p>\n","protected":false},"author":1,"featured_media":118790,"comment_status":"open","ping_status":"open","sticky":false,"template":"","format":"standard","meta":[],"categories":[53],"tags":[55104,77752,55113,77754,77755,52259,45961,75834,33913,43376,75496,52464,77753],"views":88,"_links":{"self":[{"href":"https:\/\/www.enerjigazetesi.ist\/en\/wp-json\/wp\/v2\/posts\/118787"}],"collection":[{"href":"https:\/\/www.enerjigazetesi.ist\/en\/wp-json\/wp\/v2\/posts"}],"about":[{"href":"https:\/\/www.enerjigazetesi.ist\/en\/wp-json\/wp\/v2\/types\/post"}],"author":[{"embeddable":true,"href":"https:\/\/www.enerjigazetesi.ist\/en\/wp-json\/wp\/v2\/users\/1"}],"replies":[{"embeddable":true,"href":"https:\/\/www.enerjigazetesi.ist\/en\/wp-json\/wp\/v2\/comments?post=118787"}],"version-history":[{"count":0,"href":"https:\/\/www.enerjigazetesi.ist\/en\/wp-json\/wp\/v2\/posts\/118787\/revisions"}],"wp:featuredmedia":[{"embeddable":true,"href":"https:\/\/www.enerjigazetesi.ist\/en\/wp-json\/wp\/v2\/media\/118790"}],"wp:attachment":[{"href":"https:\/\/www.enerjigazetesi.ist\/en\/wp-json\/wp\/v2\/media?parent=118787"}],"wp:term":[{"taxonomy":"category","embeddable":true,"href":"https:\/\/www.enerjigazetesi.ist\/en\/wp-json\/wp\/v2\/categories?post=118787"},{"taxonomy":"post_tag","embeddable":true,"href":"https:\/\/www.enerjigazetesi.ist\/en\/wp-json\/wp\/v2\/tags?post=118787"}],"curies":[{"name":"wp","href":"https:\/\/api.w.org\/{rel}","templated":true}]}}