{"id":118707,"date":"2020-08-17T10:02:36","date_gmt":"2020-08-17T07:02:36","guid":{"rendered":"https:\/\/www.enerjigazetesi.ist\/?p=118707"},"modified":"2020-08-17T10:02:46","modified_gmt":"2020-08-17T07:02:46","slug":"tusas-ve-boren-kompozit-malzeme-alaninda-is-birligi-gerceklestirdi","status":"publish","type":"post","link":"https:\/\/www.enerjigazetesi.ist\/en\/tusas-ve-boren-kompozit-malzeme-alaninda-is-birligi-gerceklestirdi\/","title":{"rendered":"(Turkish) &#8217;TUSA\u015e ve BOREN&#8217; Kompozit Malzeme Alan\u0131nda \u0130\u015f Birli\u011fi Ger\u00e7ekle\u015ftirdi"},"content":{"rendered":"<p class=\"qtranxs-available-languages-message qtranxs-available-languages-message-en\">Sorry, this entry is only available in <a href=\"https:\/\/www.enerjigazetesi.ist\/tr\/wp-json\/wp\/v2\/posts\/118707\" class=\"qtranxs-available-language-link qtranxs-available-language-link-tr\" title=\"Turkish\">Turkish<\/a>. For the sake of viewer convenience, the content is shown below in the alternative language. You may click the link to switch the active language.<\/p><p><\/p>\n<h1>T\u00fcrk Havac\u0131l\u0131k ve Uzay Sanayii (TUSA\u015e) ile Ulusal Bor Enstit\u00fcs\u00fc (BOREN) aras\u0131nda\u00a0&#8220;Bor Fiber Takviyeli Kompozit Malzemelerinin Havac\u0131l\u0131k Yap\u0131sallar\u0131nda Kullan\u0131m\u0131n\u0131n Ara\u015ft\u0131r\u0131lmas\u0131&#8221;na ili\u015fkin i\u015f <img loading=\"lazy\" class=\"alignright wp-image-118709\" src=\"https:\/\/www.enerjigazetesi.ist\/wp-content\/uploads\/2020\/08\/tusas-ve-borenden-kompozit-malzeme-alaninda-is-birligi.jpg\" alt=\"\" width=\"320\" height=\"193\" srcset=\"https:\/\/www.enerjigazetesi.ist\/wp-content\/uploads\/2020\/08\/tusas-ve-borenden-kompozit-malzeme-alaninda-is-birligi.jpg 726w, https:\/\/www.enerjigazetesi.ist\/wp-content\/uploads\/2020\/08\/tusas-ve-borenden-kompozit-malzeme-alaninda-is-birligi-300x181.jpg 300w, https:\/\/www.enerjigazetesi.ist\/wp-content\/uploads\/2020\/08\/tusas-ve-borenden-kompozit-malzeme-alaninda-is-birligi-500x301.jpg 500w, https:\/\/www.enerjigazetesi.ist\/wp-content\/uploads\/2020\/08\/tusas-ve-borenden-kompozit-malzeme-alaninda-is-birligi-80x48.jpg 80w\" sizes=\"(max-width: 320px) 100vw, 320px\" \/>birli\u011fi protokol\u00fc imzaland\u0131.<\/h1>\n<p><strong>TUSA\u015e<\/strong>&#8216;tan yap\u0131lan a\u00e7\u0131klamaya g\u00f6re, d\u00fcnyada bilinen <strong>2 kompozit alternatifi<\/strong> yerine <strong>TUSA\u015e<\/strong> Genel M\u00fcd\u00fcr\u00fc <strong>Temel Kotil<\/strong> ve <strong>BOREN<\/strong> Ba\u015fkan\u0131 <strong>Abd\u00fclkerim Y\u00f6r\u00fcko\u011flu<\/strong> taraf\u0131ndan \u00f6nerilen<strong> fikir, i\u015f birli\u011fi<\/strong>yle per\u00e7inlendi.<\/p>\n<p>Bu kapsamda her 2 kurulu\u015f, <strong>d\u00fcnya havac\u0131l\u0131k ekosistemi<\/strong>nde s\u0131k kullan\u0131lan materyaller yerine <strong>bor fiber kompozit malzemesi<\/strong>nin <strong>ara\u015ft\u0131r\u0131lmas\u0131 <\/strong>ve<strong> geli\u015ftirilmesi<\/strong> konusunda g\u00fc\u00e7lerini birle\u015ftirecek.<\/p>\n<p>S\u00f6z konusu malzemenin geli\u015ftirilmesiyle<strong> hava ara\u00e7lar\u0131ndaki millilik oran\u0131<\/strong>n\u0131n art\u0131r\u0131lmas\u0131 ve bu \u00fcr\u00fcnlerin <strong>inovatif \u00f6zellikleri<\/strong>yle piyasada <strong>daha g\u00fc\u00e7l\u00fc bir konum<\/strong> edinmeleri hedefleniyor.<\/p>","protected":false},"excerpt":{"rendered":"<p>Sorry, this entry is only available in Turkish. For the sake of viewer convenience, the content is shown below in the alternative language. You may click the link to switch the active language. T\u00fcrk Havac\u0131l\u0131k ve Uzay Sanayii (TUSA\u015e) ile Ulusal Bor Enstit\u00fcs\u00fc (BOREN) aras\u0131nda\u00a0&#8220;Bor Fiber Takviyeli Kompozit Malzemelerinin Havac\u0131l\u0131k Yap\u0131sallar\u0131nda Kullan\u0131m\u0131n\u0131n Ara\u015ft\u0131r\u0131lmas\u0131&#8221;na ili\u015fkin i\u015f [&hellip;]<\/p>\n","protected":false},"author":1,"featured_media":118709,"comment_status":"open","ping_status":"open","sticky":false,"template":"","format":"standard","meta":[],"categories":[53],"tags":[77687,52259,60818,77685,37997,77686],"views":106,"_links":{"self":[{"href":"https:\/\/www.enerjigazetesi.ist\/en\/wp-json\/wp\/v2\/posts\/118707"}],"collection":[{"href":"https:\/\/www.enerjigazetesi.ist\/en\/wp-json\/wp\/v2\/posts"}],"about":[{"href":"https:\/\/www.enerjigazetesi.ist\/en\/wp-json\/wp\/v2\/types\/post"}],"author":[{"embeddable":true,"href":"https:\/\/www.enerjigazetesi.ist\/en\/wp-json\/wp\/v2\/users\/1"}],"replies":[{"embeddable":true,"href":"https:\/\/www.enerjigazetesi.ist\/en\/wp-json\/wp\/v2\/comments?post=118707"}],"version-history":[{"count":0,"href":"https:\/\/www.enerjigazetesi.ist\/en\/wp-json\/wp\/v2\/posts\/118707\/revisions"}],"wp:featuredmedia":[{"embeddable":true,"href":"https:\/\/www.enerjigazetesi.ist\/en\/wp-json\/wp\/v2\/media\/118709"}],"wp:attachment":[{"href":"https:\/\/www.enerjigazetesi.ist\/en\/wp-json\/wp\/v2\/media?parent=118707"}],"wp:term":[{"taxonomy":"category","embeddable":true,"href":"https:\/\/www.enerjigazetesi.ist\/en\/wp-json\/wp\/v2\/categories?post=118707"},{"taxonomy":"post_tag","embeddable":true,"href":"https:\/\/www.enerjigazetesi.ist\/en\/wp-json\/wp\/v2\/tags?post=118707"}],"curies":[{"name":"wp","href":"https:\/\/api.w.org\/{rel}","templated":true}]}}