{"id":118655,"date":"2020-08-15T22:33:27","date_gmt":"2020-08-15T19:33:27","guid":{"rendered":"https:\/\/www.enerjigazetesi.ist\/?p=118655"},"modified":"2020-08-15T22:33:27","modified_gmt":"2020-08-15T19:33:27","slug":"depremin-yikici-etkisine-karsi-binalarin-gucunu-su-yalitimiyla-korumaliyiz","status":"publish","type":"post","link":"https:\/\/www.enerjigazetesi.ist\/en\/depremin-yikici-etkisine-karsi-binalarin-gucunu-su-yalitimiyla-korumaliyiz\/","title":{"rendered":"(Turkish) &#8221;Depremin Y\u0131k\u0131c\u0131 Etkisine Kar\u015f\u0131 Binalar\u0131n G\u00fcc\u00fcn\u00fc Su Yal\u0131t\u0131m\u0131yla Korumal\u0131y\u0131z&#8221;"},"content":{"rendered":"<p class=\"qtranxs-available-languages-message qtranxs-available-languages-message-en\">Sorry, this entry is only available in <a href=\"https:\/\/www.enerjigazetesi.ist\/tr\/wp-json\/wp\/v2\/posts\/118655\" class=\"qtranxs-available-language-link qtranxs-available-language-link-tr\" title=\"Turkish\">Turkish<\/a>. For the sake of viewer convenience, the content is shown below in the alternative language. You may click the link to switch the active language.<\/p><p><\/p>\n<h1><strong>Is\u0131 Su Ses ve Yang\u0131n Yal\u0131t\u0131mc\u0131lar\u0131 Derne\u011fi \u0130ZODER, &#8217;17 A\u011fustos Marmara Depremi\u2019nin 21&#8217;inci y\u0131l d\u00f6n\u00fcm\u00fc nedeniyle bir a\u00e7\u0131klama yapt\u0131. \u0130ZODER Y\u00f6netim Kurulu Ba\u015fkan\u0131 Levent G\u00f6k\u00e7e, deprem ger\u00e7e\u011fi ve yal\u0131t\u0131m konusunda kamuoyunu bilin\u00e7lendirmeyi g\u00f6rev edindiklerini belirterek, \u201cDeprem ku\u015fa\u011f\u0131nda yer alan \u00fclkemizde al\u0131nmas\u0131 gereken en temel \u00f6nlemlerin ba\u015f\u0131nda, su yal\u0131t\u0131m\u0131 ile korumaya al\u0131nan uzun \u00f6m\u00fcrl\u00fc ve depreme dayan\u0131kl\u0131 binalar in\u015fa etmek geliyor. Depremin y\u0131k\u0131c\u0131 etkisine kar\u015f\u0131 <img loading=\"lazy\" class=\"alignright wp-image-118658\" src=\"https:\/\/www.enerjigazetesi.ist\/wp-content\/uploads\/2020\/08\/depremin-yikici-etkisine-karsi-binalarin-gucunu-su-yalitimiyla-korumaliyiz.jpg\" alt=\"\" width=\"320\" height=\"237\" srcset=\"https:\/\/www.enerjigazetesi.ist\/wp-content\/uploads\/2020\/08\/depremin-yikici-etkisine-karsi-binalarin-gucunu-su-yalitimiyla-korumaliyiz.jpg 658w, https:\/\/www.enerjigazetesi.ist\/wp-content\/uploads\/2020\/08\/depremin-yikici-etkisine-karsi-binalarin-gucunu-su-yalitimiyla-korumaliyiz-300x222.jpg 300w, https:\/\/www.enerjigazetesi.ist\/wp-content\/uploads\/2020\/08\/depremin-yikici-etkisine-karsi-binalarin-gucunu-su-yalitimiyla-korumaliyiz-500x371.jpg 500w, https:\/\/www.enerjigazetesi.ist\/wp-content\/uploads\/2020\/08\/depremin-yikici-etkisine-karsi-binalarin-gucunu-su-yalitimiyla-korumaliyiz-67x50.jpg 67w\" sizes=\"(max-width: 320px) 100vw, 320px\" \/>binalar\u0131m\u0131z\u0131n g\u00fcc\u00fcn\u00fc su yal\u0131t\u0131m\u0131yla korumal\u0131y\u0131z\u201d dedi.<\/strong><\/h1>\n<p><strong>17 A\u011fustos 1999<\/strong> Marmara Depremi&#8217;nin \u00fczerinden <strong>21 y\u0131l<\/strong> ge\u00e7mesine ra\u011fmen, yap\u0131lar\u0131n depreme hala haz\u0131r olmad\u0131\u011f\u0131na dikkat \u00e7eken <strong>\u0130ZODER Ba\u015fkan\u0131 Levent G\u00f6k\u00e7e, <\/strong>\u201c<strong>Marmara Depremi<\/strong>nde hayat\u0131n\u0131 kaybeden vatanda\u015flar\u0131m\u0131z\u0131 bir kez daha rahmetle an\u0131yoruz. \u00dclke olarak <strong>depremle ya\u015famay\u0131 \u00f6\u011frenmeli<\/strong>, <strong>g\u00fcvenli yap\u0131la\u015fma bilinciyle<\/strong> hareket etmeliyiz\u201d diye konu\u015ftu. \u00dclke genelinde milyonlarca konutta halen <strong>su yal\u0131t\u0131m\u0131n\u0131n olmad\u0131\u011f\u0131n\u0131n<\/strong> alt\u0131n\u0131 \u00e7izen <strong>Levent G\u00f6k\u00e7e<\/strong>, bug\u00fcn <strong>su yal\u0131t\u0131m\u0131<\/strong> ile donat\u0131lm\u0131\u015f <strong>g\u00fcvenli<\/strong> ve <strong>nitelikli binalar\u0131n<\/strong> in\u015fa edilmesinde <strong>kentsel d\u00f6n\u00fc\u015f\u00fcm<\/strong>\u00fcn b\u00fcy\u00fck bir f\u0131rsat oldu\u011funu belirtti.<\/p>\n<h2><strong>Her deprem sonras\u0131 ya\u015fanan \u00fcz\u00fcc\u00fc durumlar\u0131n \u00f6n\u00fcne ge\u00e7ebiliriz<\/strong><\/h2>\n<p><strong>Kentsel d\u00f6n\u00fc\u015f\u00fcm s\u00fcreci<\/strong>nde in\u015fa edilen <strong>yeni binalarda yal\u0131t\u0131m uygulamalar\u0131<\/strong>na \u00f6ncelik verilmeye ba\u015flanmas\u0131n\u0131n, hem yal\u0131t\u0131m sekt\u00f6r\u00fc hem toplum ad\u0131na \u00f6nemli geli\u015fme oldu\u011funu vurgulayan <strong>Levent G\u00f6k\u00e7e<\/strong>, \u015f\u00f6yle konu\u015ftu: \u201c<strong>Betonarme yap\u0131 sistemleri<\/strong>nin en \u00e7ok etkilendikleri noktalardan biri suya kar\u015f\u0131 hassasiyetleridir. Yap\u0131lar\u0131m\u0131za suyun n\u00fcfuz etmesi durumunda, ta\u015f\u0131y\u0131c\u0131 elemanlarda bulunan demir donat\u0131lar<strong> korozyona maruz kalarak<\/strong> paslan\u0131yor ve <strong>binalar\u0131m\u0131z\u0131n \u00f6mr\u00fc<\/strong> ve <strong>dayan\u0131kl\u0131l\u0131\u011f\u0131<\/strong> azal\u0131yor. Korozyona maruz kalan bir bina, yap\u0131m\u0131ndan sonraki<strong> 20 y\u0131l i\u00e7inde<\/strong> ta\u015f\u0131ma kapasitesinin yar\u0131s\u0131ndan fazlas\u0131n\u0131 kaybedebiliyor. Dolay\u0131s\u0131yla <strong>binalar\u0131m\u0131z\u0131n g\u00fcc\u00fcn\u00fc su yal\u0131t\u0131m\u0131yla<\/strong> koruma alt\u0131na almal\u0131y\u0131z. \u00d6n\u00fcm\u00fczdeki s\u00fcreci iyi de\u011ferlendirip, su yal\u0131t\u0131m\u0131n\u0131 <strong>kaliteli malzeme<\/strong> ve <strong>uzman uygulamalar<\/strong> ile ger\u00e7ekle\u015ftirirsek, her deprem sonras\u0131nda ya\u015fad\u0131\u011f\u0131m\u0131z \u00fcz\u00fcc\u00fc durumlar\u0131n \u00f6n\u00fcne ge\u00e7ebiliriz.\u201d<\/p>\n<p>T\u00fcrkiye\u2019de in\u015faat sekt\u00f6r\u00fcnde b\u00fcy\u00fck bir eksikli\u011fi gidererek, binalara <strong>dayan\u0131kl\u0131l\u0131k<\/strong>, <strong>kalite<\/strong> ve <strong>konfor<\/strong> kazand\u0131racak <strong>\u2018Binalarda Su Yal\u0131t\u0131m\u0131 Y\u00f6netmeli\u011fi<\/strong>\u2019nin, <strong>1 Haziran 2018<\/strong>\u2019de y\u00fcr\u00fcrl\u00fc\u011fe girdi\u011fini belirten <strong>Levent G\u00f6k\u00e7e, \u201c<\/strong><em>\u00c7evre ve \u015eehircilik Bakanl\u0131\u011f\u0131<\/em> taraf\u0131ndan, \u0130ZODER\u2019in de destek ve giri\u015fimleriyle mevzuattaki eksikleri gidermek \u00fczere haz\u0131rlanan yeni y\u00f6netmelikle, <strong>su yal\u0131t\u0131m\u0131n\u0131n yeni binalarda uygulanmas\u0131 zorunlu hale<\/strong> getirildi. T\u00fcrkiye <strong>in\u015faat sekt\u00f6r\u00fc<\/strong> ve <strong>kullan\u0131c\u0131lar<\/strong> a\u00e7\u0131s\u0131ndan \u00e7ok \u00f6nemli bir ad\u0131m olan bu y\u00f6netmelik, <strong>su yal\u0131t\u0131m\u0131<\/strong> ile ilgili \u00e7ok b\u00fcy\u00fck bir eksikli\u011fi giderecek. Yeni yap\u0131lan binalarda bu y\u00f6netmelikte \u00f6ng\u00f6r\u00fclen esaslara uyulmad\u0131\u011f\u0131n\u0131n tespit edilmesi halinde, bu eksiklikler giderilinceye kadar <strong>binaya yap\u0131 kullanma izin belgesi<\/strong> verilmeyecek\u201d dedi.<\/p>\n<h2><strong>\u2018Su Yal\u0131t\u0131m Y\u00f6netmeli\u011fi K\u0131lavuzu\u2019nu kamuoyu ile payla\u015f\u0131yoruz<\/strong><\/h2>\n<p><strong>\u00c7evre ve \u015eehircilik Bakanl\u0131\u011f\u0131<\/strong> ile <strong>\u0130ZODER<\/strong> aras\u0131ndaki<strong> teknik i\u015f birli\u011fi protokol\u00fc<\/strong> \u00e7er\u00e7evesinde \u00e7al\u0131\u015fmalar y\u00fcr\u00fctt\u00fcklerini belirten <strong>Levent G\u00f6k\u00e7e<\/strong>, s\u00f6zlerini \u015f\u00f6yle tamamlad\u0131: \u201c<strong>Yal\u0131t\u0131m sekt\u00f6r\u00fc<\/strong>n\u00fcn katk\u0131lar\u0131 ve Bakanl\u0131\u011f\u0131m\u0131z\u0131n destekleri ile olu\u015fturulan \u2018<strong>Su Yal\u0131t\u0131m Y\u00f6netmeli\u011fi K\u0131lavuzu<\/strong>\u2019nun tasar\u0131m s\u00fcreci tamamland\u0131. Daha \u00f6nce Bakanl\u0131kla birlikte haz\u0131rlay\u0131p <strong>\u0130ZODER<\/strong> web sitesinde yay\u0131nlad\u0131\u011f\u0131m\u0131z<strong> \u2018Ses Yal\u0131t\u0131m A\u00e7\u0131klama ve Uygulama K\u0131lavuzu\u2019<\/strong>nun ard\u0131ndan \u2018<strong>Su Yal\u0131t\u0131m Y\u00f6netmeli\u011fi K\u0131lavuzu<\/strong>\u2019nu da <strong>17 A\u011fustos 2020<\/strong> tarihi itibar\u0131yla <strong><a href=\"http:\/\/www.izoder.org\" target=\"_blank\" rel=\"nofollow noopener\">www.izoder.org<\/a>\u2019da<\/strong> yay\u0131nlayaca\u011f\u0131z.\u201d<\/p>","protected":false},"excerpt":{"rendered":"<p>Sorry, this entry is only available in Turkish. For the sake of viewer convenience, the content is shown below in the alternative language. You may click the link to switch the active language. Is\u0131 Su Ses ve Yang\u0131n Yal\u0131t\u0131mc\u0131lar\u0131 Derne\u011fi \u0130ZODER, &#8217;17 A\u011fustos Marmara Depremi\u2019nin 21&#8217;inci y\u0131l d\u00f6n\u00fcm\u00fc nedeniyle bir a\u00e7\u0131klama yapt\u0131. \u0130ZODER Y\u00f6netim Kurulu [&hellip;]<\/p>\n","protected":false},"author":1,"featured_media":118660,"comment_status":"open","ping_status":"open","sticky":false,"template":"","format":"standard","meta":[],"categories":[53,52],"tags":[65646,65657,65650,77647,77648,52259,25455,675,65651,44524,57137,43363,58885,77651,77650,43376,77652,52464,77649],"views":233,"_links":{"self":[{"href":"https:\/\/www.enerjigazetesi.ist\/en\/wp-json\/wp\/v2\/posts\/118655"}],"collection":[{"href":"https:\/\/www.enerjigazetesi.ist\/en\/wp-json\/wp\/v2\/posts"}],"about":[{"href":"https:\/\/www.enerjigazetesi.ist\/en\/wp-json\/wp\/v2\/types\/post"}],"author":[{"embeddable":true,"href":"https:\/\/www.enerjigazetesi.ist\/en\/wp-json\/wp\/v2\/users\/1"}],"replies":[{"embeddable":true,"href":"https:\/\/www.enerjigazetesi.ist\/en\/wp-json\/wp\/v2\/comments?post=118655"}],"version-history":[{"count":0,"href":"https:\/\/www.enerjigazetesi.ist\/en\/wp-json\/wp\/v2\/posts\/118655\/revisions"}],"wp:featuredmedia":[{"embeddable":true,"href":"https:\/\/www.enerjigazetesi.ist\/en\/wp-json\/wp\/v2\/media\/118660"}],"wp:attachment":[{"href":"https:\/\/www.enerjigazetesi.ist\/en\/wp-json\/wp\/v2\/media?parent=118655"}],"wp:term":[{"taxonomy":"category","embeddable":true,"href":"https:\/\/www.enerjigazetesi.ist\/en\/wp-json\/wp\/v2\/categories?post=118655"},{"taxonomy":"post_tag","embeddable":true,"href":"https:\/\/www.enerjigazetesi.ist\/en\/wp-json\/wp\/v2\/tags?post=118655"}],"curies":[{"name":"wp","href":"https:\/\/api.w.org\/{rel}","templated":true}]}}