{"id":118644,"date":"2020-08-14T16:11:56","date_gmt":"2020-08-14T13:11:56","guid":{"rendered":"https:\/\/www.enerjigazetesi.ist\/?p=118644"},"modified":"2020-08-14T16:11:56","modified_gmt":"2020-08-14T13:11:56","slug":"sosyal-mesafeli-sehirleri-genclerimiz-tasarlayacak","status":"publish","type":"post","link":"https:\/\/www.enerjigazetesi.ist\/en\/sosyal-mesafeli-sehirleri-genclerimiz-tasarlayacak\/","title":{"rendered":"(Turkish) Sosyal Mesafeli \u015eehirleri Gen\u00e7lerimiz Tasarlayacak!"},"content":{"rendered":"<p class=\"qtranxs-available-languages-message qtranxs-available-languages-message-en\">Sorry, this entry is only available in <a href=\"https:\/\/www.enerjigazetesi.ist\/tr\/wp-json\/wp\/v2\/posts\/118644\" class=\"qtranxs-available-language-link qtranxs-available-language-link-tr\" title=\"Turkish\">Turkish<\/a>. For the sake of viewer convenience, the content is shown below in the alternative language. You may click the link to switch the active language.<\/p><p><\/p>\n<h1><strong>A\u00e7\u0131khava ve End\u00fcstriyel Reklamc\u0131lar Derne\u011fi (ARED) taraf\u0131ndan bu y\u0131l 6&#8217;\u0131nc\u0131 kez ARED \u00d6d\u00fclleri\u2019ni d\u00fczenlemeye haz\u0131rlan\u0131yor. \u2018Gelecek Vadeden Tasar\u0131mc\u0131 \u00d6d\u00fcl\u00fc\u2019 kategorisinin temas\u0131 yeni normal d\u00f6neme g\u00f6re belirlendi. \u00d6\u011frenciler yar\u0131\u015fmaya, sosyal mesafe temal\u0131 \u015fehir mobilyalar\u0131, hijyen sa\u011flay\u0131c\u0131 \u00fcr\u00fcnler, AVM, otel, market-ma\u011faza i\u00e7i uygulamalar kategorilerinde tasar\u0131mlarla kat\u0131lacak.<\/strong><\/h1>\n<h1><strong><img loading=\"lazy\" class=\"alignright wp-image-118646\" src=\"https:\/\/www.enerjigazetesi.ist\/wp-content\/uploads\/2020\/08\/sosyal-mesafeli-sehirleri-genclerimiz-tasarlayacak-1.jpg\" alt=\"\" width=\"320\" height=\"197\" srcset=\"https:\/\/www.enerjigazetesi.ist\/wp-content\/uploads\/2020\/08\/sosyal-mesafeli-sehirleri-genclerimiz-tasarlayacak-1.jpg 793w, https:\/\/www.enerjigazetesi.ist\/wp-content\/uploads\/2020\/08\/sosyal-mesafeli-sehirleri-genclerimiz-tasarlayacak-1-300x185.jpg 300w, https:\/\/www.enerjigazetesi.ist\/wp-content\/uploads\/2020\/08\/sosyal-mesafeli-sehirleri-genclerimiz-tasarlayacak-1-768x473.jpg 768w, https:\/\/www.enerjigazetesi.ist\/wp-content\/uploads\/2020\/08\/sosyal-mesafeli-sehirleri-genclerimiz-tasarlayacak-1-500x308.jpg 500w, https:\/\/www.enerjigazetesi.ist\/wp-content\/uploads\/2020\/08\/sosyal-mesafeli-sehirleri-genclerimiz-tasarlayacak-1-80x50.jpg 80w\" sizes=\"(max-width: 320px) 100vw, 320px\" \/><\/strong><\/h1>\n<p><strong>A\u00e7\u0131khava ve End\u00fcstriyel Reklamc\u0131lar Derne\u011fi (ARED)<\/strong>, yarat\u0131c\u0131 \u00e7al\u0131\u015fmalar\u0131 desteklemek \u00fczere ARED \u00d6d\u00fclleri\u2019ni <strong>6&#8217;\u0131nc\u0131<\/strong> kez d\u00fczenlemeye haz\u0131rlan\u0131yor. T\u00fcrkiye\u2019de<strong> 9 milyar dolarl\u0131k<\/strong> b\u00fcy\u00fckl\u00fck ile <strong>125 bin ki\u015fiye istihdam<\/strong> sa\u011flayan sekt\u00f6r, <strong>yeni normal d\u00f6neminde sosyal mesafe temas\u0131<\/strong>yla \u015fehir mobilyalar\u0131n\u0131 gen\u00e7lerin tasarlamas\u0131n\u0131 sa\u011flayacak.<\/p>\n<p>\u0130lk kez <strong>2015 y\u0131l\u0131nda<\/strong> ger\u00e7ekle\u015fen ARED \u00d6d\u00fclleri, <strong>En \u0130yi End\u00fcstriyel Reklam \u00d6d\u00fcl\u00fc<\/strong> ve <strong>Gelecek Vadeden Tasar\u0131mc\u0131 \u00d6d\u00fcl\u00fc<\/strong> ile sekt\u00f6re y\u00f6nelik ilgiyi art\u0131rmay\u0131 hedefliyor. <strong>1 Haziran 2020<\/strong>&#8216;den itibariyle ba\u015fvurular\u0131 <strong>Aredodulleri.com<\/strong> adresinden almaya ba\u015flayan <strong>ARED<\/strong>, kazananlar\u0131 <strong>3-6 Aral\u0131k 2020<\/strong>\u2019de d\u00fczenlenecek sekt\u00f6r\u00fcn en b\u00fcy\u00fck fuar\u0131 <strong>FESPA Eurasia 2020<\/strong>\u2019de a\u00e7\u0131klayacak.<\/p>\n<h2><strong>\u015eehir mobilyalar\u0131 tasarlayacaklar<\/strong><\/h2>\n<p><strong>Gelecek Vadeden Tasar\u0131mc\u0131 \u00d6d\u00fcl\u00fc<\/strong> kategorisinde y\u0131l\u0131n temas\u0131 belirlendi. <strong>COVID-19<\/strong> sonras\u0131 yeni normal d\u00f6nemde <strong>gen\u00e7lerin, kamusal alanlarda<\/strong> olu\u015fabilecek yo\u011funlu\u011fa kar\u015f\u0131 <strong>toplumsal sa\u011fl\u0131\u011f\u0131 koruyucu<\/strong> ve <strong>te\u015fvik edici uygulamalar<\/strong> geli\u015ftirmesi sa\u011flanacak. Bu hedefle <strong>\u00f6\u011frenciler<\/strong> yar\u0131\u015fmaya, sosyal mesafe temal\u0131 <strong>\u015fehir mobilyalar\u0131<\/strong>, kapal\u0131 alan giri\u015flerindeki <strong>hijyen servis cihazlar\u0131<\/strong> veya <strong>\u00fcniteleri<\/strong>, \u00fczerinde reklam alan\u0131 bar\u0131nd\u0131ran <strong>AVM, otel, market-ma\u011faza i\u00e7i hijyen<\/strong> <strong>uyar\u0131 \u00fcr\u00fcnleri<\/strong> ve <strong>hijyen servis \u00fcniteleri<\/strong> uygulamalar\u0131 kategorilerindeki <strong>end\u00fcstriyel reklam \u00fcr\u00fcn\u00fc<\/strong> tasar\u0131mlar\u0131yla kat\u0131lacak.<\/p>\n<h2><strong>Gen\u00e7lerin ilgisi artt\u0131<\/strong><\/h2>\n<p>Gen\u00e7lerin <strong>end\u00fcstriyel reklam sekt\u00f6r\u00fc<\/strong>ne y\u00f6nelik ilgisinin artt\u0131\u011f\u0131n\u0131 belirten ARED Ba\u015fkan\u0131 <strong>Ahmet \u00d6zdemirel<\/strong>, \u201c<strong>Gelecek Vadeden Tasar\u0131mc\u0131 \u00d6d\u00fcl\u00fc<\/strong>\u2019yle \u00f6\u011frencilere f\u0131rsat yaratmay\u0131 hedefliyoruz. Gen\u00e7ler bu kez <strong>Covid-19 salg\u0131n\u0131<\/strong> i\u00e7in tedbir tasarlayacak. Sekt\u00f6re y\u00f6nelik deste\u011fimizi i\u00e7inde bulundu\u011fumuz <strong>bu zor d\u00f6nemde<\/strong> bile s\u00fcrd\u00fcrece\u011fiz\u201d dedi.<\/p>\n<p><strong>ARED \u00d6d\u00fclleri<\/strong> i\u00e7in <a href=\"https:\/\/www.aredodulleri.com\/\" target=\"_blank\" rel=\"nofollow noopener\">https:\/\/www.aredodulleri.com\/<\/a> \u00fczerinden yap\u0131lan <strong>online<\/strong> ba\u015fvurular<strong> 11 Ekim 2020\u2019de<\/strong> sona eriyor.<\/p>","protected":false},"excerpt":{"rendered":"<p>Sorry, this entry is only available in Turkish. For the sake of viewer convenience, the content is shown below in the alternative language. You may click the link to switch the active language. A\u00e7\u0131khava ve End\u00fcstriyel Reklamc\u0131lar Derne\u011fi (ARED) taraf\u0131ndan bu y\u0131l 6&#8217;\u0131nc\u0131 kez ARED \u00d6d\u00fclleri\u2019ni d\u00fczenlemeye haz\u0131rlan\u0131yor. \u2018Gelecek Vadeden Tasar\u0131mc\u0131 \u00d6d\u00fcl\u00fc\u2019 kategorisinin temas\u0131 yeni [&hellip;]<\/p>\n","protected":false},"author":1,"featured_media":118647,"comment_status":"open","ping_status":"open","sticky":false,"template":"","format":"standard","meta":[],"categories":[51,53],"tags":[77643,76059,77635,29007,71090,77641,77644,77642,52259,76061,77636,77639,77640,9197,77638,77637],"views":83,"_links":{"self":[{"href":"https:\/\/www.enerjigazetesi.ist\/en\/wp-json\/wp\/v2\/posts\/118644"}],"collection":[{"href":"https:\/\/www.enerjigazetesi.ist\/en\/wp-json\/wp\/v2\/posts"}],"about":[{"href":"https:\/\/www.enerjigazetesi.ist\/en\/wp-json\/wp\/v2\/types\/post"}],"author":[{"embeddable":true,"href":"https:\/\/www.enerjigazetesi.ist\/en\/wp-json\/wp\/v2\/users\/1"}],"replies":[{"embeddable":true,"href":"https:\/\/www.enerjigazetesi.ist\/en\/wp-json\/wp\/v2\/comments?post=118644"}],"version-history":[{"count":0,"href":"https:\/\/www.enerjigazetesi.ist\/en\/wp-json\/wp\/v2\/posts\/118644\/revisions"}],"wp:featuredmedia":[{"embeddable":true,"href":"https:\/\/www.enerjigazetesi.ist\/en\/wp-json\/wp\/v2\/media\/118647"}],"wp:attachment":[{"href":"https:\/\/www.enerjigazetesi.ist\/en\/wp-json\/wp\/v2\/media?parent=118644"}],"wp:term":[{"taxonomy":"category","embeddable":true,"href":"https:\/\/www.enerjigazetesi.ist\/en\/wp-json\/wp\/v2\/categories?post=118644"},{"taxonomy":"post_tag","embeddable":true,"href":"https:\/\/www.enerjigazetesi.ist\/en\/wp-json\/wp\/v2\/tags?post=118644"}],"curies":[{"name":"wp","href":"https:\/\/api.w.org\/{rel}","templated":true}]}}